{"id":676,"date":"2022-06-12T20:59:14","date_gmt":"2022-06-12T20:59:14","guid":{"rendered":"http:\/\/insideamateurfussball-ffm.de\/?p=676"},"modified":"2025-01-03T18:14:19","modified_gmt":"2025-01-03T17:14:19","slug":"beste-platzierung-der-bornheimer-vereinsgeschichte","status":"publish","type":"post","link":"https:\/\/insideamateurfussball-ffm.de\/?p=676","title":{"rendered":"Beste Platzierung der Bornheimer Vereinsgeschichte"},"content":{"rendered":"<h5>Eintracht Wald-Michelbach &#8211; SG Bornheim Gr\u00fcn-Weiss 1:4 (0:2)<\/h5>\n<p><img loading=\"lazy\" decoding=\"async\" class=\"alignnone size-full wp-image-140\" src=\"http:\/\/insideamateurfussball-ffm.de\/wp-content\/uploads\/2022\/05\/ETW.jpg\" alt=\"\" width=\"79\" height=\"80\" \/><img loading=\"lazy\" decoding=\"async\" class=\"alignnone size-full wp-image-119\" src=\"http:\/\/insideamateurfussball-ffm.de\/wp-content\/uploads\/2022\/05\/Bornheim.jpg\" alt=\"\" width=\"80\" height=\"80\" \/><\/p>\n<figure id=\"attachment_677\" aria-describedby=\"caption-attachment-677\" style=\"width: 300px\" class=\"wp-caption alignnone\"><img loading=\"lazy\" decoding=\"async\" class=\"wp-image-677 size-medium\" src=\"http:\/\/insideamateurfussball-ffm.de\/wp-content\/uploads\/2022\/06\/born-rw10-300x217.jpg\" alt=\"\" width=\"300\" height=\"217\" \/><figcaption id=\"caption-attachment-677\" class=\"wp-caption-text\">Platz zwei in der Verbandsliga S\u00fcd bedeutet die beste Platzierung in der Bornheimer Vereinsgeschichte. Foto: Mithat G\u00fcrser.<\/figcaption><\/figure>\n<p>Am letzten Spieltag der Fu\u00dfball-Verbandsliga S\u00fcd sicherte sich die SG Bornheim\/Gr\u00fcn-Wei\u00df durch das 4:1 bei Eintracht Wald-Michelbach den zweiten Platz in der Abschlusstabelle und damit die beste Platzierung der Vereinsgeschichte. Hatte Bornheims Trainer Sascha Volk im Vorfeld der letzten Partie die finale Platzierung als nicht so wichtig erachtet, konnte er sich am Sonntagabend nach den Ergebnissen der Konkurrenten doch noch \u00fcber den zweiten Platz freuen: &#8222;Nach dem souver\u00e4nen Sieg in Wald-Michelbach mit einer sehr reifen Leistung f\u00fchlt sich das \u00fcber die gesamte Saison hinweg durchaus als verdient an.&#8220;<\/p>\n<p>Eine gute Abschiedsvorstellung zeigte vor allem der langj\u00e4hrige Bornheimer Spieler Marius Troll, der f\u00fcr die 2:0-F\u00fchrung zur Halbzeit sorgte (27.\/45.).<\/p>\n<p>Er wechselt in die Gruppenliga Frankfurt West zum FC Karben. Routinier Tim Flie\u00df brach sich Mitte des ersten Abschnitts die Nase, stellte sich aber in den Dienst der Mannschaft und spielte bis zur Halbzeit verletzt weiter. Nach Wiederbeginn erh\u00f6hte der f\u00fcr Flie\u00df eingewechselte Lukas Knell per Foulelfmeter auf 3:0 (55.), ehe die Odenw\u00e4lder durch Marius M\u00f6ldner verk\u00fcrzten (79.).<\/p>\n<blockquote><p>&#8222;Jetzt beginnt die Vorbereitung auf das wichtige Kreispokal-Finale gegen Rot-Weiss Frankfurt&#8220; (Bornheims Trainer Sascha Volk)<\/p><\/blockquote>\n<p>Im Gegenzug sorgte U19-Spieler Billal Belmamoun mit einem sehenswerten Treffer f\u00fcr den Endstand. Dynamisch zog er nach innen und \u00fcberwand aus halblinker Position Torh\u00fcter Tyron Darffour mit einem Schuss in den Winkel (80.). &#8222;Jetzt beginnt die Vorbereitung auf das wichtige Kreispokal-Finale gegen Rot-Weiss Frankfurt am Sonntag&#8220;, betonte Volk.<\/p>\n","protected":false},"excerpt":{"rendered":"<p>Eintracht Wald-Michelbach &#8211; SG Bornheim Gr\u00fcn-Weiss 1:4 (0:2) Am letzten Spieltag der Fu\u00dfball-Verbandsliga S\u00fcd sicherte sich die SG Bornheim\/Gr\u00fcn-Wei\u00df durch das 4:1 bei Eintracht Wald-Michelbach den zweiten Platz in der Abschlusstabelle und damit die beste Platzierung der Vereinsgeschichte. Hatte Bornheims Trainer Sascha Volk im Vorfeld der letzten Partie die finale Platzierung als nicht so wichtig [&hellip;]<\/p>\n","protected":false},"author":1,"featured_media":0,"comment_status":"open","ping_status":"open","sticky":false,"template":"","format":"standard","meta":{"footnotes":""},"categories":[10],"tags":[],"class_list":["post-676","post","type-post","status-publish","format-standard","hentry","category-verbandsliga-sued"],"_links":{"self":[{"href":"https:\/\/insideamateurfussball-ffm.de\/index.php?rest_route=\/wp\/v2\/posts\/676","targetHints":{"allow":["GET"]}}],"collection":[{"href":"https:\/\/insideamateurfussball-ffm.de\/index.php?rest_route=\/wp\/v2\/posts"}],"about":[{"href":"https:\/\/insideamateurfussball-ffm.de\/index.php?rest_route=\/wp\/v2\/types\/post"}],"author":[{"embeddable":true,"href":"https:\/\/insideamateurfussball-ffm.de\/index.php?rest_route=\/wp\/v2\/users\/1"}],"replies":[{"embeddable":true,"href":"https:\/\/insideamateurfussball-ffm.de\/index.php?rest_route=%2Fwp%2Fv2%2Fcomments&post=676"}],"version-history":[{"count":1,"href":"https:\/\/insideamateurfussball-ffm.de\/index.php?rest_route=\/wp\/v2\/posts\/676\/revisions"}],"predecessor-version":[{"id":678,"href":"https:\/\/insideamateurfussball-ffm.de\/index.php?rest_route=\/wp\/v2\/posts\/676\/revisions\/678"}],"wp:attachment":[{"href":"https:\/\/insideamateurfussball-ffm.de\/index.php?rest_route=%2Fwp%2Fv2%2Fmedia&parent=676"}],"wp:term":[{"taxonomy":"category","embeddable":true,"href":"https:\/\/insideamateurfussball-ffm.de\/index.php?rest_route=%2Fwp%2Fv2%2Fcategories&post=676"},{"taxonomy":"post_tag","embeddable":true,"href":"https:\/\/insideamateurfussball-ffm.de\/index.php?rest_route=%2Fwp%2Fv2%2Ftags&post=676"}],"curies":[{"name":"wp","href":"https:\/\/api.w.org\/{rel}","templated":true}]}}