{"id":6697,"date":"2023-03-27T22:50:42","date_gmt":"2023-03-27T20:50:42","guid":{"rendered":"http:\/\/insideamateurfussball-ffm.de\/?p=6697"},"modified":"2025-01-25T14:24:04","modified_gmt":"2025-01-25T13:24:04","slug":"seckbach-gelingt-wichtiges-42-in-usingen","status":"publish","type":"post","link":"https:\/\/insideamateurfussball-ffm.de\/?p=6697","title":{"rendered":"Seckbach gelingt wichtiges 4:2 in Usingen"},"content":{"rendered":"<h5><span style=\"font-size: 16px;\">Die FG Seckbach scheint auf einem guten Weg zu sein, in der Gruppenliga Frankfurt West auch im elften Jahr der Klassenzugeh\u00f6rigkeit den Abstieg in die Kreisoberliga Frankfurt zu verhindern. Im Ausw\u00e4rtsspiel beim Tabellennachbarn Usinger TSG gelang dem Team von Trainer Manuel May ein wichtiger 4:2 (1:1)-Sieg.\u00a0<\/span><\/h5>\n<figure id=\"attachment_6698\" aria-describedby=\"caption-attachment-6698\" style=\"width: 249px\" class=\"wp-caption alignleft\"><img loading=\"lazy\" decoding=\"async\" class=\"wp-image-6698\" src=\"http:\/\/insideamateurfussball-ffm.de\/wp-content\/uploads\/2023\/03\/Fgss-240x300.jpg\" alt=\"\" width=\"249\" height=\"311\" srcset=\"https:\/\/insideamateurfussball-ffm.de\/wp-content\/uploads\/2023\/03\/Fgss-240x300.jpg 240w, https:\/\/insideamateurfussball-ffm.de\/wp-content\/uploads\/2023\/03\/Fgss-819x1024.jpg 819w, https:\/\/insideamateurfussball-ffm.de\/wp-content\/uploads\/2023\/03\/Fgss-768x960.jpg 768w, https:\/\/insideamateurfussball-ffm.de\/wp-content\/uploads\/2023\/03\/Fgss-1229x1536.jpg 1229w, https:\/\/insideamateurfussball-ffm.de\/wp-content\/uploads\/2023\/03\/Fgss.jpg 1440w\" sizes=\"auto, (max-width: 249px) 100vw, 249px\" \/><figcaption id=\"caption-attachment-6698\" class=\"wp-caption-text\">Die FG Seckbach hatte in Usingen erneut Grund zur Freude. Foto: Maikel Fuhrmann.\u00a0\u00a0<\/figcaption><\/figure>\n<h5><span style=\"font-size: 16px;\">Usinger TSG &#8211; FG Seckbach 2:4 (1:1)<\/span><\/h5>\n<p><img loading=\"lazy\" decoding=\"async\" class=\"alignnone size-full wp-image-597\" src=\"http:\/\/insideamateurfussball-ffm.de\/wp-content\/uploads\/2022\/06\/UTSG.jpg\" alt=\"\" width=\"72\" height=\"80\" \/><img loading=\"lazy\" decoding=\"async\" class=\"alignnone size-full wp-image-544\" src=\"http:\/\/insideamateurfussball-ffm.de\/wp-content\/uploads\/2022\/06\/Seckbach.jpg\" alt=\"\" width=\"80\" height=\"80\" \/><\/p>\n<p><span style=\"font-size: 16px;\"><span style=\"color: #333300;\">Seckbach konnte durch den Ausw\u00e4rtssieg an den Mucken\u00e4ckern den R\u00fcckstand auf die davor platzierten Usinger auf zwei Z\u00e4hler verk\u00fcrzen und hat noch ein Spiel weniger absolviert. Obwohl Usingen schnell durch Ali Osman in F\u00fchrung ging (17.), blieb Seckbach im Spiel und glich Selunden vor der Pause durch Wataru Murata aus (45.).<\/span><\/span><\/p>\n<h5><span style=\"font-size: 16px;\">Matchwinner Denck\u00a0<\/span><\/h5>\n<p><span style=\"font-size: 16px;\"><span style=\"color: #333300;\">Kurz nachdem Usingen durch Fabio Pinto da Silva das 2:1 erzielt hatte (58.), flog UTSG-Akteur Ivan Vidovic wegen wiederholten Foulspiels vom Platz (59.). Die G\u00e4ste nutzten die \u00dcberzahl aus und glichen durch Maximilian Waas aus (65.). In der Schlussphase avancierte Armin Denck zum Seckbacher Matchwinner. Seine beiden Tore bescherten dem Team von Spielertrainer Manuel May neue Hoffnung im Abstiegskampf (81.\/90.).<\/span><\/span><\/p>\n<h5><span style=\"font-size: 16px;\">Schiedsrichter: Nils Dyck (Wetzlar). Tore: 1:0 Ali Osman (17.), 1:1 Wataru Murata (45.), 2:1 Fabio Pinto da Silva (56.), 2:2 Maximilian Waas (64.), 2:3, 2:4 Armin Denck (79.\/90.).<\/span><\/h5>\n","protected":false},"excerpt":{"rendered":"<p>Die FG Seckbach scheint auf einem guten Weg zu sein, in der Gruppenliga Frankfurt West auch im elften Jahr der Klassenzugeh\u00f6rigkeit den Abstieg in die Kreisoberliga Frankfurt zu verhindern. Im Ausw\u00e4rtsspiel beim Tabellennachbarn Usinger TSG gelang dem Team von Trainer Manuel May ein wichtiger 4:2 (1:1)-Sieg.\u00a0 Usinger TSG &#8211; FG Seckbach 2:4 (1:1) Seckbach konnte [&hellip;]<\/p>\n","protected":false},"author":1,"featured_media":6698,"comment_status":"open","ping_status":"open","sticky":false,"template":"","format":"standard","meta":{"footnotes":""},"categories":[13],"tags":[],"class_list":["post-6697","post","type-post","status-publish","format-standard","has-post-thumbnail","hentry","category-gruppenliga-frankfurt-west"],"_links":{"self":[{"href":"https:\/\/insideamateurfussball-ffm.de\/index.php?rest_route=\/wp\/v2\/posts\/6697","targetHints":{"allow":["GET"]}}],"collection":[{"href":"https:\/\/insideamateurfussball-ffm.de\/index.php?rest_route=\/wp\/v2\/posts"}],"about":[{"href":"https:\/\/insideamateurfussball-ffm.de\/index.php?rest_route=\/wp\/v2\/types\/post"}],"author":[{"embeddable":true,"href":"https:\/\/insideamateurfussball-ffm.de\/index.php?rest_route=\/wp\/v2\/users\/1"}],"replies":[{"embeddable":true,"href":"https:\/\/insideamateurfussball-ffm.de\/index.php?rest_route=%2Fwp%2Fv2%2Fcomments&post=6697"}],"version-history":[{"count":1,"href":"https:\/\/insideamateurfussball-ffm.de\/index.php?rest_route=\/wp\/v2\/posts\/6697\/revisions"}],"predecessor-version":[{"id":6699,"href":"https:\/\/insideamateurfussball-ffm.de\/index.php?rest_route=\/wp\/v2\/posts\/6697\/revisions\/6699"}],"wp:featuredmedia":[{"embeddable":true,"href":"https:\/\/insideamateurfussball-ffm.de\/index.php?rest_route=\/wp\/v2\/media\/6698"}],"wp:attachment":[{"href":"https:\/\/insideamateurfussball-ffm.de\/index.php?rest_route=%2Fwp%2Fv2%2Fmedia&parent=6697"}],"wp:term":[{"taxonomy":"category","embeddable":true,"href":"https:\/\/insideamateurfussball-ffm.de\/index.php?rest_route=%2Fwp%2Fv2%2Fcategories&post=6697"},{"taxonomy":"post_tag","embeddable":true,"href":"https:\/\/insideamateurfussball-ffm.de\/index.php?rest_route=%2Fwp%2Fv2%2Ftags&post=6697"}],"curies":[{"name":"wp","href":"https:\/\/api.w.org\/{rel}","templated":true}]}}