{"id":6694,"date":"2023-03-27T22:34:02","date_gmt":"2023-03-27T20:34:02","guid":{"rendered":"http:\/\/insideamateurfussball-ffm.de\/?p=6694"},"modified":"2025-01-25T14:24:10","modified_gmt":"2025-01-25T13:24:10","slug":"fc-karben-stoppt-fechenheimer-serie","status":"publish","type":"post","link":"https:\/\/insideamateurfussball-ffm.de\/?p=6694","title":{"rendered":"FC Karben stoppt Fechenheimer Serie"},"content":{"rendered":"<h5><span style=\"font-size: 16px;\">Der FC Karben hat am Sonntag die imposante Siegesserie der Spvgg. 03 Fechenheim gestoppt. Die Wetterauer gewannen das Spiel mit 3:1 (2:1) und setzten ihrerseits nach dem f\u00fcnften Erfolg hintereinander zum H\u00f6henflug an. Nicht einverstanden waren die Fechenheimer mit der unfreundlichen Atmosph\u00e4re von Seiten der Hausherren.\u00a0<\/span><\/h5>\n<figure id=\"attachment_6695\" aria-describedby=\"caption-attachment-6695\" style=\"width: 312px\" class=\"wp-caption alignleft\"><img loading=\"lazy\" decoding=\"async\" class=\"wp-image-6695\" src=\"http:\/\/insideamateurfussball-ffm.de\/wp-content\/uploads\/2023\/03\/pra17-2-300x215.jpg\" alt=\"\" width=\"312\" height=\"224\" srcset=\"https:\/\/insideamateurfussball-ffm.de\/wp-content\/uploads\/2023\/03\/pra17-2-300x215.jpg 300w, https:\/\/insideamateurfussball-ffm.de\/wp-content\/uploads\/2023\/03\/pra17-2.jpg 729w\" sizes=\"auto, (max-width: 312px) 100vw, 312px\" \/><figcaption id=\"caption-attachment-6695\" class=\"wp-caption-text\">Der eingewechselte Kaleab Eyassu konnte die Fechenheimer Niederlage in Karben nicht verhindern. Foto: Mithat G\u00fcrser.\u00a0\u00a0<\/figcaption><\/figure>\n<h5><span style=\"font-size: 16px;\">FC Karben &#8211; Spvgg. 03 Fechenheim 3:1 (2:1)<\/span><\/h5>\n<p><img loading=\"lazy\" decoding=\"async\" class=\"alignnone size-full wp-image-2525\" src=\"http:\/\/insideamateurfussball-ffm.de\/wp-content\/uploads\/2022\/09\/karben.jpg\" alt=\"\" width=\"65\" height=\"80\" \/><img loading=\"lazy\" decoding=\"async\" class=\"alignnone size-full wp-image-603\" src=\"http:\/\/insideamateurfussball-ffm.de\/wp-content\/uploads\/2022\/06\/Fech03.jpg\" alt=\"\" width=\"52\" height=\"80\" \/><\/p>\n<p><span style=\"font-size: 16px;\"><span style=\"color: #333300;\">Zu Beginn sah es vor 150 Zuschauern am G\u00fcnter-Reutzel-Sportfeld noch danach aus, als ob die Fechenheimer ihre Serie ausbauen k\u00f6nnten. Nach einem Freisto\u00df von Ouassim Ouass hatte Thomas Schmidt-Isermann die Vorlage zum F\u00fchrungstor der G\u00e4ste durch Kevin Klein geliefert (11.). <\/span><\/span><\/p>\n<p><span style=\"font-size: 16px;\"><span style=\"color: #333300;\">Doch stattdessen setzten die Wetterauer ihren H\u00f6henflug fort. Fechenheims Nadim Ahmed verursachte einen Foulelfmeter an Florian Kurtz, den Tom Meyer zum Ausgleich verwandelte (17.).<\/span><\/span><\/p>\n<blockquote>\n<h5><span style=\"font-size: 16px;\">&#8222;Diese Niederlage ist verdient&#8220; (Fechenheims Vereinschef Reinhold Schmidt)<\/span><\/h5>\n<\/blockquote>\n<p><span style=\"font-size: 16px;\"><span style=\"color: #333300;\">Meyer brachte Karben dann nach einer guten Kombination nach vorne (29.). Nach dem Seitenwechsel standen die Gastgeber tief in ihrer eigenen H\u00e4lfte. Fechenheim konnte aber aus der spielerischen \u00dcberlegenheit kein Kapital schlagen. Vielmehr sorgte ein Eigentor von Ahmed nach einer Eckballvariante des FC Karben f\u00fcr den Endstand (84.). Fechenheims Vereinschef Reinhold Schmidt musste anerkennen: &#8222;Diese Niederlage ist verdient. Karben war k\u00f6rperlich stark pr\u00e4sent. Wir waren auf dem Weg nach vorne nicht so zielstrebig.&#8220; <\/span><\/span><\/p>\n<p><span style=\"font-size: 16px;\"><span style=\"color: #333300;\">Nicht gefallen hatte dem Fechenheimer Pr\u00e4sidenten &#8222;das nicht gastfreundliche Ambiente. Unsere ausl\u00e4ndischen Spieler sind von Teilen des heimischen Publikums beleidigt worden. Die Verantwortlichen des Heimvereins haben uns keinen Kabinenschl\u00fcssel ausgeh\u00e4ndigt, um den Umkleideraum abzuschlie\u00dfen.&#8220;<\/span><\/span><\/p>\n<h5><span style=\"font-size: 16px;\">Schiedsrichter: Joshua Ihring (TSV Altheim). Zuschauer: 150. <\/span><\/h5>\n<h5><span style=\"font-size: 16px;\">Tore: 0:1 Kevin Klein (11.), 1:1, 2:1 Tom Meyer (17.\/Foulelfmeter, 29.), 3:1 Nadim Ahmed (84.\/Eigentor).\u00a0<\/span><\/h5>\n","protected":false},"excerpt":{"rendered":"<p>Der FC Karben hat am Sonntag die imposante Siegesserie der Spvgg. 03 Fechenheim gestoppt. Die Wetterauer gewannen das Spiel mit 3:1 (2:1) und setzten ihrerseits nach dem f\u00fcnften Erfolg hintereinander zum H\u00f6henflug an. Nicht einverstanden waren die Fechenheimer mit der unfreundlichen Atmosph\u00e4re von Seiten der Hausherren.\u00a0 FC Karben &#8211; Spvgg. 03 Fechenheim 3:1 (2:1) Zu [&hellip;]<\/p>\n","protected":false},"author":1,"featured_media":6695,"comment_status":"open","ping_status":"open","sticky":false,"template":"","format":"standard","meta":{"footnotes":""},"categories":[13],"tags":[],"class_list":["post-6694","post","type-post","status-publish","format-standard","has-post-thumbnail","hentry","category-gruppenliga-frankfurt-west"],"_links":{"self":[{"href":"https:\/\/insideamateurfussball-ffm.de\/index.php?rest_route=\/wp\/v2\/posts\/6694","targetHints":{"allow":["GET"]}}],"collection":[{"href":"https:\/\/insideamateurfussball-ffm.de\/index.php?rest_route=\/wp\/v2\/posts"}],"about":[{"href":"https:\/\/insideamateurfussball-ffm.de\/index.php?rest_route=\/wp\/v2\/types\/post"}],"author":[{"embeddable":true,"href":"https:\/\/insideamateurfussball-ffm.de\/index.php?rest_route=\/wp\/v2\/users\/1"}],"replies":[{"embeddable":true,"href":"https:\/\/insideamateurfussball-ffm.de\/index.php?rest_route=%2Fwp%2Fv2%2Fcomments&post=6694"}],"version-history":[{"count":1,"href":"https:\/\/insideamateurfussball-ffm.de\/index.php?rest_route=\/wp\/v2\/posts\/6694\/revisions"}],"predecessor-version":[{"id":6696,"href":"https:\/\/insideamateurfussball-ffm.de\/index.php?rest_route=\/wp\/v2\/posts\/6694\/revisions\/6696"}],"wp:featuredmedia":[{"embeddable":true,"href":"https:\/\/insideamateurfussball-ffm.de\/index.php?rest_route=\/wp\/v2\/media\/6695"}],"wp:attachment":[{"href":"https:\/\/insideamateurfussball-ffm.de\/index.php?rest_route=%2Fwp%2Fv2%2Fmedia&parent=6694"}],"wp:term":[{"taxonomy":"category","embeddable":true,"href":"https:\/\/insideamateurfussball-ffm.de\/index.php?rest_route=%2Fwp%2Fv2%2Fcategories&post=6694"},{"taxonomy":"post_tag","embeddable":true,"href":"https:\/\/insideamateurfussball-ffm.de\/index.php?rest_route=%2Fwp%2Fv2%2Ftags&post=6694"}],"curies":[{"name":"wp","href":"https:\/\/api.w.org\/{rel}","templated":true}]}}