{"id":6644,"date":"2023-03-27T21:05:36","date_gmt":"2023-03-27T19:05:36","guid":{"rendered":"http:\/\/insideamateurfussball-ffm.de\/?p=6644"},"modified":"2025-01-25T14:24:35","modified_gmt":"2025-01-25T13:24:35","slug":"speuzer-holen-punkt-in-darmstadt","status":"publish","type":"post","link":"https:\/\/insideamateurfussball-ffm.de\/?p=6644","title":{"rendered":"Speuzer holen Punkt in Darmstadt"},"content":{"rendered":"<h5><span style=\"font-size: 16px;\">Der FFV Sportfreunde 04 spielt weiter eine tolle Runde in der Verbandsliga S\u00fcd. Beim Aufstiegsaspiranten Rot-Wei\u00df Darmstadt nahmen die &#8222;Speuzer&#8220; durch das 1:1 (1:1) einen wertvollen Punkt von der Winkelschneise mit. Dadurch bleiben die Blau-Wei\u00dfen im Klassement auf Rang sieben, weisen aber auf den m\u00f6glichen Relegationsplatz 14 nur sechs Z\u00e4hler Vorsprung auf.\u00a0<\/span><\/h5>\n<figure id=\"attachment_6645\" aria-describedby=\"caption-attachment-6645\" style=\"width: 312px\" class=\"wp-caption alignleft\"><img loading=\"lazy\" decoding=\"async\" class=\"wp-image-6645\" src=\"http:\/\/insideamateurfussball-ffm.de\/wp-content\/uploads\/2023\/03\/pok13-3-300x217.jpg\" alt=\"\" width=\"312\" height=\"226\" srcset=\"https:\/\/insideamateurfussball-ffm.de\/wp-content\/uploads\/2023\/03\/pok13-3-300x217.jpg 300w, https:\/\/insideamateurfussball-ffm.de\/wp-content\/uploads\/2023\/03\/pok13-3-768x556.jpg 768w, https:\/\/insideamateurfussball-ffm.de\/wp-content\/uploads\/2023\/03\/pok13-3.jpg 956w\" sizes=\"auto, (max-width: 312px) 100vw, 312px\" \/><figcaption id=\"caption-attachment-6645\" class=\"wp-caption-text\">Die Sportfreunde Danyal Tekin und Oguz Cosgunger beobachten im Pokal den am Boden liegenden Mitspieler Batuhan \u00d6zy\u00fcrek. Foto: Mithat G\u00fcrser.\u00a0\u00a0<\/figcaption><\/figure>\n<h5><span style=\"font-size: 16px;\">SKV Rot-Wei\u00df Darmstadt &#8211; FFV Sportfreunde 1:1 (1:1)\u00a0<\/span><\/h5>\n<p><img loading=\"lazy\" decoding=\"async\" class=\"alignnone size-full wp-image-328\" src=\"http:\/\/insideamateurfussball-ffm.de\/wp-content\/uploads\/2022\/05\/RWDA.png\" alt=\"\" width=\"76\" height=\"80\" \/><img loading=\"lazy\" decoding=\"async\" class=\"alignnone size-full wp-image-141\" src=\"http:\/\/insideamateurfussball-ffm.de\/wp-content\/uploads\/2022\/05\/Speuzer.jpg\" alt=\"\" width=\"80\" height=\"80\" \/><\/p>\n<p><span style=\"font-size: 16px;\"><span style=\"color: #333300;\">Die Darmst\u00e4dter agierten nicht so schwungvoll wie vor Wochenfrist, als der SC Dortelweil mit 8:1 vom Platz gefegt wurde. Zwar gingen die Hausherren auch diesmal schnell durch Abdulrahman Sancak in F\u00fchrung (11.). In der Folge kamen die G\u00e4ste aus dem Frankfurter Gallus zu M\u00f6glichkeiten durch Torj\u00e4ger Giuseppe Signorelli, Oliver Kovacic und Danyal Tekin, die vom starken Darmst\u00e4dter Schlussmann Marc Rademacher vereitelt wurden. <\/span><\/span><\/p>\n<p><span style=\"font-size: 16px;\"><span style=\"color: #333300;\">Auf der Gegenseite hatten die Gastgeber mit einem Pfostenschuss durch Paul Schmieder Abschlusspech.<\/span><\/span><\/p>\n<blockquote>\n<h5><span style=\"font-size: 16px;\">&#8222;Wir haben ein gutes Spiel gezeigt gegen einen Gegner auf hohem Niveau&#8220; (FFV-Trainer Artug \u00d6zbakir)<\/span><\/h5>\n<\/blockquote>\n<p><span style=\"font-size: 16px;\"><span style=\"color: #333300;\">Signorelli erzielte kurz vor der Pause doch noch den Ausgleich der &#8222;Speuzer&#8220; (43.), die im zweiten Abschnitt weiter Druck machten. Signorelli und Kovacic forderten Rademacher im Darmst\u00e4dter Tor weiter, ein zweites Tor gelang den Sportfreunden aber nicht. <\/span><\/span><\/p>\n<p><span style=\"font-size: 16px;\"><span style=\"color: #333300;\">Jonathan Sander vertrat den aus dem Pokalspiel in Oberrad rotgesperrten Kapit\u00e4n Aziz Bidou in der Innenverteidigung ordentlich, obwohl der 19-j\u00e4hrige die letzten Wochen krankheitsbedingt nicht am Training teilnehmen konnte. &#8222;Der Punkt f\u00fcr Darmstadt ist gl\u00fccklich. Wir haben ein gutes Spiel gezeigt gegen einen Gegner auf hohem Niveau&#8220;, sagte FFV-Trainer Artug \u00d6zbakir.<\/span><\/span><\/p>\n<h5><span style=\"font-size: 16px;\">Schiedsrichter: Fabio Kutterer (Hohenwettersbach). Zuschauer: 150. <\/span><\/h5>\n<h5><span style=\"font-size: 16px;\">Tore: 1:0 Abdulrahman Sancak (11.), 1:1 Giuseppe Signorelli (43.).\u00a0\u00a0<\/span><\/h5>\n","protected":false},"excerpt":{"rendered":"<p>Der FFV Sportfreunde 04 spielt weiter eine tolle Runde in der Verbandsliga S\u00fcd. Beim Aufstiegsaspiranten Rot-Wei\u00df Darmstadt nahmen die &#8222;Speuzer&#8220; durch das 1:1 (1:1) einen wertvollen Punkt von der Winkelschneise mit. Dadurch bleiben die Blau-Wei\u00dfen im Klassement auf Rang sieben, weisen aber auf den m\u00f6glichen Relegationsplatz 14 nur sechs Z\u00e4hler Vorsprung auf.\u00a0 SKV Rot-Wei\u00df Darmstadt [&hellip;]<\/p>\n","protected":false},"author":1,"featured_media":6645,"comment_status":"open","ping_status":"open","sticky":false,"template":"","format":"standard","meta":{"footnotes":""},"categories":[10],"tags":[],"class_list":["post-6644","post","type-post","status-publish","format-standard","has-post-thumbnail","hentry","category-verbandsliga-sued"],"_links":{"self":[{"href":"https:\/\/insideamateurfussball-ffm.de\/index.php?rest_route=\/wp\/v2\/posts\/6644","targetHints":{"allow":["GET"]}}],"collection":[{"href":"https:\/\/insideamateurfussball-ffm.de\/index.php?rest_route=\/wp\/v2\/posts"}],"about":[{"href":"https:\/\/insideamateurfussball-ffm.de\/index.php?rest_route=\/wp\/v2\/types\/post"}],"author":[{"embeddable":true,"href":"https:\/\/insideamateurfussball-ffm.de\/index.php?rest_route=\/wp\/v2\/users\/1"}],"replies":[{"embeddable":true,"href":"https:\/\/insideamateurfussball-ffm.de\/index.php?rest_route=%2Fwp%2Fv2%2Fcomments&post=6644"}],"version-history":[{"count":2,"href":"https:\/\/insideamateurfussball-ffm.de\/index.php?rest_route=\/wp\/v2\/posts\/6644\/revisions"}],"predecessor-version":[{"id":6647,"href":"https:\/\/insideamateurfussball-ffm.de\/index.php?rest_route=\/wp\/v2\/posts\/6644\/revisions\/6647"}],"wp:featuredmedia":[{"embeddable":true,"href":"https:\/\/insideamateurfussball-ffm.de\/index.php?rest_route=\/wp\/v2\/media\/6645"}],"wp:attachment":[{"href":"https:\/\/insideamateurfussball-ffm.de\/index.php?rest_route=%2Fwp%2Fv2%2Fmedia&parent=6644"}],"wp:term":[{"taxonomy":"category","embeddable":true,"href":"https:\/\/insideamateurfussball-ffm.de\/index.php?rest_route=%2Fwp%2Fv2%2Fcategories&post=6644"},{"taxonomy":"post_tag","embeddable":true,"href":"https:\/\/insideamateurfussball-ffm.de\/index.php?rest_route=%2Fwp%2Fv2%2Ftags&post=6644"}],"curies":[{"name":"wp","href":"https:\/\/api.w.org\/{rel}","templated":true}]}}