{"id":6640,"date":"2023-03-27T20:43:58","date_gmt":"2023-03-27T18:43:58","guid":{"rendered":"http:\/\/insideamateurfussball-ffm.de\/?p=6640"},"modified":"2025-01-25T14:24:42","modified_gmt":"2025-01-25T13:24:42","slug":"zeilsheim-laesst-liganeuling-keine-chance","status":"publish","type":"post","link":"https:\/\/insideamateurfussball-ffm.de\/?p=6640","title":{"rendered":"Zeilsheim l\u00e4sst Liganeuling keine Chance"},"content":{"rendered":"<h5><span style=\"font-size: 16px;\">Der SV Zeilsheim besiegte in der Verbandsliga Mitte den Liganeuling SSC Juno Burg mit 4:1 (1:1) und belegt in der Tabelle den f\u00fcnften Platz. Der R\u00fcckstand auf den Aufstiegsrelegationsplatz betr\u00e4gt jetzt sechs Punkte, aber der Rangzweite FC Ederbergland hat zwei Partien weniger absolviert.\u00a0<\/span><\/h5>\n<figure id=\"attachment_6641\" aria-describedby=\"caption-attachment-6641\" style=\"width: 311px\" class=\"wp-caption alignleft\"><img loading=\"lazy\" decoding=\"async\" class=\"wp-image-6641\" src=\"http:\/\/insideamateurfussball-ffm.de\/wp-content\/uploads\/2023\/03\/27-Die-SV-Abwehr-hatte-zunaechst-alle-Haende-voll-zu-tun.-300x255.jpg\" alt=\"\" width=\"311\" height=\"265\" srcset=\"https:\/\/insideamateurfussball-ffm.de\/wp-content\/uploads\/2023\/03\/27-Die-SV-Abwehr-hatte-zunaechst-alle-Haende-voll-zu-tun.-300x255.jpg 300w, https:\/\/insideamateurfussball-ffm.de\/wp-content\/uploads\/2023\/03\/27-Die-SV-Abwehr-hatte-zunaechst-alle-Haende-voll-zu-tun.-768x654.jpg 768w, https:\/\/insideamateurfussball-ffm.de\/wp-content\/uploads\/2023\/03\/27-Die-SV-Abwehr-hatte-zunaechst-alle-Haende-voll-zu-tun..jpg 813w\" sizes=\"auto, (max-width: 311px) 100vw, 311px\" \/><figcaption id=\"caption-attachment-6641\" class=\"wp-caption-text\">Der SV Zeilsheim in gr\u00fcn, hier beim Ausw\u00e4rtsspiel bei den Sportfreunden\/Blau-Gelb Marburg, belegt aktuell Platz f\u00fcnf in der VL Mitte. Foto: Peter Strauch.\u00a0<\/figcaption><\/figure>\n<h5><span style=\"font-size: 16px;\">SV Zeilsheim &#8211; SSC Juno Burg 4:1 (1:1)<\/span><\/h5>\n<p><img loading=\"lazy\" decoding=\"async\" class=\"alignnone size-full wp-image-1153\" src=\"http:\/\/insideamateurfussball-ffm.de\/wp-content\/uploads\/2022\/07\/SVZe.jpg\" alt=\"\" width=\"68\" height=\"80\" \/><img loading=\"lazy\" decoding=\"async\" class=\"alignnone size-full wp-image-2494\" src=\"http:\/\/insideamateurfussball-ffm.de\/wp-content\/uploads\/2022\/09\/Juno.jpg\" alt=\"\" width=\"80\" height=\"66\" \/><\/p>\n<p><span style=\"color: #333300;\"><span style=\"font-size: 16px;\">Zuhause l\u00e4sst der SV nichts anbrennen. Nach anf\u00e4nglichen Problemen <\/span><span style=\"font-size: 16px;\">siegten die Zeilsheimer am Ende deutlich. Ohne den kurzfristig erkrankten Kapit\u00e4n Nicklas Pitas <\/span><span style=\"font-size: 16px;\">musste der SVZ gegen den Liganeuling SSC Juno Burg antreten. <\/span><\/span><\/p>\n<p><span style=\"color: #333300;\"><span style=\"font-size: 16px;\">In der Anfangsphase gab es <\/span><span style=\"font-size: 16px;\">Torchancen auf beiden Seiten. F\u00fcr die G\u00e4ste scheiterte der schnelle Lukas M\u00fcller an Josip Galic (22.) <\/span><span style=\"font-size: 16px;\">und auf der Gegenseiten h\u00e4tten Samed G\u00fcrsoy (25.) und Niklas Dillitz (27.) die F\u00fchrung f\u00fcr den SV <\/span><span style=\"font-size: 16px;\">erzielen k\u00f6nnen.<\/span><\/span><\/p>\n<h5><span style=\"font-size: 16px;\">G\u00fcrsoy schon 22 Saisontreffer<\/span><\/h5>\n<p><span style=\"color: #333300;\"><span style=\"font-size: 16px;\">Die defensiv eingestellten G\u00e4ste aus dem Herborner Stadtteil Burg nutzen die <\/span><span style=\"font-size: 16px;\">n\u00e4chste M\u00f6glichkeit zur F\u00fchrung. Jan Petruschke brachte den SSC nach einem Konter in F\u00fchrung <\/span><span style=\"font-size: 16px;\">(36.). Noch vor der Pause glich Andre \u0301Schneider, nach einer Ecke aus halblinker Position aus zw\u00f6lf Metern\u00a0<\/span><span style=\"font-size: 16px;\">aus (44.). Nach dem Seitenwechsel spielte dann nur noch eine Mannschaft und zwar die der Gr\u00fcn-<\/span><span style=\"font-size: 16px;\">Wei\u00dfen. <\/span><\/span><\/p>\n<p><span style=\"color: #333300;\"><span style=\"font-size: 16px;\">Die F\u00fchrung besorgte St\u00fcrmer Samed G\u00fcrsoy (52.) mit einem Abstauber, nach Flanke von <\/span><span style=\"font-size: 16px;\">Schneider. Dann erh\u00f6hte der eingewechselte Leo Bianco (63.) nach prima Vorarbeit von G\u00fcrsoy. F\u00fcr <\/span><span style=\"font-size: 16px;\">den Endstand sorgte G\u00fcrsoy (76.) mit seinem 22. Saisontor. Nun wollen die \u201eGr\u00fcnen\u201c schon am <\/span><span style=\"font-size: 16px;\">Freitagabend in Kinzenbach (20 Uhr) nachlegen.<\/span><\/span><\/p>\n<h5><span style=\"font-size: 16px;\">Bericht: Peter Strauch.\u00a0<\/span><\/h5>\n<h5><span style=\"font-size: 16px;\">Schiedsrichter: Malte Sattler (Stadtallendorf). Tore: 0:1 Jan Petruschke (33.), 1:1 Andre Schneider (44.), 2:1 Abdussamed G\u00fcrsoy (52.), 3:1 Leonardo Bianco (66.), 4:1 Abdussamed G\u00fcrsoy (76.).<\/span><\/h5>\n","protected":false},"excerpt":{"rendered":"<p>Der SV Zeilsheim besiegte in der Verbandsliga Mitte den Liganeuling SSC Juno Burg mit 4:1 (1:1) und belegt in der Tabelle den f\u00fcnften Platz. Der R\u00fcckstand auf den Aufstiegsrelegationsplatz betr\u00e4gt jetzt sechs Punkte, aber der Rangzweite FC Ederbergland hat zwei Partien weniger absolviert.\u00a0 SV Zeilsheim &#8211; SSC Juno Burg 4:1 (1:1) Zuhause l\u00e4sst der SV [&hellip;]<\/p>\n","protected":false},"author":1,"featured_media":6641,"comment_status":"open","ping_status":"open","sticky":false,"template":"","format":"standard","meta":{"footnotes":""},"categories":[32],"tags":[],"class_list":["post-6640","post","type-post","status-publish","format-standard","has-post-thumbnail","hentry","category-verbandsliga-mitte"],"_links":{"self":[{"href":"https:\/\/insideamateurfussball-ffm.de\/index.php?rest_route=\/wp\/v2\/posts\/6640","targetHints":{"allow":["GET"]}}],"collection":[{"href":"https:\/\/insideamateurfussball-ffm.de\/index.php?rest_route=\/wp\/v2\/posts"}],"about":[{"href":"https:\/\/insideamateurfussball-ffm.de\/index.php?rest_route=\/wp\/v2\/types\/post"}],"author":[{"embeddable":true,"href":"https:\/\/insideamateurfussball-ffm.de\/index.php?rest_route=\/wp\/v2\/users\/1"}],"replies":[{"embeddable":true,"href":"https:\/\/insideamateurfussball-ffm.de\/index.php?rest_route=%2Fwp%2Fv2%2Fcomments&post=6640"}],"version-history":[{"count":2,"href":"https:\/\/insideamateurfussball-ffm.de\/index.php?rest_route=\/wp\/v2\/posts\/6640\/revisions"}],"predecessor-version":[{"id":6643,"href":"https:\/\/insideamateurfussball-ffm.de\/index.php?rest_route=\/wp\/v2\/posts\/6640\/revisions\/6643"}],"wp:featuredmedia":[{"embeddable":true,"href":"https:\/\/insideamateurfussball-ffm.de\/index.php?rest_route=\/wp\/v2\/media\/6641"}],"wp:attachment":[{"href":"https:\/\/insideamateurfussball-ffm.de\/index.php?rest_route=%2Fwp%2Fv2%2Fmedia&parent=6640"}],"wp:term":[{"taxonomy":"category","embeddable":true,"href":"https:\/\/insideamateurfussball-ffm.de\/index.php?rest_route=%2Fwp%2Fv2%2Fcategories&post=6640"},{"taxonomy":"post_tag","embeddable":true,"href":"https:\/\/insideamateurfussball-ffm.de\/index.php?rest_route=%2Fwp%2Fv2%2Ftags&post=6640"}],"curies":[{"name":"wp","href":"https:\/\/api.w.org\/{rel}","templated":true}]}}