{"id":663,"date":"2022-06-10T21:05:05","date_gmt":"2022-06-10T21:05:05","guid":{"rendered":"http:\/\/insideamateurfussball-ffm.de\/?p=663"},"modified":"2025-01-03T18:14:37","modified_gmt":"2025-01-03T17:14:37","slug":"gluecklicher-rot-weiss-punkt-zum-abschluss","status":"publish","type":"post","link":"https:\/\/insideamateurfussball-ffm.de\/?p=663","title":{"rendered":"Gl\u00fccklicher Rot-Weiss-Punkt zum Abschluss"},"content":{"rendered":"<h5>Rot-Weiss Frankfurt &#8211; TS Ober-Roden 3:3 (1:2)<\/h5>\n<p><img loading=\"lazy\" decoding=\"async\" class=\"alignnone size-full wp-image-120\" src=\"http:\/\/insideamateurfussball-ffm.de\/wp-content\/uploads\/2022\/05\/rot-weiss.png\" alt=\"\" width=\"80\" height=\"70\" \/><img loading=\"lazy\" decoding=\"async\" class=\"alignnone size-full wp-image-256\" src=\"http:\/\/insideamateurfussball-ffm.de\/wp-content\/uploads\/2022\/05\/TS-Ober-Roden.jpg\" alt=\"\" width=\"69\" height=\"80\" \/><\/p>\n<figure id=\"attachment_664\" aria-describedby=\"caption-attachment-664\" style=\"width: 300px\" class=\"wp-caption alignnone\"><img loading=\"lazy\" decoding=\"async\" class=\"wp-image-664 size-medium\" src=\"http:\/\/insideamateurfussball-ffm.de\/wp-content\/uploads\/2022\/06\/rw-tsoberr3-300x218.jpg\" alt=\"\" width=\"300\" height=\"218\" \/><figcaption id=\"caption-attachment-664\" class=\"wp-caption-text\">Rot-Weiss Frankfurt beendet eine durchwachsene Saison auf Rang zw\u00f6lf. Foto: Mithat G\u00fcrser.<\/figcaption><\/figure>\n<p>Rot-Weiss-Trainer Benjamin L\u00f6bert standen nur 13 Akteure zur Verf\u00fcgung, da aufgrund der zeitgleich stattfindenden Abschlussfeier keine U19-Spieler abgestellt wurden. Die Rumpfelf der &#8222;Roten&#8220; ergatterte nach dreimaligem R\u00fcckstand mit viel Gl\u00fcck zum Saisonabschluss einen Punkt, da die G\u00e4ste eine Vielzahl an Torchancen vergaben und vier Mal den Pfosten oder die Latte trafen.<\/p>\n<blockquote>\n<p>&#8222;Mit diesem Punkt k\u00f6nnen wir zufrieden sein&#8220; (Rot-Weiss-Trainer Benjamin L\u00f6bert)<\/p>\n<\/blockquote>\n<p>&#8222;Mit diesem Punkt k\u00f6nnen wir zufrieden sein. Mehr war heute nicht drin&#8220;, konstatierte L\u00f6bert nach seinem letzten Ligaspiel als Verbandsliga-Coach der Frankfurter. Ober-Roden ging fr\u00fch per Distanzschuss durch Sevket Yildirim in F\u00fchrung (3.), kurz danach setzte Jonas Koser den Ball an die Latte (4.).<\/p>\n<p>Nach einem Foul von Luke Dettki an Flavio Alberto Cuna verwandelte Kapit\u00e4n Patrick G\u00fcrser einen Foulelfmeter (16.). Vor dem 1:2 durch Patrick Koser (40.) hatte die Turnerschaft mit Yildirim den Pfosten getroffen (36.). 43 Sekunden nach Wiederbeginn glich Daniel Onyia aus, ehe Koser die TSO zum dritten Mal nach vorne brachte (51.).<\/p>\n<p>Mit einem sehenswerten Freisto\u00dftor markierte G\u00fcrser das 3:3 (74.). Yannik Schutheis (77.\/Pfosten) und Yildirim (87.\/Latte) hatten in der Schlussphase bei den G\u00e4sten erneut Abschlusspech. Rot-Weiss beendet eine durchwachsene Saison mit 45 Punkten auf Rang zw\u00f6lf.<\/p>\n<h5>Schiedsrichter: Sven Marquardt (Orlen). Zuschauer: 72.<\/h5>\n<h5>Tore: 0:1 Sevket Yildirim (3.), 1:1 <a class=\"oajrlxb2 g5ia77u1 qu0x051f esr5mh6w e9989ue4 r7d6kgcz rq0escxv nhd2j8a9 nc684nl6 p7hjln8o kvgmc6g5 cxmmr5t8 oygrvhab hcukyx3x jb3vyjys rz4wbd8a qt6c0cv9 a8nywdso i1ao9s8h esuyzwwr f1sip0of lzcic4wl gpro0wi8 q66pz984 b1v8xokw\" tabindex=\"0\" role=\"link\" href=\"https:\/\/www.facebook.com\/pat.riick.96?__cft__[0]=AZWkBvf6JzLWaPv1Q-6QStdzjFPSBzCqd6a_fWz8wQVZyq0k59RyRAGPkLCvHe9wgn4CIR9v3uGT0AsNgA1Il5i-c4s9hr93_sJFphvIWkNqFLrrSWw05FBWMc_tVpk9zQ0PskIhUZyLl7n0dD5lDwwQE0_7xuszuPrASkPQfnkQIxJ9fduTxVhHOMuw_QLWOv4&amp;__tn__=-]K-R\"><span class=\"nc684nl6\">Patrick G\u00fcrser<\/span><\/a> (16.\/Foulelfmeter), 1:2 Manuel Profumo (40.), 2:2 Daniel Onyia (46.), 2:3 Jonas Koser (51.), 3:3 Patrick G\u00fcrser (74.).<\/h5>\n<p>\u00a0<\/p>\n<p>\u00a0<\/p>\n\n\n\n\n<div class=\"wp-block-columns is-layout-flex wp-container-core-columns-is-layout-28f84493 wp-block-columns-is-layout-flex\">\n<div class=\"wp-block-column is-layout-flow wp-block-column-is-layout-flow\" style=\"flex-basis:100%\">\n<figure class=\"wp-block-gallery has-nested-images columns-default is-cropped wp-block-gallery-1 is-layout-flex wp-block-gallery-is-layout-flex\">\n<figure class=\"wp-block-image size-large is-style-default\"><img decoding=\"async\" data-id=\"665\" src=\"http:\/\/insideamateurfussball-ffm.de\/wp-content\/uploads\/2022\/06\/rw-tsoberr8.jpg\" alt=\"\" class=\"wp-image-665\"\/><figcaption>Fotos: Mithat G\u00fcrser.<\/figcaption><\/figure>\n<\/figure>\n<\/div>\n<\/div>\n\n\n\n<figure class=\"wp-block-image size-full is-style-default\"><img decoding=\"async\" src=\"http:\/\/insideamateurfussball-ffm.de\/wp-content\/uploads\/2022\/06\/rw-tsoberr2.jpg\" alt=\"\" class=\"wp-image-666\"\/><\/figure>\n\n\n\n<div class=\"wp-block-columns is-layout-flex wp-container-core-columns-is-layout-28f84493 wp-block-columns-is-layout-flex\">\n<div class=\"wp-block-column is-layout-flow wp-block-column-is-layout-flow\">\n<figure class=\"wp-block-image size-full is-style-default\"><img decoding=\"async\" src=\"http:\/\/insideamateurfussball-ffm.de\/wp-content\/uploads\/2022\/06\/rw-tsoberr7.jpg\" alt=\"\" class=\"wp-image-667\"\/><\/figure>\n<\/div>\n\n\n\n<div class=\"wp-block-column is-layout-flow wp-block-column-is-layout-flow\">\n<figure class=\"wp-block-image size-full is-style-default\"><img decoding=\"async\" src=\"http:\/\/insideamateurfussball-ffm.de\/wp-content\/uploads\/2022\/06\/rw-tsoberr1.jpg\" alt=\"\" class=\"wp-image-668\"\/><\/figure>\n<\/div>\n\n\n\n<div class=\"wp-block-column is-layout-flow wp-block-column-is-layout-flow\">\n<figure class=\"wp-block-image size-full is-style-default\"><img decoding=\"async\" src=\"http:\/\/insideamateurfussball-ffm.de\/wp-content\/uploads\/2022\/06\/rw-tsoberr6.jpg\" alt=\"\" class=\"wp-image-669\"\/><\/figure>\n<\/div>\n<\/div>\n","protected":false},"excerpt":{"rendered":"<p>Rot-Weiss Frankfurt &#8211; TS Ober-Roden 3:3 (1:2) Rot-Weiss-Trainer Benjamin L\u00f6bert standen nur 13 Akteure zur Verf\u00fcgung, da aufgrund der zeitgleich stattfindenden Abschlussfeier keine U19-Spieler abgestellt wurden. Die Rumpfelf der &#8222;Roten&#8220; ergatterte nach dreimaligem R\u00fcckstand mit viel Gl\u00fcck zum Saisonabschluss einen Punkt, da die G\u00e4ste eine Vielzahl an Torchancen vergaben und vier Mal den Pfosten oder [&hellip;]<\/p>\n","protected":false},"author":1,"featured_media":0,"comment_status":"open","ping_status":"open","sticky":false,"template":"","format":"standard","meta":{"footnotes":""},"categories":[10],"tags":[],"class_list":["post-663","post","type-post","status-publish","format-standard","hentry","category-verbandsliga-sued"],"_links":{"self":[{"href":"https:\/\/insideamateurfussball-ffm.de\/index.php?rest_route=\/wp\/v2\/posts\/663","targetHints":{"allow":["GET"]}}],"collection":[{"href":"https:\/\/insideamateurfussball-ffm.de\/index.php?rest_route=\/wp\/v2\/posts"}],"about":[{"href":"https:\/\/insideamateurfussball-ffm.de\/index.php?rest_route=\/wp\/v2\/types\/post"}],"author":[{"embeddable":true,"href":"https:\/\/insideamateurfussball-ffm.de\/index.php?rest_route=\/wp\/v2\/users\/1"}],"replies":[{"embeddable":true,"href":"https:\/\/insideamateurfussball-ffm.de\/index.php?rest_route=%2Fwp%2Fv2%2Fcomments&post=663"}],"version-history":[{"count":1,"href":"https:\/\/insideamateurfussball-ffm.de\/index.php?rest_route=\/wp\/v2\/posts\/663\/revisions"}],"predecessor-version":[{"id":670,"href":"https:\/\/insideamateurfussball-ffm.de\/index.php?rest_route=\/wp\/v2\/posts\/663\/revisions\/670"}],"wp:attachment":[{"href":"https:\/\/insideamateurfussball-ffm.de\/index.php?rest_route=%2Fwp%2Fv2%2Fmedia&parent=663"}],"wp:term":[{"taxonomy":"category","embeddable":true,"href":"https:\/\/insideamateurfussball-ffm.de\/index.php?rest_route=%2Fwp%2Fv2%2Fcategories&post=663"},{"taxonomy":"post_tag","embeddable":true,"href":"https:\/\/insideamateurfussball-ffm.de\/index.php?rest_route=%2Fwp%2Fv2%2Ftags&post=663"}],"curies":[{"name":"wp","href":"https:\/\/api.w.org\/{rel}","templated":true}]}}