{"id":6597,"date":"2023-03-26T23:14:37","date_gmt":"2023-03-26T21:14:37","guid":{"rendered":"http:\/\/insideamateurfussball-ffm.de\/?p=6597"},"modified":"2025-01-25T14:24:56","modified_gmt":"2025-01-25T13:24:56","slug":"eintracht-ii-nacho-dreierpack-gegen-schlusslicht","status":"publish","type":"post","link":"https:\/\/insideamateurfussball-ffm.de\/?p=6597","title":{"rendered":"Eintracht II: Nacho-Dreierpack gegen Schlusslicht"},"content":{"rendered":"<h5><span style=\"font-size: 16px;\">Die U21 von Eintracht Frankfurt hat am Samstagnachmittag eine starke Reaktion auf die 2:4-Schlappe letzte Woche in Friedberg gezeigt. Im Heimspiel gegen Schlusslicht TSV Steinbach II gelang dem Tabellenf\u00fchrer nach einer \u00fcberwiegend souver\u00e4nen Vorstellung ein 4:1 (2:1)-Sieg \u00fcber den Aufsteiger, dem der direkte Wiederabstieg in die Verbandsliga Mitte droht.<\/span><\/h5>\n<figure id=\"attachment_6598\" aria-describedby=\"caption-attachment-6598\" style=\"width: 312px\" class=\"wp-caption alignleft\"><img loading=\"lazy\" decoding=\"async\" class=\"wp-image-6598\" src=\"http:\/\/insideamateurfussball-ffm.de\/wp-content\/uploads\/2023\/03\/SGE23-300x225.jpg\" alt=\"\" width=\"312\" height=\"234\" srcset=\"https:\/\/insideamateurfussball-ffm.de\/wp-content\/uploads\/2023\/03\/SGE23-300x225.jpg 300w, https:\/\/insideamateurfussball-ffm.de\/wp-content\/uploads\/2023\/03\/SGE23-1024x768.jpg 1024w, https:\/\/insideamateurfussball-ffm.de\/wp-content\/uploads\/2023\/03\/SGE23-768x576.jpg 768w, https:\/\/insideamateurfussball-ffm.de\/wp-content\/uploads\/2023\/03\/SGE23-1536x1152.jpg 1536w, https:\/\/insideamateurfussball-ffm.de\/wp-content\/uploads\/2023\/03\/SGE23.jpg 2048w\" sizes=\"auto, (max-width: 312px) 100vw, 312px\" \/><figcaption id=\"caption-attachment-6598\" class=\"wp-caption-text\">Die U21 von Eintracht Frankfurt will den Aufstieg in die Regionalliga S\u00fcdwest erreichen. Foto: PA.\u00a0\u00a0<\/figcaption><\/figure>\n<h5>Eintracht Frankfurt II &#8211; TSV Steinbach Haiger II 4:1 (2:1)<\/h5>\n<p><img loading=\"lazy\" decoding=\"async\" class=\"alignnone size-full wp-image-836\" src=\"http:\/\/insideamateurfussball-ffm.de\/wp-content\/uploads\/2022\/06\/SGE.jpg\" alt=\"\" width=\"79\" height=\"80\" \/><img loading=\"lazy\" decoding=\"async\" class=\"alignnone size-full wp-image-2490\" src=\"http:\/\/insideamateurfussball-ffm.de\/wp-content\/uploads\/2022\/09\/Steinbach-Haiger.jpg\" alt=\"\" width=\"60\" height=\"80\" \/><\/p>\n<p><span style=\"font-size: 16px;\">Auf f\u00fcnf Positionen hatte Eintracht-Trainer Kristjan Glibo seine Startelf gegen\u00fcber der Niederlage am Burgfeld ver\u00e4ndert. Im Tor l\u00f6ste Matteo Bignetti seinen Konkurrenten Simon Simoni ab. Neben Harpreet Ghotra und Denis Streker begannen erstmals in diesem Jahr der Brasilianer Divaio Jhair Bobson und das spanische Toptalent Ignacio Ferri Julia von Beginn an. Zubayr Amiri, Ben-Luca Fisher und Gianluca Sch\u00e4fer nahmen auf der Ersatzbank Platz, Marcel Wenig stand nicht im Kader.<\/span><\/p>\n<p><span style=\"font-size: 16px;\">Mann des Tages war bei der U21 der kurz &#8222;Nacho&#8220; gerufene Spanier. Das ist die Kurzform seines Vornamens Ignacio. Mit drei Toren war er wesentlich am Heimdreier beteiligt und agierte in vorderster Linie konsequent. Jeweils auf Zuspiel von Maximilian Brauburger stand Nacho in der Mitte schon in der ersten Viertelstunde gleich zweimal goldrichtig und sorgte mit seinem Doppelpack f\u00fcr eine beruhigende 2:0-F\u00fchrung (9.\/15.). Die G\u00e4ste, die das Hinspiel im September v\u00f6llig \u00fcberraschend mit 2:1 gewonnen hatten, kamen dann aber nach einer halben Stunde ins Spiel. Zun\u00e4chst wurde Hajdaraj steil geschickt und von Schr\u00f6der unsanft gestoppt. Den f\u00e4lligen Freisto\u00df gab es nicht, Schr\u00f6der hatte gar Gl\u00fcck, dass er keine Rote Karte wegen Notbremse erhielt. Dann verk\u00fcrzte Sandro Noriega\u00a0 f\u00fcr die Zweitvertretung des Regionalligisten aus der Distanz (31.), die dann noch zwei Abschl\u00fcsse durch Noah Theis neben das Tor setzten.<\/span><\/p>\n<h5><span style=\"font-size: 16px;\">Szenenapplaus f\u00fcr Nacho Ferri\u00a0<\/span><\/h5>\n<p><span style=\"font-size: 16px;\">Zur Halbzeit r\u00fcckte Ben-Luca Fisher in die diesmal als Dreierkette operierende Abwehrformation. Kapit\u00e4n Marc Wachs r\u00fcckte ins defensive Mittelfeld vor. Kurz nach Wiederbeginn war Nacho ein drittes Mal zur Stelle. Nachdem Ghotra abgezogen hatte traf er direkt vor TSV-Torwart Maximilian Pauli zum 3:1 (48.). Nach einer Stunde wurde Nacho unter Applaus der offiziell 878 Zuschauern gegen Zubayr Amiri ausgewechselt. Den Schlusspunkt setzte der auf der linken Seite diesmal offensiver auftretende Brauburger mit einem Flachschuss zum 4:1 (68.). Bei den G\u00e4sten erhielt Paul Friedrich P\u00f6pperl in der Schlussphase die Gelb-Rote Karte (81.). Eintracht-Trainer Kristjan Glibo war mit dem siebten Heimsieg in Folge sehr zufrieden: &#8222;Wir wollten heute mehr Wucht gerade im vorderen Bereich haben. Das ist uns teilweise sehr gut gelungen. Die ersten 20 Minuten haben wir sehr gut gespielt. Vor allem im Spiel mit dem Ball haben wir Ruhe ausgestrahlt. Die 15 Minuten vor der Pause haben mir nicht so gefallen. Da war die Zweikampff\u00fchrung nicht so, wie ich es mir w\u00fcnsche. Aus der Pause sind wir sehr gut raus gekommen, haben hoch gepresst und ein fr\u00fches Tor erzielt.&#8220;<\/span><\/p>\n<p><span style=\"font-size: 16px;\">Danach, so Glibo weiter, habe man den Gegner &#8222;vom Tor ferngehalten. Wir hatten sehr viele Durchbr\u00fcche am Fl\u00fcgel, das hat mir sehr gut gefallen.&#8220; Steinbachs Co-Trainer Maik Six sagte: &#8222;\u00dcber 90 Minuten war der Sieg der Eintracht verdient, aber als unser Spieler frei durch war, h\u00e4tte es Platzverweis geben m\u00fcssen. Wenn Frankfurt 70 Minuten in Unterzahl spielt, w\u00e4re es auf dem Platz wohl schwieriger gewesen. Diese Entscheidung des Schiedsrichters ist aus unserer Sicht bitter.&#8220;<\/span><\/p>\n<h5><span style=\"font-size: 16px;\">Eintracht Frankfurt U21: Bignetti; Gebuhr, Wachs (77. Cassaniti), Streker &#8211; Schr\u00f6der, Ghotra (82. Sch\u00e4fer), Dejanovic (46. Fisher), Loune (69. Sejdovic), Brauburger &#8211; Ferri Julia (60. Amiri), Bobson.<\/span><\/h5>\n<h5><span style=\"font-size: 16px;\">TSV Steinbach II: Pauli; K\u00fcnkel (67. Bedenbender), M\u00fcller, Hartmann, Georg &#8211; Goldbach (69. Aydogan), Noriega, Wirtz, P\u00f6pperl &#8211; Hajdaraj, Theis (67. Schneider).<\/span><\/h5>\n<h5><span style=\"font-size: 16px;\">Schiedsrichter: Daniel Kamnitzer (Eltville). Zuschauer: 878.<\/span><\/h5>\n<h5><span style=\"font-size: 16px;\">Tore: 1:0 Nacho Ferri Julia\u00a0 (3.), 2:0 Nacho Ferri Julia (15.), 2:1 Sandro Noriega (31.), 3:1 Nacho Ferri Julia (48.), 4:1 Maximilian Brauburger (68.).<\/span><\/h5>\n<h5><span style=\"font-size: 16px;\">Gelb-Rote Karte: Paul Friedrich P\u00f6pperl (Steinbach II, 81.).<\/span><\/h5>\n<p>\u00a0<\/p>\n<h5>\u00a0<\/h5>\n<p>\u00a0<\/p>\n<div>\u00a0<\/div>\n<div>\u00a0<\/div>\n<p>\u00a0<\/p>\n\n\n<div class=\"wp-block-columns is-layout-flex wp-container-core-columns-is-layout-28f84493 wp-block-columns-is-layout-flex\">\n<div class=\"wp-block-column is-layout-flow wp-block-column-is-layout-flow\">\n<figure class=\"wp-block-gallery has-nested-images columns-default is-cropped wp-block-gallery-1 is-layout-flex wp-block-gallery-is-layout-flex\">\n<figure class=\"wp-block-image size-large is-style-default\"><img loading=\"lazy\" decoding=\"async\" width=\"1024\" height=\"768\" data-id=\"6599\" src=\"http:\/\/insideamateurfussball-ffm.de\/wp-content\/uploads\/2023\/03\/EF1-1024x768.jpg\" alt=\"\" class=\"wp-image-6599\" srcset=\"https:\/\/insideamateurfussball-ffm.de\/wp-content\/uploads\/2023\/03\/EF1-1024x768.jpg 1024w, https:\/\/insideamateurfussball-ffm.de\/wp-content\/uploads\/2023\/03\/EF1-300x225.jpg 300w, https:\/\/insideamateurfussball-ffm.de\/wp-content\/uploads\/2023\/03\/EF1-768x576.jpg 768w, https:\/\/insideamateurfussball-ffm.de\/wp-content\/uploads\/2023\/03\/EF1-1536x1152.jpg 1536w, https:\/\/insideamateurfussball-ffm.de\/wp-content\/uploads\/2023\/03\/EF1.jpg 2048w\" sizes=\"auto, (max-width: 1024px) 100vw, 1024px\" \/><\/figure>\n<\/figure>\n<\/div>\n\n\n\n<div class=\"wp-block-column is-layout-flow wp-block-column-is-layout-flow\">\n<figure class=\"wp-block-image size-large is-style-default\"><img loading=\"lazy\" decoding=\"async\" width=\"1024\" height=\"768\" src=\"http:\/\/insideamateurfussball-ffm.de\/wp-content\/uploads\/2023\/03\/EF2-1024x768.jpg\" alt=\"\" class=\"wp-image-6600\" srcset=\"https:\/\/insideamateurfussball-ffm.de\/wp-content\/uploads\/2023\/03\/EF2-1024x768.jpg 1024w, https:\/\/insideamateurfussball-ffm.de\/wp-content\/uploads\/2023\/03\/EF2-300x225.jpg 300w, https:\/\/insideamateurfussball-ffm.de\/wp-content\/uploads\/2023\/03\/EF2-768x576.jpg 768w, https:\/\/insideamateurfussball-ffm.de\/wp-content\/uploads\/2023\/03\/EF2-1536x1152.jpg 1536w, https:\/\/insideamateurfussball-ffm.de\/wp-content\/uploads\/2023\/03\/EF2.jpg 2048w\" sizes=\"auto, (max-width: 1024px) 100vw, 1024px\" \/><\/figure>\n<\/div>\n\n\n\n<div class=\"wp-block-column is-layout-flow wp-block-column-is-layout-flow\">\n<figure class=\"wp-block-gallery has-nested-images columns-default is-cropped wp-block-gallery-2 is-layout-flex wp-block-gallery-is-layout-flex\">\n<figure class=\"wp-block-image size-large is-style-default\"><img loading=\"lazy\" decoding=\"async\" width=\"1024\" height=\"768\" data-id=\"6601\" src=\"http:\/\/insideamateurfussball-ffm.de\/wp-content\/uploads\/2023\/03\/EF3-1024x768.jpg\" alt=\"\" class=\"wp-image-6601\" srcset=\"https:\/\/insideamateurfussball-ffm.de\/wp-content\/uploads\/2023\/03\/EF3-1024x768.jpg 1024w, https:\/\/insideamateurfussball-ffm.de\/wp-content\/uploads\/2023\/03\/EF3-300x225.jpg 300w, https:\/\/insideamateurfussball-ffm.de\/wp-content\/uploads\/2023\/03\/EF3-768x576.jpg 768w, https:\/\/insideamateurfussball-ffm.de\/wp-content\/uploads\/2023\/03\/EF3-1536x1152.jpg 1536w, https:\/\/insideamateurfussball-ffm.de\/wp-content\/uploads\/2023\/03\/EF3.jpg 2048w\" sizes=\"auto, (max-width: 1024px) 100vw, 1024px\" \/><\/figure>\n<\/figure>\n<\/div>\n<\/div>\n\n\n\n<div class=\"wp-block-columns is-layout-flex wp-container-core-columns-is-layout-28f84493 wp-block-columns-is-layout-flex\">\n<div class=\"wp-block-column is-layout-flow wp-block-column-is-layout-flow\">\n<div class=\"wp-block-columns is-layout-flex wp-container-core-columns-is-layout-28f84493 wp-block-columns-is-layout-flex\">\n<div class=\"wp-block-column is-layout-flow wp-block-column-is-layout-flow\">\n<figure class=\"wp-block-image size-large is-style-default\"><img loading=\"lazy\" decoding=\"async\" width=\"1024\" height=\"768\" src=\"http:\/\/insideamateurfussball-ffm.de\/wp-content\/uploads\/2023\/03\/EF4-1024x768.jpg\" alt=\"\" class=\"wp-image-6602\" srcset=\"https:\/\/insideamateurfussball-ffm.de\/wp-content\/uploads\/2023\/03\/EF4-1024x768.jpg 1024w, https:\/\/insideamateurfussball-ffm.de\/wp-content\/uploads\/2023\/03\/EF4-300x225.jpg 300w, https:\/\/insideamateurfussball-ffm.de\/wp-content\/uploads\/2023\/03\/EF4-768x576.jpg 768w, https:\/\/insideamateurfussball-ffm.de\/wp-content\/uploads\/2023\/03\/EF4-1536x1152.jpg 1536w, https:\/\/insideamateurfussball-ffm.de\/wp-content\/uploads\/2023\/03\/EF4.jpg 2048w\" sizes=\"auto, (max-width: 1024px) 100vw, 1024px\" \/><\/figure>\n<\/div>\n<\/div>\n<\/div>\n\n\n\n<div class=\"wp-block-column is-layout-flow wp-block-column-is-layout-flow\">\n<figure class=\"wp-block-gallery has-nested-images columns-default is-cropped wp-block-gallery-3 is-layout-flex wp-block-gallery-is-layout-flex\">\n<figure class=\"wp-block-image size-large is-style-default\"><img loading=\"lazy\" decoding=\"async\" width=\"1024\" height=\"768\" data-id=\"6603\" src=\"http:\/\/insideamateurfussball-ffm.de\/wp-content\/uploads\/2023\/03\/EF5-1024x768.jpg\" alt=\"\" class=\"wp-image-6603\" srcset=\"https:\/\/insideamateurfussball-ffm.de\/wp-content\/uploads\/2023\/03\/EF5-1024x768.jpg 1024w, https:\/\/insideamateurfussball-ffm.de\/wp-content\/uploads\/2023\/03\/EF5-300x225.jpg 300w, https:\/\/insideamateurfussball-ffm.de\/wp-content\/uploads\/2023\/03\/EF5-768x576.jpg 768w, https:\/\/insideamateurfussball-ffm.de\/wp-content\/uploads\/2023\/03\/EF5-1536x1152.jpg 1536w, https:\/\/insideamateurfussball-ffm.de\/wp-content\/uploads\/2023\/03\/EF5.jpg 2048w\" sizes=\"auto, (max-width: 1024px) 100vw, 1024px\" \/><\/figure>\n<\/figure>\n<\/div>\n\n\n\n<div class=\"wp-block-column is-layout-flow wp-block-column-is-layout-flow\">\n<figure class=\"wp-block-image size-large is-style-default\"><img loading=\"lazy\" decoding=\"async\" width=\"1024\" height=\"768\" src=\"http:\/\/insideamateurfussball-ffm.de\/wp-content\/uploads\/2023\/03\/EF6-1024x768.jpg\" alt=\"\" class=\"wp-image-6604\" srcset=\"https:\/\/insideamateurfussball-ffm.de\/wp-content\/uploads\/2023\/03\/EF6-1024x768.jpg 1024w, https:\/\/insideamateurfussball-ffm.de\/wp-content\/uploads\/2023\/03\/EF6-300x225.jpg 300w, https:\/\/insideamateurfussball-ffm.de\/wp-content\/uploads\/2023\/03\/EF6-768x576.jpg 768w, https:\/\/insideamateurfussball-ffm.de\/wp-content\/uploads\/2023\/03\/EF6-1536x1152.jpg 1536w, https:\/\/insideamateurfussball-ffm.de\/wp-content\/uploads\/2023\/03\/EF6.jpg 2048w\" sizes=\"auto, (max-width: 1024px) 100vw, 1024px\" \/><\/figure>\n<\/div>\n<\/div>\n","protected":false},"excerpt":{"rendered":"<p>Die U21 von Eintracht Frankfurt hat am Samstagnachmittag eine starke Reaktion auf die 2:4-Schlappe letzte Woche in Friedberg gezeigt. Im Heimspiel gegen Schlusslicht TSV Steinbach II gelang dem Tabellenf\u00fchrer nach einer \u00fcberwiegend souver\u00e4nen Vorstellung ein 4:1 (2:1)-Sieg \u00fcber den Aufsteiger, dem der direkte Wiederabstieg in die Verbandsliga Mitte droht. Eintracht Frankfurt II &#8211; TSV Steinbach [&hellip;]<\/p>\n","protected":false},"author":1,"featured_media":6598,"comment_status":"open","ping_status":"open","sticky":false,"template":"","format":"standard","meta":{"footnotes":""},"categories":[8],"tags":[],"class_list":["post-6597","post","type-post","status-publish","format-standard","has-post-thumbnail","hentry","category-hessenliga"],"_links":{"self":[{"href":"https:\/\/insideamateurfussball-ffm.de\/index.php?rest_route=\/wp\/v2\/posts\/6597","targetHints":{"allow":["GET"]}}],"collection":[{"href":"https:\/\/insideamateurfussball-ffm.de\/index.php?rest_route=\/wp\/v2\/posts"}],"about":[{"href":"https:\/\/insideamateurfussball-ffm.de\/index.php?rest_route=\/wp\/v2\/types\/post"}],"author":[{"embeddable":true,"href":"https:\/\/insideamateurfussball-ffm.de\/index.php?rest_route=\/wp\/v2\/users\/1"}],"replies":[{"embeddable":true,"href":"https:\/\/insideamateurfussball-ffm.de\/index.php?rest_route=%2Fwp%2Fv2%2Fcomments&post=6597"}],"version-history":[{"count":1,"href":"https:\/\/insideamateurfussball-ffm.de\/index.php?rest_route=\/wp\/v2\/posts\/6597\/revisions"}],"predecessor-version":[{"id":6605,"href":"https:\/\/insideamateurfussball-ffm.de\/index.php?rest_route=\/wp\/v2\/posts\/6597\/revisions\/6605"}],"wp:featuredmedia":[{"embeddable":true,"href":"https:\/\/insideamateurfussball-ffm.de\/index.php?rest_route=\/wp\/v2\/media\/6598"}],"wp:attachment":[{"href":"https:\/\/insideamateurfussball-ffm.de\/index.php?rest_route=%2Fwp%2Fv2%2Fmedia&parent=6597"}],"wp:term":[{"taxonomy":"category","embeddable":true,"href":"https:\/\/insideamateurfussball-ffm.de\/index.php?rest_route=%2Fwp%2Fv2%2Fcategories&post=6597"},{"taxonomy":"post_tag","embeddable":true,"href":"https:\/\/insideamateurfussball-ffm.de\/index.php?rest_route=%2Fwp%2Fv2%2Ftags&post=6597"}],"curies":[{"name":"wp","href":"https:\/\/api.w.org\/{rel}","templated":true}]}}