{"id":657,"date":"2022-06-10T20:39:04","date_gmt":"2022-06-10T20:39:04","guid":{"rendered":"http:\/\/insideamateurfussball-ffm.de\/?p=657"},"modified":"2025-01-03T18:14:45","modified_gmt":"2025-01-03T17:14:45","slug":"b2-bosnien-ii-zweiter-aufsteiger","status":"publish","type":"post","link":"https:\/\/insideamateurfussball-ffm.de\/?p=657","title":{"rendered":"B2: Bosnien II zweiter Aufsteiger"},"content":{"rendered":"<h5>In der Gruppe 2 der Kreisliga B Frankfurt standen mit Meister SV Frankfurt Nord, der beim FC Ethio Addis aus Personalmangel nicht antrat und der Reserve des SV BKC Bosnien die beiden Aufsteiger bereits fest. Der Ausgang des Abstiegskampfes h\u00e4ngt nun wesentlich vom Ergebnis der Verhandlung vor dem Kreissportgericht bez\u00fcglich der vor einer Woche abgebrochenen Partie zwischen dem FC Kosova II und Schlusslicht Germania 94 II ab. Die Kosovaren liegen noch zwei Punkte vor der Germania, die gegen Fechenheim II zu einem 1:1 kam. Zwischen diesen Teams steht der FC Korea, der durch das 2:4 gegen den SV Sachsenhausen II auch in akuter Abstiegsgefahr schwebt. Nur der Tabellenletzte muss in die C-Klasse absteigen.<\/h5>\n<figure id=\"attachment_658\" aria-describedby=\"caption-attachment-658\" style=\"width: 300px\" class=\"wp-caption alignnone\"><img loading=\"lazy\" decoding=\"async\" class=\"wp-image-658 size-medium\" src=\"http:\/\/insideamateurfussball-ffm.de\/wp-content\/uploads\/2022\/06\/korea10-300x199.jpg\" alt=\"\" width=\"300\" height=\"199\"><figcaption id=\"caption-attachment-658\" class=\"wp-caption-text\">Die Reserve des SV BKC Bosnien steigt erstmals in die Kreisliga A auf. Foto: Mithat G\u00fcrser.<\/figcaption><\/figure>\n<h5>SG Riederwald &#8211; Union Niederrad II 6:0 (2:0)<\/h5>\n<p><img loading=\"lazy\" decoding=\"async\" class=\"alignnone size-full wp-image-659\" src=\"http:\/\/insideamateurfussball-ffm.de\/wp-content\/uploads\/2022\/06\/Riederwald.jpg\" alt=\"\" width=\"63\" height=\"80\"><img loading=\"lazy\" decoding=\"async\" class=\"alignnone size-full wp-image-38\" src=\"http:\/\/insideamateurfussball-ffm.de\/wp-content\/uploads\/2021\/11\/Union-Niederrad.jpg\" alt=\"\" width=\"80\" height=\"80\"><\/p>\n<p>In der Winterpause hatte Thomas Enders die Riederw\u00e4lder als Nachfolger von Thorsten Stelzer \u00fcbernommen und f\u00fchrte die Mannschaft mit f\u00fcnf Siegen aus den letzten sieben Partien zum Klassenerhalt. &#8222;Wir haben das Training intensiviert und an die mannschaftliche Geschlossenheit appelliert. Konditionell ist die Mannschaft jetzt auf einem guten Level&#8220;, erkl\u00e4rte Enders. Als gro\u00dfer R\u00fcckhalt erwies sich Torh\u00fcter Kristjan Kolaric, der gegen Niederrad in der Anfangsphase einen Elfmeter parierte und laut Enders &#8222;die ganze R\u00fcckrunde brillant gehalten hat.&#8220; Hameed Mahmood Dashtii (23.), Sean Akins (43.), Visar Dautaj (71.), Yoser Alexander Gomez de Nobrega (79.\/87.) und Sevdaim Ferati (81.) trugen sich in die Torsch\u00fctzenliste ein.<\/p>\n<h5>FC Fortuna &#8211; SV BKC Bosnien II 5:8 (3:3)<\/h5>\n<p><img loading=\"lazy\" decoding=\"async\" class=\"alignnone size-full wp-image-296\" src=\"http:\/\/insideamateurfussball-ffm.de\/wp-content\/uploads\/2022\/05\/Fortuna.jpg\" alt=\"\" width=\"67\" height=\"80\"><img loading=\"lazy\" decoding=\"async\" class=\"alignnone size-full wp-image-139\" src=\"http:\/\/insideamateurfussball-ffm.de\/wp-content\/uploads\/2022\/05\/Bosnien.jpg\" alt=\"\" width=\"79\" height=\"80\"><\/p>\n<p>Die seit zwei Jahren bei Kreisoberligist Concordia Eschersheim als Trainerteam fungierenden Andre Winter und Justin Kuchenb\u00e4cker steuerten drei der f\u00fcnf Fortuna-Tore gegen den Aufsteiger bei, konnten die klare Niederlage trotz einer 3:1-F\u00fchrung aber nicht verhindern. Tore: 1:0 Andre Winter (6.), 1:1 Edin Hamzic (15.), 2:1 Justin Kuchenb\u00e4cker (19.), 3:1 Claudio Alfonzo (26.), 3:2 Belal Boulajraf Mohamed (35.), 3:3 Safet Mujkic (37.), 4:3 Alessio Burgio (47.), 3:5 Admir Muratcehajic (50.), 3:6 Burgio (57.), 3:7 Mujkic (62.), 3:8 Burgio (64.), 4:8 Alfonzo (70.), 5:8 Winter (73.).<\/p>\n","protected":false},"excerpt":{"rendered":"<p>In der Gruppe 2 der Kreisliga B Frankfurt standen mit Meister SV Frankfurt Nord, der beim FC Ethio Addis aus Personalmangel nicht antrat und der Reserve des SV BKC Bosnien die beiden Aufsteiger bereits fest. Der Ausgang des Abstiegskampfes h\u00e4ngt nun wesentlich vom Ergebnis der Verhandlung vor dem Kreissportgericht bez\u00fcglich der vor einer Woche abgebrochenen [&hellip;]<\/p>\n","protected":false},"author":1,"featured_media":0,"comment_status":"open","ping_status":"open","sticky":false,"template":"","format":"standard","meta":{"footnotes":""},"categories":[11],"tags":[],"class_list":["post-657","post","type-post","status-publish","format-standard","hentry","category-kreisliga-b"],"_links":{"self":[{"href":"https:\/\/insideamateurfussball-ffm.de\/index.php?rest_route=\/wp\/v2\/posts\/657","targetHints":{"allow":["GET"]}}],"collection":[{"href":"https:\/\/insideamateurfussball-ffm.de\/index.php?rest_route=\/wp\/v2\/posts"}],"about":[{"href":"https:\/\/insideamateurfussball-ffm.de\/index.php?rest_route=\/wp\/v2\/types\/post"}],"author":[{"embeddable":true,"href":"https:\/\/insideamateurfussball-ffm.de\/index.php?rest_route=\/wp\/v2\/users\/1"}],"replies":[{"embeddable":true,"href":"https:\/\/insideamateurfussball-ffm.de\/index.php?rest_route=%2Fwp%2Fv2%2Fcomments&post=657"}],"version-history":[{"count":2,"href":"https:\/\/insideamateurfussball-ffm.de\/index.php?rest_route=\/wp\/v2\/posts\/657\/revisions"}],"predecessor-version":[{"id":662,"href":"https:\/\/insideamateurfussball-ffm.de\/index.php?rest_route=\/wp\/v2\/posts\/657\/revisions\/662"}],"wp:attachment":[{"href":"https:\/\/insideamateurfussball-ffm.de\/index.php?rest_route=%2Fwp%2Fv2%2Fmedia&parent=657"}],"wp:term":[{"taxonomy":"category","embeddable":true,"href":"https:\/\/insideamateurfussball-ffm.de\/index.php?rest_route=%2Fwp%2Fv2%2Fcategories&post=657"},{"taxonomy":"post_tag","embeddable":true,"href":"https:\/\/insideamateurfussball-ffm.de\/index.php?rest_route=%2Fwp%2Fv2%2Ftags&post=657"}],"curies":[{"name":"wp","href":"https:\/\/api.w.org\/{rel}","templated":true}]}}