{"id":6535,"date":"2023-03-26T01:46:22","date_gmt":"2023-03-25T23:46:22","guid":{"rendered":"http:\/\/insideamateurfussball-ffm.de\/?p=6535"},"modified":"2025-01-25T14:25:14","modified_gmt":"2025-01-25T13:25:14","slug":"oberrad-erstmals-seit-2016-im-halbfinale","status":"publish","type":"post","link":"https:\/\/insideamateurfussball-ffm.de\/?p=6535","title":{"rendered":"Oberrad erstmals seit 2016 im Halbfinale"},"content":{"rendered":"<h5><span style=\"font-size: 16px;\">Erstmals seit 2016 steht die Spvgg. 05 Oberrad im Halbfinale des Kreispokales. In den beiden Hessenliga-Saisons 2014\/15 und 2015\/16 hatten die Oberr\u00e4der unter der Regie von Trainer Mustafa Fil jeweils gegen Rot-Weiss Frankfurt zweimal in Folge den Cup gewonnen. Im Hessen-Pokal scheiterte Oberrad im Achtelfinale gegen Drittligist SV Wehen Wiesbaden vor 500 Zuschauern mit 1:2. Von solchen Spielen darf der Gruppenligist nach dem 3:2 (1:1)-Coup gegen Verbandsligist FFV Sportfreunde wieder tr\u00e4umen. Im Halbfinale steht mit dem Heimspiel gegen Ligakonkurrent Spvgg. Fechenheim ein 50:50-Spiel an. Das Finalticket winkt.\u00a0<\/span><\/h5>\n<figure id=\"attachment_6536\" aria-describedby=\"caption-attachment-6536\" style=\"width: 312px\" class=\"wp-caption alignleft\"><img loading=\"lazy\" decoding=\"async\" class=\"wp-image-6536\" src=\"http:\/\/insideamateurfussball-ffm.de\/wp-content\/uploads\/2023\/03\/OberradSieg-300x225.jpg\" alt=\"\" width=\"312\" height=\"234\" srcset=\"https:\/\/insideamateurfussball-ffm.de\/wp-content\/uploads\/2023\/03\/OberradSieg-300x225.jpg 300w, https:\/\/insideamateurfussball-ffm.de\/wp-content\/uploads\/2023\/03\/OberradSieg-1024x768.jpg 1024w, https:\/\/insideamateurfussball-ffm.de\/wp-content\/uploads\/2023\/03\/OberradSieg-768x576.jpg 768w, https:\/\/insideamateurfussball-ffm.de\/wp-content\/uploads\/2023\/03\/OberradSieg-1536x1152.jpg 1536w, https:\/\/insideamateurfussball-ffm.de\/wp-content\/uploads\/2023\/03\/OberradSieg.jpg 2048w\" sizes=\"auto, (max-width: 312px) 100vw, 312px\" \/><figcaption id=\"caption-attachment-6536\" class=\"wp-caption-text\">Endlich wieder ein gro\u00dfer Pokalabend in Oberrad. Die Mannschaft feiert den Halbfinaleinzug. Foto: PA.\u00a0\u00a0<\/figcaption><\/figure>\n<h5><span style=\"font-size: 16px;\">Spvgg. 05 Oberrad &#8211; FFV Sportfreunde 3:2 (1:1)<\/span><\/h5>\n<p><img loading=\"lazy\" decoding=\"async\" class=\"alignnone size-full wp-image-137\" src=\"http:\/\/insideamateurfussball-ffm.de\/wp-content\/uploads\/2022\/05\/Oberrad05.jpg\" alt=\"\" width=\"79\" height=\"80\" \/><img loading=\"lazy\" decoding=\"async\" class=\"alignnone size-full wp-image-141\" src=\"http:\/\/insideamateurfussball-ffm.de\/wp-content\/uploads\/2022\/05\/Speuzer.jpg\" alt=\"\" width=\"80\" height=\"80\" \/><\/p>\n<p><span style=\"font-size: 16px;\"><span style=\"color: #333300;\">Fabian Knapp und seine Gefolgsleute waren nach dem Schlusspfiff begeistert. Der Platzwart der Oberr\u00e4der hatte sich hinter dem Tor verausgabt und den Support koordiniert. Nach der Partie durften die in wei\u00df gekleideten Gastgeber mit ihren Anh\u00e4ngern feiern. Denn auch die Spvgg. Oberrad erlebte mit dem 3:2-Sieg \u00fcber Verbandsligist FFV Sportfreunde einen unvergesslichen Pokalabend mit dazu noch erfolgreichem Ausgang. Der Ex-Oberr\u00e4der Ertugrul Erdogan hatte die Gastgeber mit einem Eigentor in F\u00fchrung gebracht (5.). Sevki Cevik markierte nach dem Seitenwechsel das 2:1 (47.). In der Nachspielzeit sicherte ein Elfmeter von Routinier Masse Bell Bell (90.+3) den Oberr\u00e4dern den ersten Halbfinal-Einzug seit 2016. <\/span><\/span><\/p>\n<p><span style=\"font-size: 16px;\"><span style=\"color: #333300;\">Ein Wermutstropfen unter die starke Leistung war die Rote Karte gegen den Kapit\u00e4n der A-Jugend, Benoni Mebrathu. &#8222;Die Jungs haben das insbesondere in Unterzahl sehr gut gemacht und gegen den Favoriten kaum etwas zugelassen&#8220;, freute sich Trainer Josip Coric, unter dessen Regie die Oberr\u00e4der in Pflichtspielen ungeschlagen bleiben. Beim FFV Sportfreunde war der \u00c4rger \u00fcber das Pokalaus in Oberrad verst\u00e4ndlicherweise gro\u00df. Trainer Artug \u00d6zbakir war mit der Spielleitung von Schiedsrichter Rajinder Mahey nicht einverstanden: &#8222;Der lag dreimal total daneben und hat Oberrad drei Tore zum Weiterkommen geschenkt. Soll Oberrad den Pokal holen, mich interessiert das nicht mehr. Ich verstehe es nicht, warum zu so einem Spiel 12 bis 16-j\u00e4hrige Kinder geschickt werden, damit sie lernen. Das ist ein Unding. Dem ersten Oberr\u00e4der Tor ging ein Foulspiel an uns aus.<\/span> <span style=\"color: #333300;\">Beim zweiten Treffer war der Ball klar im Aus, sodass meine Spieler stehen bleiben. Und beim dritten Tor war es kein Elfmeter, sondern Freisto\u00df f\u00fcr uns.&#8220;<\/span><\/span><\/p>\n<h5><span style=\"font-size: 16px;\">Rote Karte gegen Speuzer-Kapit\u00e4n Bidou\u00a0<\/span><\/h5>\n<p><span style=\"font-size: 16px;\"><span style=\"color: #333300;\">Zweimal konnten die &#8222;Speuzer&#8220; R\u00fcckst\u00e4nde durch Ertugrul Erdogan (16.) und Aziz Bidou (77.\/Foulelfmeter) ausgleichen. In der letzten halben Stunde waren die Sportfreunde nach einer Roten Karte gegen die Hausherren in \u00dcberzahl, f\u00fcr zehn Minuten nach einer Zeitstrafe sogar zwei Mann mehr und konnten doch kein Kapital daraus schlagen. &#8222;Da hatten wir schon keine Lust mehr, weil wir durch r\u00fcde Foulspiele der Oberr\u00e4der drei Verletzte haben. Soll Oberrad den Pokal holen und dann feiern&#8220;, echauffierte sich \u00d6zbakir. <\/span><\/span><\/p>\n<p><span style=\"font-size: 16px;\"><span style=\"color: #333300;\">Zu allem \u00dcberfluss erhielt Bidou nach dem entscheidenden Elfmeter f\u00fcr Oberrad in der Nachspielzeit die Rote Karte. &#8222;Er hat nur nach der restlichen Nachspielzeit gefragt, da diese nicht angesagt wurde&#8220;, kl\u00e4rte sein Trainer an. Dennoch erhielt Bidou zwei Spiele Sperre und wird am Sonntag im Gastspiel bei Rot-Wei\u00df Darmstadt ausfallen. Unabh\u00e4ngig vom Ausscheiden kam das Pokalspiel aber recht, um wieder Spielpraxis zu sammeln. Denn durch den Spielausfall in Hanau und das spielfreie Wochenende waren die &#8222;Speuzer&#8220; elf Tage ohne Spiel.\u00a0<\/span><\/span><\/p>\n<h5><span style=\"font-size: 16px;\">Schiedsrichter: Rajinder Mahey (Concordia Eschersheim). Zuschauer: 93. <\/span><\/h5>\n<h5><span style=\"font-size: 16px;\">Tore: 1:0 Ertugrul Erdogan (5.\/Eigentor), 1:1 Ertugrul Erdogan (16.), 2:1 Sevki Cevik (47.), 2:2 Aziz Bidou (77.\/Foulelfmeter), 3:2 Masse Bell Bell (90.\/+3, Foulelfmeter). <\/span><\/h5>\n<h5><span style=\"font-size: 16px;\">\u00a0<\/span><\/h5>\n<p>\u00a0<\/p>\n\n\n<div class=\"wp-block-columns is-layout-flex wp-container-core-columns-is-layout-28f84493 wp-block-columns-is-layout-flex\">\n<div class=\"wp-block-column is-layout-flow wp-block-column-is-layout-flow\">\n<figure class=\"wp-block-gallery has-nested-images columns-default is-cropped wp-block-gallery-1 is-layout-flex wp-block-gallery-is-layout-flex\">\n<figure class=\"wp-block-image size-large is-style-default\"><img loading=\"lazy\" decoding=\"async\" width=\"1024\" height=\"768\" data-id=\"6537\" src=\"http:\/\/insideamateurfussball-ffm.de\/wp-content\/uploads\/2023\/03\/Obe1-1024x768.jpg\" alt=\"\" class=\"wp-image-6537\" srcset=\"https:\/\/insideamateurfussball-ffm.de\/wp-content\/uploads\/2023\/03\/Obe1-1024x768.jpg 1024w, https:\/\/insideamateurfussball-ffm.de\/wp-content\/uploads\/2023\/03\/Obe1-300x225.jpg 300w, https:\/\/insideamateurfussball-ffm.de\/wp-content\/uploads\/2023\/03\/Obe1-768x576.jpg 768w, https:\/\/insideamateurfussball-ffm.de\/wp-content\/uploads\/2023\/03\/Obe1-1536x1152.jpg 1536w, https:\/\/insideamateurfussball-ffm.de\/wp-content\/uploads\/2023\/03\/Obe1.jpg 2048w\" sizes=\"auto, (max-width: 1024px) 100vw, 1024px\" \/><\/figure>\n<\/figure>\n<\/div>\n\n\n\n<div class=\"wp-block-column is-layout-flow wp-block-column-is-layout-flow\">\n<figure class=\"wp-block-image size-large is-style-default\"><img loading=\"lazy\" decoding=\"async\" width=\"1024\" height=\"768\" src=\"http:\/\/insideamateurfussball-ffm.de\/wp-content\/uploads\/2023\/03\/Obe2-1024x768.jpg\" alt=\"\" class=\"wp-image-6538\" srcset=\"https:\/\/insideamateurfussball-ffm.de\/wp-content\/uploads\/2023\/03\/Obe2-1024x768.jpg 1024w, https:\/\/insideamateurfussball-ffm.de\/wp-content\/uploads\/2023\/03\/Obe2-300x225.jpg 300w, https:\/\/insideamateurfussball-ffm.de\/wp-content\/uploads\/2023\/03\/Obe2-768x576.jpg 768w, https:\/\/insideamateurfussball-ffm.de\/wp-content\/uploads\/2023\/03\/Obe2-1536x1152.jpg 1536w, https:\/\/insideamateurfussball-ffm.de\/wp-content\/uploads\/2023\/03\/Obe2.jpg 2048w\" sizes=\"auto, (max-width: 1024px) 100vw, 1024px\" \/><\/figure>\n<\/div>\n\n\n\n<div class=\"wp-block-column is-layout-flow wp-block-column-is-layout-flow\">\n<figure class=\"wp-block-gallery has-nested-images columns-default is-cropped wp-block-gallery-2 is-layout-flex wp-block-gallery-is-layout-flex\">\n<figure class=\"wp-block-image size-large is-style-default\"><img loading=\"lazy\" decoding=\"async\" width=\"1024\" height=\"768\" data-id=\"6539\" src=\"http:\/\/insideamateurfussball-ffm.de\/wp-content\/uploads\/2023\/03\/Obe3-1024x768.jpg\" alt=\"\" class=\"wp-image-6539\" srcset=\"https:\/\/insideamateurfussball-ffm.de\/wp-content\/uploads\/2023\/03\/Obe3-1024x768.jpg 1024w, https:\/\/insideamateurfussball-ffm.de\/wp-content\/uploads\/2023\/03\/Obe3-300x225.jpg 300w, https:\/\/insideamateurfussball-ffm.de\/wp-content\/uploads\/2023\/03\/Obe3-768x576.jpg 768w, https:\/\/insideamateurfussball-ffm.de\/wp-content\/uploads\/2023\/03\/Obe3-1536x1152.jpg 1536w, https:\/\/insideamateurfussball-ffm.de\/wp-content\/uploads\/2023\/03\/Obe3.jpg 2048w\" sizes=\"auto, (max-width: 1024px) 100vw, 1024px\" \/><\/figure>\n<\/figure>\n<\/div>\n<\/div>\n\n\n\n<div class=\"wp-block-columns is-layout-flex wp-container-core-columns-is-layout-28f84493 wp-block-columns-is-layout-flex\">\n<div class=\"wp-block-column is-layout-flow wp-block-column-is-layout-flow\">\n<figure class=\"wp-block-gallery has-nested-images columns-default is-cropped wp-block-gallery-3 is-layout-flex wp-block-gallery-is-layout-flex\">\n<figure class=\"wp-block-image size-large is-style-default\"><img loading=\"lazy\" decoding=\"async\" width=\"1024\" height=\"768\" data-id=\"6540\" src=\"http:\/\/insideamateurfussball-ffm.de\/wp-content\/uploads\/2023\/03\/Obe4-1024x768.jpg\" alt=\"\" class=\"wp-image-6540\" srcset=\"https:\/\/insideamateurfussball-ffm.de\/wp-content\/uploads\/2023\/03\/Obe4-1024x768.jpg 1024w, https:\/\/insideamateurfussball-ffm.de\/wp-content\/uploads\/2023\/03\/Obe4-300x225.jpg 300w, https:\/\/insideamateurfussball-ffm.de\/wp-content\/uploads\/2023\/03\/Obe4-768x576.jpg 768w, https:\/\/insideamateurfussball-ffm.de\/wp-content\/uploads\/2023\/03\/Obe4-1536x1152.jpg 1536w, https:\/\/insideamateurfussball-ffm.de\/wp-content\/uploads\/2023\/03\/Obe4.jpg 2048w\" sizes=\"auto, (max-width: 1024px) 100vw, 1024px\" \/><\/figure>\n<\/figure>\n<\/div>\n\n\n\n<div class=\"wp-block-column is-layout-flow wp-block-column-is-layout-flow\">\n<figure class=\"wp-block-image size-large is-style-default\"><img loading=\"lazy\" decoding=\"async\" width=\"1024\" height=\"768\" src=\"http:\/\/insideamateurfussball-ffm.de\/wp-content\/uploads\/2023\/03\/Obe5-1024x768.jpg\" alt=\"\" class=\"wp-image-6541\" srcset=\"https:\/\/insideamateurfussball-ffm.de\/wp-content\/uploads\/2023\/03\/Obe5-1024x768.jpg 1024w, https:\/\/insideamateurfussball-ffm.de\/wp-content\/uploads\/2023\/03\/Obe5-300x225.jpg 300w, https:\/\/insideamateurfussball-ffm.de\/wp-content\/uploads\/2023\/03\/Obe5-768x576.jpg 768w, https:\/\/insideamateurfussball-ffm.de\/wp-content\/uploads\/2023\/03\/Obe5-1536x1152.jpg 1536w, https:\/\/insideamateurfussball-ffm.de\/wp-content\/uploads\/2023\/03\/Obe5.jpg 2048w\" sizes=\"auto, (max-width: 1024px) 100vw, 1024px\" \/><\/figure>\n<\/div>\n\n\n\n<div class=\"wp-block-column is-layout-flow wp-block-column-is-layout-flow\">\n<figure class=\"wp-block-gallery has-nested-images columns-default is-cropped wp-block-gallery-4 is-layout-flex wp-block-gallery-is-layout-flex\">\n<figure class=\"wp-block-image size-large is-style-default\"><img loading=\"lazy\" decoding=\"async\" width=\"1024\" height=\"768\" data-id=\"6542\" src=\"http:\/\/insideamateurfussball-ffm.de\/wp-content\/uploads\/2023\/03\/Obe6-1024x768.jpg\" alt=\"\" class=\"wp-image-6542\" srcset=\"https:\/\/insideamateurfussball-ffm.de\/wp-content\/uploads\/2023\/03\/Obe6-1024x768.jpg 1024w, https:\/\/insideamateurfussball-ffm.de\/wp-content\/uploads\/2023\/03\/Obe6-300x225.jpg 300w, https:\/\/insideamateurfussball-ffm.de\/wp-content\/uploads\/2023\/03\/Obe6-768x576.jpg 768w, https:\/\/insideamateurfussball-ffm.de\/wp-content\/uploads\/2023\/03\/Obe6-1536x1152.jpg 1536w, https:\/\/insideamateurfussball-ffm.de\/wp-content\/uploads\/2023\/03\/Obe6.jpg 2048w\" sizes=\"auto, (max-width: 1024px) 100vw, 1024px\" \/><\/figure>\n<\/figure>\n<\/div>\n<\/div>\n","protected":false},"excerpt":{"rendered":"<p>Erstmals seit 2016 steht die Spvgg. 05 Oberrad im Halbfinale des Kreispokales. In den beiden Hessenliga-Saisons 2014\/15 und 2015\/16 hatten die Oberr\u00e4der unter der Regie von Trainer Mustafa Fil jeweils gegen Rot-Weiss Frankfurt zweimal in Folge den Cup gewonnen. Im Hessen-Pokal scheiterte Oberrad im Achtelfinale gegen Drittligist SV Wehen Wiesbaden vor 500 Zuschauern mit 1:2. [&hellip;]<\/p>\n","protected":false},"author":1,"featured_media":6536,"comment_status":"open","ping_status":"open","sticky":false,"template":"","format":"standard","meta":{"footnotes":""},"categories":[9],"tags":[],"class_list":["post-6535","post","type-post","status-publish","format-standard","has-post-thumbnail","hentry","category-kreispokal"],"_links":{"self":[{"href":"https:\/\/insideamateurfussball-ffm.de\/index.php?rest_route=\/wp\/v2\/posts\/6535","targetHints":{"allow":["GET"]}}],"collection":[{"href":"https:\/\/insideamateurfussball-ffm.de\/index.php?rest_route=\/wp\/v2\/posts"}],"about":[{"href":"https:\/\/insideamateurfussball-ffm.de\/index.php?rest_route=\/wp\/v2\/types\/post"}],"author":[{"embeddable":true,"href":"https:\/\/insideamateurfussball-ffm.de\/index.php?rest_route=\/wp\/v2\/users\/1"}],"replies":[{"embeddable":true,"href":"https:\/\/insideamateurfussball-ffm.de\/index.php?rest_route=%2Fwp%2Fv2%2Fcomments&post=6535"}],"version-history":[{"count":1,"href":"https:\/\/insideamateurfussball-ffm.de\/index.php?rest_route=\/wp\/v2\/posts\/6535\/revisions"}],"predecessor-version":[{"id":6543,"href":"https:\/\/insideamateurfussball-ffm.de\/index.php?rest_route=\/wp\/v2\/posts\/6535\/revisions\/6543"}],"wp:featuredmedia":[{"embeddable":true,"href":"https:\/\/insideamateurfussball-ffm.de\/index.php?rest_route=\/wp\/v2\/media\/6536"}],"wp:attachment":[{"href":"https:\/\/insideamateurfussball-ffm.de\/index.php?rest_route=%2Fwp%2Fv2%2Fmedia&parent=6535"}],"wp:term":[{"taxonomy":"category","embeddable":true,"href":"https:\/\/insideamateurfussball-ffm.de\/index.php?rest_route=%2Fwp%2Fv2%2Fcategories&post=6535"},{"taxonomy":"post_tag","embeddable":true,"href":"https:\/\/insideamateurfussball-ffm.de\/index.php?rest_route=%2Fwp%2Fv2%2Ftags&post=6535"}],"curies":[{"name":"wp","href":"https:\/\/api.w.org\/{rel}","templated":true}]}}