{"id":6517,"date":"2023-03-26T00:52:46","date_gmt":"2023-03-25T22:52:46","guid":{"rendered":"http:\/\/insideamateurfussball-ffm.de\/?p=6517"},"modified":"2025-01-25T14:25:20","modified_gmt":"2025-01-25T13:25:20","slug":"bornheim-nach-wahnsinn-im-halbfinale","status":"publish","type":"post","link":"https:\/\/insideamateurfussball-ffm.de\/?p=6517","title":{"rendered":"Bornheim nach &#8222;Wahnsinn&#8220; im Halbfinale"},"content":{"rendered":"<h5><span style=\"font-size: 16px;\">Es war ein denkw\u00fcrdiger Pokalabend an der Ackermannwiese. Titelverteidiger SG Bornheim\/Gr\u00fcn-Wei\u00df setzte sich erst in der Verl\u00e4ngerung mit 5:4 bei Gruppenligist SV BKC Bosnien durch und steht im Halbfinale des Kreispokales. In diesem tritt der Verbandsligist ausw\u00e4rts beim Sieger des vierten Viertelfinales zwischen Kreisoberligist FC Kosova und Ligakonkurrent Rot-Weiss Frankfurt an.\u00a0<\/span><\/h5>\n<figure id=\"attachment_6518\" aria-describedby=\"caption-attachment-6518\" style=\"width: 313px\" class=\"wp-caption alignleft\"><img loading=\"lazy\" decoding=\"async\" class=\"wp-image-6518\" src=\"http:\/\/insideamateurfussball-ffm.de\/wp-content\/uploads\/2023\/03\/bos2-4-300x199.jpg\" alt=\"\" width=\"313\" height=\"208\" srcset=\"https:\/\/insideamateurfussball-ffm.de\/wp-content\/uploads\/2023\/03\/bos2-4-300x199.jpg 300w, https:\/\/insideamateurfussball-ffm.de\/wp-content\/uploads\/2023\/03\/bos2-4.jpg 709w\" sizes=\"auto, (max-width: 313px) 100vw, 313px\" \/><figcaption id=\"caption-attachment-6518\" class=\"wp-caption-text\">Bornheimer und Bosnier boten einen irren Pokalkrimi. Foto: Mithat G\u00fcrser.\u00a0 \u00a0\u00a0<\/figcaption><\/figure>\n<h5>SV BKC Bosnien &#8211; SG Bornheim\/Gr\u00fcn-Wei\u00df 4:5 nach Verl\u00e4ngerung (0:2\/3:3\/4:4)<\/h5>\n<p><img loading=\"lazy\" decoding=\"async\" class=\"alignnone size-full wp-image-139\" src=\"http:\/\/insideamateurfussball-ffm.de\/wp-content\/uploads\/2022\/05\/Bosnien.jpg\" alt=\"\" width=\"79\" height=\"80\" \/><img loading=\"lazy\" decoding=\"async\" class=\"alignnone size-full wp-image-119\" src=\"http:\/\/insideamateurfussball-ffm.de\/wp-content\/uploads\/2022\/05\/Bornheim.jpg\" alt=\"\" width=\"80\" height=\"80\" \/><\/p>\n<p><span style=\"font-size: 16px;\"><span style=\"color: #333300;\">Gab es noch nicht? Denkste! Saison 2018\/19, 2. Runde. Bosnien f\u00fchrte zur Pause unter der Regie von Trainer Rasim Grabovica auf neutralem Platz an der Griesheimer Eichenstra\u00dfe mit 4:0. Dann nahm der Coach im Gef\u00fchl des sicheren Sieges seine besten drei Spieler raus. Der Schuss ging nach hinten los, die Bornheimer wendeten noch in der regul\u00e4ren Spielzeit das Blatt und kamen mit 5:4 eine Runde weiter. <\/span><\/span><\/p>\n<p><span style=\"font-size: 16px;\"><span style=\"color: #333300;\">Der SV BKC Bosnien erlebte im Kreispokal am Mittwochabend auch diesmal wie so gegen Verbandsligist SG Bornheim\/Gr\u00fcn-Wei\u00df einen irren Pokalfight. Den 0:3-R\u00fcckstand nach 82 Minuten glichen die eingewechselten St\u00fcrmer Hamza Reko (83.\/90.+3) und Adis Hasecic (85.) noch aus. In der Verl\u00e4ngerung brachte Sanih Nasic die Bosnier gar in F\u00fchrung (92.), doch es reichte nicht, da der Verbandsligist mit zwei Toren noch das Blatt wendete.<\/span><\/span><\/p>\n<h5><span style=\"font-size: 16px;\">Bosnier zwingen Bornheim in die Verl\u00e4ngerung\u00a0<\/span><\/h5>\n<p><span style=\"font-size: 16px;\"><span style=\"color: #333300;\">&#8222;Wir haben f\u00fcnf Stammkr\u00e4fte geschont und waren nicht in Bestbesetzung. Dennoch haben wir ein unglaubliches Spiel abgeliefert. Eine Entscheidung via Elfmeterschie\u00dfen w\u00e4re gerecht gewesen&#8220;, meinte BKC-Pressesprecher Admir Malohodzic. Die SG Bornheim\/Gr\u00fcn-Wei\u00df erlebte an der Ackermannwiese einen Pokalfight voller Emotionen. Die sicher geglaubte 3:0-F\u00fchrung durch Valerio Lettieri (9.) und Min Jae Kim (33.\/70.) glichen die Bosnier in wenigen Minuten aus und zwangen die Bornheimer in die Verl\u00e4ngerung. <\/span><\/span><\/p>\n<p><span style=\"font-size: 16px;\"><span style=\"color: #333300;\">In dieser geriet das Team von Trainer Sascha Volk gar in R\u00fcckstand und glich postwendend durch Aaron Neu aus (93.), der seinem Team kurz vor Schluss das Elfmeterschie\u00dfen ersparte (118.). &#8222;Das war Wahnsinn. Positiv war aber, dass wir dank unserer mentalen St\u00e4rke nicht zusammen gebrochen sind und im Halbfinale stehen&#8220;, rekapitulierte Volk. <\/span><\/span><\/p>\n<h5><span style=\"font-size: 16px;\"><span style=\"color: #333300;\">Schiedsrichter: Sebastian Wiesner (Frankfurt). Zuschauer: 100. <\/span><\/span><\/h5>\n<h5><span style=\"font-size: 16px;\"><span style=\"color: #333300;\">Tore: 0:1 Valerio Lettieri (9.), 0:2, 0:3 Min Jae Kim (33.\/70.), 1:3 Hamza Reko (83.), 2:3 Adis Hasecic (85.), 3:3 Hamza Reko (90.\/+3), 4:3 Sanih Nasic (92.), 4:4, 4:5 Aaron Neu (93.\/118.).<\/span><\/span><\/h5>\n<ul>\n<li><span style=\"font-size: 16px;\">Bildergalerie: Mithat G\u00fcrser war f\u00fcr uns an der Ackermannwiese vor Ort! Vielen Dank!\u00a0<\/span><\/li>\n<\/ul>\n<p>\u00a0<\/p>\n\n\n<div class=\"wp-block-columns is-layout-flex wp-container-core-columns-is-layout-28f84493 wp-block-columns-is-layout-flex\">\n<div class=\"wp-block-column is-layout-flow wp-block-column-is-layout-flow\">\n<figure class=\"wp-block-gallery has-nested-images columns-default is-cropped wp-block-gallery-1 is-layout-flex wp-block-gallery-is-layout-flex\">\n<figure class=\"wp-block-image size-large is-style-default\"><img loading=\"lazy\" decoding=\"async\" width=\"709\" height=\"504\" data-id=\"6519\" src=\"http:\/\/insideamateurfussball-ffm.de\/wp-content\/uploads\/2023\/03\/bos7-4.jpg\" alt=\"\" class=\"wp-image-6519\" srcset=\"https:\/\/insideamateurfussball-ffm.de\/wp-content\/uploads\/2023\/03\/bos7-4.jpg 709w, https:\/\/insideamateurfussball-ffm.de\/wp-content\/uploads\/2023\/03\/bos7-4-300x213.jpg 300w\" sizes=\"auto, (max-width: 709px) 100vw, 709px\" \/><\/figure>\n<\/figure>\n<\/div>\n\n\n\n<div class=\"wp-block-column is-layout-flow wp-block-column-is-layout-flow\">\n<figure class=\"wp-block-image size-full is-style-default\"><img loading=\"lazy\" decoding=\"async\" width=\"720\" height=\"516\" src=\"http:\/\/insideamateurfussball-ffm.de\/wp-content\/uploads\/2023\/03\/bos17-2.jpg\" alt=\"\" class=\"wp-image-6520\" srcset=\"https:\/\/insideamateurfussball-ffm.de\/wp-content\/uploads\/2023\/03\/bos17-2.jpg 720w, https:\/\/insideamateurfussball-ffm.de\/wp-content\/uploads\/2023\/03\/bos17-2-300x215.jpg 300w\" sizes=\"auto, (max-width: 720px) 100vw, 720px\" \/><\/figure>\n<\/div>\n\n\n\n<div class=\"wp-block-column is-layout-flow wp-block-column-is-layout-flow\">\n<figure class=\"wp-block-gallery has-nested-images columns-default is-cropped wp-block-gallery-2 is-layout-flex wp-block-gallery-is-layout-flex\">\n<figure class=\"wp-block-image size-large is-style-default\"><img loading=\"lazy\" decoding=\"async\" width=\"709\" height=\"467\" data-id=\"6521\" src=\"http:\/\/insideamateurfussball-ffm.de\/wp-content\/uploads\/2023\/03\/bos3-4.jpg\" alt=\"\" class=\"wp-image-6521\" srcset=\"https:\/\/insideamateurfussball-ffm.de\/wp-content\/uploads\/2023\/03\/bos3-4.jpg 709w, https:\/\/insideamateurfussball-ffm.de\/wp-content\/uploads\/2023\/03\/bos3-4-300x198.jpg 300w\" sizes=\"auto, (max-width: 709px) 100vw, 709px\" \/><\/figure>\n<\/figure>\n<\/div>\n<\/div>\n\n\n\n<div class=\"wp-block-columns is-layout-flex wp-container-core-columns-is-layout-28f84493 wp-block-columns-is-layout-flex\">\n<div class=\"wp-block-column is-layout-flow wp-block-column-is-layout-flow\">\n<figure class=\"wp-block-image size-full is-style-default\"><img loading=\"lazy\" decoding=\"async\" width=\"709\" height=\"510\" src=\"http:\/\/insideamateurfussball-ffm.de\/wp-content\/uploads\/2023\/03\/bos8-4.jpg\" alt=\"\" class=\"wp-image-6522\" srcset=\"https:\/\/insideamateurfussball-ffm.de\/wp-content\/uploads\/2023\/03\/bos8-4.jpg 709w, https:\/\/insideamateurfussball-ffm.de\/wp-content\/uploads\/2023\/03\/bos8-4-300x216.jpg 300w\" sizes=\"auto, (max-width: 709px) 100vw, 709px\" \/><\/figure>\n<\/div>\n\n\n\n<div class=\"wp-block-column is-layout-flow wp-block-column-is-layout-flow\">\n<figure class=\"wp-block-gallery has-nested-images columns-default is-cropped wp-block-gallery-3 is-layout-flex wp-block-gallery-is-layout-flex\">\n<figure class=\"wp-block-image size-large is-style-default\"><img loading=\"lazy\" decoding=\"async\" width=\"709\" height=\"526\" data-id=\"6523\" src=\"http:\/\/insideamateurfussball-ffm.de\/wp-content\/uploads\/2023\/03\/bos0.jpg\" alt=\"\" class=\"wp-image-6523\" srcset=\"https:\/\/insideamateurfussball-ffm.de\/wp-content\/uploads\/2023\/03\/bos0.jpg 709w, https:\/\/insideamateurfussball-ffm.de\/wp-content\/uploads\/2023\/03\/bos0-300x223.jpg 300w\" sizes=\"auto, (max-width: 709px) 100vw, 709px\" \/><\/figure>\n<\/figure>\n<\/div>\n\n\n\n<div class=\"wp-block-column is-layout-flow wp-block-column-is-layout-flow\">\n<figure class=\"wp-block-image size-full is-style-default\"><img loading=\"lazy\" decoding=\"async\" width=\"709\" height=\"481\" src=\"http:\/\/insideamateurfussball-ffm.de\/wp-content\/uploads\/2023\/03\/bos4-5.jpg\" alt=\"\" class=\"wp-image-6524\" srcset=\"https:\/\/insideamateurfussball-ffm.de\/wp-content\/uploads\/2023\/03\/bos4-5.jpg 709w, https:\/\/insideamateurfussball-ffm.de\/wp-content\/uploads\/2023\/03\/bos4-5-300x204.jpg 300w\" sizes=\"auto, (max-width: 709px) 100vw, 709px\" \/><\/figure>\n<\/div>\n<\/div>\n\n\n\n<div class=\"wp-block-columns is-layout-flex wp-container-core-columns-is-layout-28f84493 wp-block-columns-is-layout-flex\">\n<div class=\"wp-block-column is-layout-flow wp-block-column-is-layout-flow\">\n<figure class=\"wp-block-gallery has-nested-images columns-default is-cropped wp-block-gallery-4 is-layout-flex wp-block-gallery-is-layout-flex\">\n<figure class=\"wp-block-image size-large is-style-default\"><img loading=\"lazy\" decoding=\"async\" width=\"717\" height=\"519\" data-id=\"6525\" src=\"http:\/\/insideamateurfussball-ffm.de\/wp-content\/uploads\/2023\/03\/bos9-5.jpg\" alt=\"\" class=\"wp-image-6525\" srcset=\"https:\/\/insideamateurfussball-ffm.de\/wp-content\/uploads\/2023\/03\/bos9-5.jpg 717w, https:\/\/insideamateurfussball-ffm.de\/wp-content\/uploads\/2023\/03\/bos9-5-300x217.jpg 300w\" sizes=\"auto, (max-width: 717px) 100vw, 717px\" \/><\/figure>\n<\/figure>\n<\/div>\n\n\n\n<div class=\"wp-block-column is-layout-flow wp-block-column-is-layout-flow\">\n<figure class=\"wp-block-image size-full is-style-default\"><img loading=\"lazy\" decoding=\"async\" width=\"709\" height=\"471\" src=\"http:\/\/insideamateurfussball-ffm.de\/wp-content\/uploads\/2023\/03\/bos01.jpg\" alt=\"\" class=\"wp-image-6526\" srcset=\"https:\/\/insideamateurfussball-ffm.de\/wp-content\/uploads\/2023\/03\/bos01.jpg 709w, https:\/\/insideamateurfussball-ffm.de\/wp-content\/uploads\/2023\/03\/bos01-300x199.jpg 300w\" sizes=\"auto, (max-width: 709px) 100vw, 709px\" \/><\/figure>\n<\/div>\n\n\n\n<div class=\"wp-block-column is-layout-flow wp-block-column-is-layout-flow\">\n<figure class=\"wp-block-gallery has-nested-images columns-default is-cropped wp-block-gallery-5 is-layout-flex wp-block-gallery-is-layout-flex\">\n<figure class=\"wp-block-image size-large is-style-default\"><img loading=\"lazy\" decoding=\"async\" width=\"1024\" height=\"683\" data-id=\"6527\" src=\"http:\/\/insideamateurfussball-ffm.de\/wp-content\/uploads\/2023\/03\/bos5-5-1024x683.jpg\" alt=\"\" class=\"wp-image-6527\" srcset=\"https:\/\/insideamateurfussball-ffm.de\/wp-content\/uploads\/2023\/03\/bos5-5-1024x683.jpg 1024w, https:\/\/insideamateurfussball-ffm.de\/wp-content\/uploads\/2023\/03\/bos5-5-300x200.jpg 300w, https:\/\/insideamateurfussball-ffm.de\/wp-content\/uploads\/2023\/03\/bos5-5-768x512.jpg 768w, https:\/\/insideamateurfussball-ffm.de\/wp-content\/uploads\/2023\/03\/bos5-5.jpg 1037w\" sizes=\"auto, (max-width: 1024px) 100vw, 1024px\" \/><\/figure>\n<\/figure>\n<\/div>\n<\/div>\n\n\n\n<div class=\"wp-block-columns is-layout-flex wp-container-core-columns-is-layout-28f84493 wp-block-columns-is-layout-flex\">\n<div class=\"wp-block-column is-layout-flow wp-block-column-is-layout-flow\">\n<figure class=\"wp-block-image size-full is-style-default\"><img loading=\"lazy\" decoding=\"async\" width=\"709\" height=\"495\" src=\"http:\/\/insideamateurfussball-ffm.de\/wp-content\/uploads\/2023\/03\/bos15-1.jpg\" alt=\"\" class=\"wp-image-6528\" srcset=\"https:\/\/insideamateurfussball-ffm.de\/wp-content\/uploads\/2023\/03\/bos15-1.jpg 709w, https:\/\/insideamateurfussball-ffm.de\/wp-content\/uploads\/2023\/03\/bos15-1-300x209.jpg 300w\" sizes=\"auto, (max-width: 709px) 100vw, 709px\" \/><\/figure>\n<\/div>\n\n\n\n<div class=\"wp-block-column is-layout-flow wp-block-column-is-layout-flow\">\n<figure class=\"wp-block-gallery has-nested-images columns-default is-cropped wp-block-gallery-6 is-layout-flex wp-block-gallery-is-layout-flex\">\n<figure class=\"wp-block-image size-large is-style-default\"><img loading=\"lazy\" decoding=\"async\" width=\"709\" height=\"472\" data-id=\"6529\" src=\"http:\/\/insideamateurfussball-ffm.de\/wp-content\/uploads\/2023\/03\/bos1-5.jpg\" alt=\"\" class=\"wp-image-6529\" srcset=\"https:\/\/insideamateurfussball-ffm.de\/wp-content\/uploads\/2023\/03\/bos1-5.jpg 709w, https:\/\/insideamateurfussball-ffm.de\/wp-content\/uploads\/2023\/03\/bos1-5-300x200.jpg 300w\" sizes=\"auto, (max-width: 709px) 100vw, 709px\" \/><\/figure>\n<\/figure>\n<\/div>\n\n\n\n<div class=\"wp-block-column is-layout-flow wp-block-column-is-layout-flow\">\n<figure class=\"wp-block-image size-full is-style-default\"><img loading=\"lazy\" decoding=\"async\" width=\"709\" height=\"490\" src=\"http:\/\/insideamateurfussball-ffm.de\/wp-content\/uploads\/2023\/03\/bos6-3.jpg\" alt=\"\" class=\"wp-image-6530\" srcset=\"https:\/\/insideamateurfussball-ffm.de\/wp-content\/uploads\/2023\/03\/bos6-3.jpg 709w, https:\/\/insideamateurfussball-ffm.de\/wp-content\/uploads\/2023\/03\/bos6-3-300x207.jpg 300w\" sizes=\"auto, (max-width: 709px) 100vw, 709px\" \/><\/figure>\n<\/div>\n<\/div>\n\n\n\n<div class=\"wp-block-columns is-layout-flex wp-container-core-columns-is-layout-28f84493 wp-block-columns-is-layout-flex\">\n<div class=\"wp-block-column is-layout-flow wp-block-column-is-layout-flow\">\n<figure class=\"wp-block-gallery has-nested-images columns-default is-cropped wp-block-gallery-7 is-layout-flex wp-block-gallery-is-layout-flex\">\n<figure class=\"wp-block-image size-large is-style-default\"><img loading=\"lazy\" decoding=\"async\" width=\"709\" height=\"512\" data-id=\"6531\" src=\"http:\/\/insideamateurfussball-ffm.de\/wp-content\/uploads\/2023\/03\/bos16.jpg\" alt=\"\" class=\"wp-image-6531\" srcset=\"https:\/\/insideamateurfussball-ffm.de\/wp-content\/uploads\/2023\/03\/bos16.jpg 709w, https:\/\/insideamateurfussball-ffm.de\/wp-content\/uploads\/2023\/03\/bos16-300x217.jpg 300w\" sizes=\"auto, (max-width: 709px) 100vw, 709px\" \/><\/figure>\n<\/figure>\n<\/div>\n\n\n\n<div class=\"wp-block-column is-layout-flow wp-block-column-is-layout-flow\">\n<figure class=\"wp-block-image size-full is-style-default\"><img loading=\"lazy\" decoding=\"async\" width=\"712\" height=\"472\" src=\"http:\/\/insideamateurfussball-ffm.de\/wp-content\/uploads\/2023\/03\/bos1a.jpg\" alt=\"\" class=\"wp-image-6532\" srcset=\"https:\/\/insideamateurfussball-ffm.de\/wp-content\/uploads\/2023\/03\/bos1a.jpg 712w, https:\/\/insideamateurfussball-ffm.de\/wp-content\/uploads\/2023\/03\/bos1a-300x199.jpg 300w\" sizes=\"auto, (max-width: 712px) 100vw, 712px\" \/><\/figure>\n<\/div>\n\n\n\n<div class=\"wp-block-column is-layout-flow wp-block-column-is-layout-flow\"><\/div>\n<\/div>\n","protected":false},"excerpt":{"rendered":"<p>Es war ein denkw\u00fcrdiger Pokalabend an der Ackermannwiese. Titelverteidiger SG Bornheim\/Gr\u00fcn-Wei\u00df setzte sich erst in der Verl\u00e4ngerung mit 5:4 bei Gruppenligist SV BKC Bosnien durch und steht im Halbfinale des Kreispokales. In diesem tritt der Verbandsligist ausw\u00e4rts beim Sieger des vierten Viertelfinales zwischen Kreisoberligist FC Kosova und Ligakonkurrent Rot-Weiss Frankfurt an.\u00a0 SV BKC Bosnien &#8211; [&hellip;]<\/p>\n","protected":false},"author":1,"featured_media":6518,"comment_status":"open","ping_status":"open","sticky":false,"template":"","format":"standard","meta":{"footnotes":""},"categories":[9],"tags":[],"class_list":["post-6517","post","type-post","status-publish","format-standard","has-post-thumbnail","hentry","category-kreispokal"],"_links":{"self":[{"href":"https:\/\/insideamateurfussball-ffm.de\/index.php?rest_route=\/wp\/v2\/posts\/6517","targetHints":{"allow":["GET"]}}],"collection":[{"href":"https:\/\/insideamateurfussball-ffm.de\/index.php?rest_route=\/wp\/v2\/posts"}],"about":[{"href":"https:\/\/insideamateurfussball-ffm.de\/index.php?rest_route=\/wp\/v2\/types\/post"}],"author":[{"embeddable":true,"href":"https:\/\/insideamateurfussball-ffm.de\/index.php?rest_route=\/wp\/v2\/users\/1"}],"replies":[{"embeddable":true,"href":"https:\/\/insideamateurfussball-ffm.de\/index.php?rest_route=%2Fwp%2Fv2%2Fcomments&post=6517"}],"version-history":[{"count":2,"href":"https:\/\/insideamateurfussball-ffm.de\/index.php?rest_route=\/wp\/v2\/posts\/6517\/revisions"}],"predecessor-version":[{"id":6534,"href":"https:\/\/insideamateurfussball-ffm.de\/index.php?rest_route=\/wp\/v2\/posts\/6517\/revisions\/6534"}],"wp:featuredmedia":[{"embeddable":true,"href":"https:\/\/insideamateurfussball-ffm.de\/index.php?rest_route=\/wp\/v2\/media\/6518"}],"wp:attachment":[{"href":"https:\/\/insideamateurfussball-ffm.de\/index.php?rest_route=%2Fwp%2Fv2%2Fmedia&parent=6517"}],"wp:term":[{"taxonomy":"category","embeddable":true,"href":"https:\/\/insideamateurfussball-ffm.de\/index.php?rest_route=%2Fwp%2Fv2%2Fcategories&post=6517"},{"taxonomy":"post_tag","embeddable":true,"href":"https:\/\/insideamateurfussball-ffm.de\/index.php?rest_route=%2Fwp%2Fv2%2Ftags&post=6517"}],"curies":[{"name":"wp","href":"https:\/\/api.w.org\/{rel}","templated":true}]}}