{"id":649,"date":"2022-06-08T15:50:42","date_gmt":"2022-06-08T15:50:42","guid":{"rendered":"http:\/\/insideamateurfussball-ffm.de\/?p=649"},"modified":"2025-01-03T18:15:08","modified_gmt":"2025-01-03T17:15:08","slug":"aufsteiger-harheim-macht-80-punkte-voll","status":"publish","type":"post","link":"https:\/\/insideamateurfussball-ffm.de\/?p=649","title":{"rendered":"Aufsteiger Harheim macht 80 Punkte voll"},"content":{"rendered":"<h5>SG Harheim &#8211; 1. FC 02 R\u00f6delheim 4:0 (3:0)<\/h5>\n<p><img loading=\"lazy\" decoding=\"async\" class=\"alignnone size-full wp-image-284\" src=\"http:\/\/insideamateurfussball-ffm.de\/wp-content\/uploads\/2022\/05\/Harheim.jpg\" alt=\"\" width=\"78\" height=\"80\" \/><img loading=\"lazy\" decoding=\"async\" class=\"alignnone size-full wp-image-333\" src=\"http:\/\/insideamateurfussball-ffm.de\/wp-content\/uploads\/2022\/05\/Roedelheim.jpg\" alt=\"\" width=\"80\" height=\"73\" \/><\/p>\n<figure id=\"attachment_650\" aria-describedby=\"caption-attachment-650\" style=\"width: 300px\" class=\"wp-caption alignnone\"><img loading=\"lazy\" decoding=\"async\" class=\"wp-image-650 size-medium\" src=\"http:\/\/insideamateurfussball-ffm.de\/wp-content\/uploads\/2022\/06\/SGH-300x207.jpg\" alt=\"\" width=\"300\" height=\"207\" \/><figcaption id=\"caption-attachment-650\" class=\"wp-caption-text\">R\u00f6delheims Niklas Vogt k\u00f6pft den Ball vor Harheims Nico Wetzel weg. Foto: Dago Reinprecht.<\/figcaption><\/figure>\n<p>Der gesamte n\u00f6rdliche Frankfurter Stadtteil Harheim befand sich in Feierlaune, denn am Nachmittag hatte die Reserve in der B-Klasse durch einen 3:1-Sieg bei Schwarz-Wei\u00df Griesheim die Vizemeisterschaft und den damit verbundenen Aufstieg in die A-Klasse realisiert. Aus dieser steigt die Erste Mannschaft der Harheimer als Meister erstmals in die Kreisoberliga Frankfurt auf. Nachdem der Club von der Riedhalsstra\u00dfe in den letzten zehn Jahren immer einen einstelligen Tabellenplatz belegte, gelang nun also mit dem Doppel-Aufstieg der gr\u00f6\u00dfte Erfolg der Vereinsgeschichte.<\/p>\n<p>Einen gro\u00dfen Anteil am Aufschwung haben die beiden erfahrenen Trainer Tomas Pelayo und Thomas Zampach. Der Ex-Eintracht-Profi war in der Hinrunde noch Trainer der &#8222;Ersten&#8220;, der geb\u00fcrtige Spanier Pelayo, im Main-Taunus-Kreis als langj\u00e4hriger Trainer von Germania Schwanheim bekannt, war f\u00fcr die Reserve zust\u00e4ndig. Im Winter kam es dann zum vereinsinternen Rollentausch. Nach der Winterpause blieb Harheim unter Pelayos Regie ohne Punktverlust, holte zw\u00f6lf Siege in Folge und kassierte nur sechs Gegentore.<\/p>\n<blockquote><p>&#8222;Wir wollten die Meisterschaft mit einem Sieg \u00fcber R\u00f6delheim best\u00e4tigen&#8220; (Harheims Trainer Tomas Pelayo)<\/p><\/blockquote>\n<p>Zwei Partien wurden allerdings am gr\u00fcnen Tisch gewonnen, da Tempo II und die zur\u00fcckgezogene Reserve des FC Kalbach nicht antraten. &#8222;Ich hatte vor dem Heimspiel gegen den Zweiten R\u00f6delheim Bedenken, da wir vorher zweimal nicht gespielt hatten. Wir wollten die Meisterschaft best\u00e4tigen und das ist uns mit einem souver\u00e4nen Spiel gelungen&#8220;, meinte Pelayo. Lukas G\u00e4rtner (14.\/61.) und Daniel Stumpp (35.\/37.) schn\u00fcrten gegen den RFC einen Doppelpack. &#8222;Mit jetzt 80 Punkten war das zu Hause ein sauberer Abschluss, der uns die Meisterfeier vers\u00fc\u00dft hat&#8220;, schildert Pelayo.<\/p>\n<p>Gef\u00fchlt sei die ganze Ortschaft bei den Feierlichkeiten unterwegs gewesen, f\u00fcr die geselligen Harheimer sei es ein &#8222;besonderer Moment&#8220; gewesen. &#8222;Der Verein hat wirklich eine tolle Meisterfeier organisiert&#8220;, lobt Pelayo. 145 geschossene Tore, nur 22 kassiert. Diese Euphorie nun in die starke Kreisoberliga Frankfurt zu transportieren sei fundamental. &#8222;Das wird keine einfache Saison gegen starke und etablierte Clubs. Aber wir haben das Potenzial, um in der Klasse zu bleiben&#8220;, blickt Pelayo schon einmal voraus.<\/p>\n<h5>Schiedsrichter: Alejandro Soldevilla (Offenbach). Zuschauer: 150.<\/h5>\n<h5>Tore: 1:0 Lukas G\u00e4rtner (14.), 2:0\/3:0 Daniel Stumpp (35.\/37.), 4:0 Lukas G\u00e4rtner (61.).<\/h5>\n","protected":false},"excerpt":{"rendered":"<p>SG Harheim &#8211; 1. FC 02 R\u00f6delheim 4:0 (3:0) Der gesamte n\u00f6rdliche Frankfurter Stadtteil Harheim befand sich in Feierlaune, denn am Nachmittag hatte die Reserve in der B-Klasse durch einen 3:1-Sieg bei Schwarz-Wei\u00df Griesheim die Vizemeisterschaft und den damit verbundenen Aufstieg in die A-Klasse realisiert. Aus dieser steigt die Erste Mannschaft der Harheimer als Meister [&hellip;]<\/p>\n","protected":false},"author":1,"featured_media":0,"comment_status":"open","ping_status":"open","sticky":false,"template":"","format":"standard","meta":{"footnotes":""},"categories":[12],"tags":[],"class_list":["post-649","post","type-post","status-publish","format-standard","hentry","category-kreisliga-a1"],"_links":{"self":[{"href":"https:\/\/insideamateurfussball-ffm.de\/index.php?rest_route=\/wp\/v2\/posts\/649","targetHints":{"allow":["GET"]}}],"collection":[{"href":"https:\/\/insideamateurfussball-ffm.de\/index.php?rest_route=\/wp\/v2\/posts"}],"about":[{"href":"https:\/\/insideamateurfussball-ffm.de\/index.php?rest_route=\/wp\/v2\/types\/post"}],"author":[{"embeddable":true,"href":"https:\/\/insideamateurfussball-ffm.de\/index.php?rest_route=\/wp\/v2\/users\/1"}],"replies":[{"embeddable":true,"href":"https:\/\/insideamateurfussball-ffm.de\/index.php?rest_route=%2Fwp%2Fv2%2Fcomments&post=649"}],"version-history":[{"count":1,"href":"https:\/\/insideamateurfussball-ffm.de\/index.php?rest_route=\/wp\/v2\/posts\/649\/revisions"}],"predecessor-version":[{"id":651,"href":"https:\/\/insideamateurfussball-ffm.de\/index.php?rest_route=\/wp\/v2\/posts\/649\/revisions\/651"}],"wp:attachment":[{"href":"https:\/\/insideamateurfussball-ffm.de\/index.php?rest_route=%2Fwp%2Fv2%2Fmedia&parent=649"}],"wp:term":[{"taxonomy":"category","embeddable":true,"href":"https:\/\/insideamateurfussball-ffm.de\/index.php?rest_route=%2Fwp%2Fv2%2Fcategories&post=649"},{"taxonomy":"post_tag","embeddable":true,"href":"https:\/\/insideamateurfussball-ffm.de\/index.php?rest_route=%2Fwp%2Fv2%2Ftags&post=649"}],"curies":[{"name":"wp","href":"https:\/\/api.w.org\/{rel}","templated":true}]}}