{"id":6477,"date":"2023-03-23T21:50:19","date_gmt":"2023-03-23T19:50:19","guid":{"rendered":"http:\/\/insideamateurfussball-ffm.de\/?p=6477"},"modified":"2025-01-25T14:25:38","modified_gmt":"2025-01-25T13:25:38","slug":"harheim-streicht-punkte-kampflos-ein","status":"publish","type":"post","link":"https:\/\/insideamateurfussball-ffm.de\/?p=6477","title":{"rendered":"Harheim streicht Punkte kampflos ein"},"content":{"rendered":"<h5><span style=\"font-size: 16px;\">Das achte und letzte Spiel vom letzten Sonntag fand nicht statt. Die SG Harheim strich bei der TSG Niederrad die Punkte kampflos ein und machte damit als Aufsteiger die 30 Punkte voll. F\u00fcr die Niederr\u00e4der war es bereits der zweite Nichtantritt in Folge. Beim n\u00e4chsten Mal wird der designierte Absteiger aus der Runde genommen. Bisherige Ergebnisse bleiben bestehen, k\u00fcnftige Partien werden dann jeweils mit 3:0 f\u00fcr den jeweiligen Gegner gewertet.\u00a0<\/span><\/h5>\n<figure id=\"attachment_6478\" aria-describedby=\"caption-attachment-6478\" style=\"width: 312px\" class=\"wp-caption alignleft\"><img loading=\"lazy\" decoding=\"async\" class=\"wp-image-6478\" src=\"http:\/\/insideamateurfussball-ffm.de\/wp-content\/uploads\/2023\/03\/harh10-1-300x227.jpg\" alt=\"\" width=\"312\" height=\"236\" srcset=\"https:\/\/insideamateurfussball-ffm.de\/wp-content\/uploads\/2023\/03\/harh10-1-300x227.jpg 300w, https:\/\/insideamateurfussball-ffm.de\/wp-content\/uploads\/2023\/03\/harh10-1-768x581.jpg 768w, https:\/\/insideamateurfussball-ffm.de\/wp-content\/uploads\/2023\/03\/harh10-1.jpg 914w\" sizes=\"auto, (max-width: 312px) 100vw, 312px\" \/><figcaption id=\"caption-attachment-6478\" class=\"wp-caption-text\">Trainer Tomas Pelayo und die SG Harheim strichen die drei Punkte kampflos ein. Foto: Mithat G\u00fcrser.\u00a0\u00a0<\/figcaption><\/figure>\n<h5><span style=\"font-size: 16px;\">TSG Niederrad &#8211; SG Harheim 0:3 kampflos<\/span><\/h5>\n<p><img loading=\"lazy\" decoding=\"async\" class=\"alignnone size-full wp-image-343\" src=\"http:\/\/insideamateurfussball-ffm.de\/wp-content\/uploads\/2022\/05\/TSG-Niederrad.jpg\" alt=\"\" width=\"68\" height=\"80\" \/><img loading=\"lazy\" decoding=\"async\" class=\"alignnone size-full wp-image-284\" src=\"http:\/\/insideamateurfussball-ffm.de\/wp-content\/uploads\/2022\/05\/Harheim.jpg\" alt=\"\" width=\"78\" height=\"80\" \/><\/p>\n<p><span style=\"font-size: 16px;\"><span style=\"color: #333300;\">Neues von der TSG Niederrad: Der Vorsitzende J\u00fcrgen Croll nannte &#8222;viele kurzfristige Absagen&#8220; als Grund f\u00fcr den zweiten Nichtantritt. &#8222;Nach einer kurzfristigen Vorstandssitzung wurde beschlossen, bis zum n\u00e4chsten Heimspiel am 2. April gegen die SG Bornheim\/Gr\u00fcn-Wei\u00df II Einzelgespr\u00e4che zu f\u00fchren, um den R\u00fcckzug abzuwenden.&#8220; Am kommenden Sonntag sind die Niederr\u00e4der spielfrei.\u00a0<\/span><\/span><\/p>\n","protected":false},"excerpt":{"rendered":"<p>Das achte und letzte Spiel vom letzten Sonntag fand nicht statt. Die SG Harheim strich bei der TSG Niederrad die Punkte kampflos ein und machte damit als Aufsteiger die 30 Punkte voll. F\u00fcr die Niederr\u00e4der war es bereits der zweite Nichtantritt in Folge. Beim n\u00e4chsten Mal wird der designierte Absteiger aus der Runde genommen. Bisherige [&hellip;]<\/p>\n","protected":false},"author":1,"featured_media":6478,"comment_status":"open","ping_status":"open","sticky":false,"template":"","format":"standard","meta":{"footnotes":""},"categories":[2],"tags":[],"class_list":["post-6477","post","type-post","status-publish","format-standard","has-post-thumbnail","hentry","category-kreisoberliga-frankfurt"],"_links":{"self":[{"href":"https:\/\/insideamateurfussball-ffm.de\/index.php?rest_route=\/wp\/v2\/posts\/6477","targetHints":{"allow":["GET"]}}],"collection":[{"href":"https:\/\/insideamateurfussball-ffm.de\/index.php?rest_route=\/wp\/v2\/posts"}],"about":[{"href":"https:\/\/insideamateurfussball-ffm.de\/index.php?rest_route=\/wp\/v2\/types\/post"}],"author":[{"embeddable":true,"href":"https:\/\/insideamateurfussball-ffm.de\/index.php?rest_route=\/wp\/v2\/users\/1"}],"replies":[{"embeddable":true,"href":"https:\/\/insideamateurfussball-ffm.de\/index.php?rest_route=%2Fwp%2Fv2%2Fcomments&post=6477"}],"version-history":[{"count":2,"href":"https:\/\/insideamateurfussball-ffm.de\/index.php?rest_route=\/wp\/v2\/posts\/6477\/revisions"}],"predecessor-version":[{"id":6480,"href":"https:\/\/insideamateurfussball-ffm.de\/index.php?rest_route=\/wp\/v2\/posts\/6477\/revisions\/6480"}],"wp:featuredmedia":[{"embeddable":true,"href":"https:\/\/insideamateurfussball-ffm.de\/index.php?rest_route=\/wp\/v2\/media\/6478"}],"wp:attachment":[{"href":"https:\/\/insideamateurfussball-ffm.de\/index.php?rest_route=%2Fwp%2Fv2%2Fmedia&parent=6477"}],"wp:term":[{"taxonomy":"category","embeddable":true,"href":"https:\/\/insideamateurfussball-ffm.de\/index.php?rest_route=%2Fwp%2Fv2%2Fcategories&post=6477"},{"taxonomy":"post_tag","embeddable":true,"href":"https:\/\/insideamateurfussball-ffm.de\/index.php?rest_route=%2Fwp%2Fv2%2Ftags&post=6477"}],"curies":[{"name":"wp","href":"https:\/\/api.w.org\/{rel}","templated":true}]}}