{"id":6464,"date":"2023-03-23T21:38:22","date_gmt":"2023-03-23T19:38:22","guid":{"rendered":"http:\/\/insideamateurfussball-ffm.de\/?p=6464"},"modified":"2025-01-25T14:25:43","modified_gmt":"2025-01-25T13:25:43","slug":"fc-tempo-19-sieg-in-folge-aufstieg-fast-sicher","status":"publish","type":"post","link":"https:\/\/insideamateurfussball-ffm.de\/?p=6464","title":{"rendered":"FC Tempo: 19. Sieg in Folge &#8211; Aufstieg fast sicher"},"content":{"rendered":"<h5><span style=\"font-size: 16px;\">Der FC Tempo landete am Sonntag vor einer herausragenden Kulisse und bei einer guten Bewirtung durch den &#8222;Tempo-Burger&#8220; den 19. Sieg in Folge. Gegen den SV Viktoria Preu\u00dfen gab es einen 4:0 (1:0)-Erfolg. Damit blieb das Team von Trainer Vladimir Matijevic nach der Winterpause im f\u00fcnften Spiel in Folge ohne Gegentor. Viktoria Preu\u00dfen hingegen bleibt Drittletzter und kassierte die dritte Niederlage in Folge bei 0:11 Toren. Im neuen Jahr wurde bislang nur ein Z\u00e4hler ergattert.\u00a0\u00a0<\/span><\/h5>\n<figure id=\"attachment_6465\" aria-describedby=\"caption-attachment-6465\" style=\"width: 312px\" class=\"wp-caption alignleft\"><img loading=\"lazy\" decoding=\"async\" class=\"wp-image-6465\" src=\"http:\/\/insideamateurfussball-ffm.de\/wp-content\/uploads\/2023\/03\/FCT-SVVP-300x225.jpg\" alt=\"\" width=\"312\" height=\"234\" srcset=\"https:\/\/insideamateurfussball-ffm.de\/wp-content\/uploads\/2023\/03\/FCT-SVVP-300x225.jpg 300w, https:\/\/insideamateurfussball-ffm.de\/wp-content\/uploads\/2023\/03\/FCT-SVVP-1024x768.jpg 1024w, https:\/\/insideamateurfussball-ffm.de\/wp-content\/uploads\/2023\/03\/FCT-SVVP-768x576.jpg 768w, https:\/\/insideamateurfussball-ffm.de\/wp-content\/uploads\/2023\/03\/FCT-SVVP-1536x1152.jpg 1536w, https:\/\/insideamateurfussball-ffm.de\/wp-content\/uploads\/2023\/03\/FCT-SVVP.jpg 2048w\" sizes=\"auto, (max-width: 312px) 100vw, 312px\" \/><figcaption id=\"caption-attachment-6465\" class=\"wp-caption-text\">Der FC Tempo in blauen Trikots dominiert die Kreisoberliga Frankfurt. Foto: PA.\u00a0\u00a0<\/figcaption><\/figure>\n<h5><span style=\"font-size: 16px;\">FC Tempo &#8211; SV Viktoria Preu\u00dfen 4:0 (1:0)<\/span><\/h5>\n<p><img loading=\"lazy\" decoding=\"async\" class=\"alignnone size-full wp-image-31\" src=\"http:\/\/insideamateurfussball-ffm.de\/wp-content\/uploads\/2021\/11\/Tempo.jpg\" alt=\"\" width=\"80\" height=\"80\" \/><img loading=\"lazy\" decoding=\"async\" class=\"alignnone size-full wp-image-12\" src=\"http:\/\/insideamateurfussball-ffm.de\/wp-content\/uploads\/2021\/11\/preussen.jpg\" alt=\"\" width=\"72\" height=\"80\" \/><\/p>\n<p><span style=\"font-size: 16px;\"><span style=\"color: #333300;\">Beide Teams hatten SOMA-Spieler im Kader, bei Tempo spielten sogar welche von Beginn an. Dies machte sich aber kaum bemerkbar, da auch diese \u00e4lteren Spieler sich perfekt in das Mannschaftsgef\u00fcge integrierten. In die Karten spielte den serbischen Fu\u00dfballern nat\u00fcrlich die fr\u00fche F\u00fchrung durch Boban Dokic (2.). Danach agierte Tempo in seinem typischen Stil, leistete sich kaum Ballverluste oder Fehlp\u00e4sse. Die G\u00e4ste von der H\u00fcgelstra\u00dfe, die auf zehn Spieler verzichten mussten, hielten im ersten Abschnitt gut dagegen und setzten Nadelstiche nach vorne. Insbesondere St\u00fcrmer Daniel Wolf lauerte immer wieder auf ein passendes Zuspiel. Nach dem Seitenwechsel hatte Wolf sogar den Ausgleich auf dem Fu\u00df, es fehlte aber wie so oft das Gl\u00fcck im Abschluss. <\/span><\/span><\/p>\n<p><span style=\"font-size: 16px;\"><span style=\"color: #333300;\">Dann kam hinten auch noch Pech hinzu. Janis Breuer verl\u00e4ngerte eine Freisto\u00dfflanke mit dem Hinterkopf zum 2:0 ins eigene Netz (56.). Mit dem dritten Treffer von Dokic (62.) war das Spiel gelaufen. Die G\u00e4ste wechselten nun alle ihre SOMA-Kr\u00e4fte ein und nahmen die A-Jugend-Spieler vom Feld. Nikola Radakovic setzte den Schlusspunkt zum 4:0 (89.). Tempos Sportlicher Leiter Zoran Marcetic wollte nach dem Schlusspfiff klar stellen: &#8222;Ich kann die ganze Liga beruhigen: Wir werden den Aufstieg nat\u00fcrlich wahrnehmen und n\u00e4chstes Jahr Gruppenliga spielen. Die Preu\u00dfen waren gar nicht so schlecht und haben es gut gemacht, es gab Torchancen auf beiden Seiten. Am Ende hat unsere Erfahrung und die Ruhe am Ball gewonnen. Wir spielen jetzt ohne Druck, denn der Vorsprung ist so weit ausgebaut. Durch die Einwechslung von Ex-Profi Borislav Pilipovic hatten wir noch eine Geheimwaffe auf der Bank.&#8220;<\/span><\/span><\/p>\n<blockquote>\n<h5><span style=\"font-size: 16px;\">&#8222;Wir werden genauso wie der FC Kosova alles daf\u00fcr tun, dass das Spiel fair \u00fcber die B\u00fchne geht und alles mal eine Vergangenheit hat&#8220; (Tempos Sportlicher Leiter Zoran Marcetic).<\/span><\/h5>\n<\/blockquote>\n<p><span style=\"font-size: 16px;\"><span style=\"color: #333300;\">Am Sonntag steht das brisante &#8222;Balkan-Derby&#8220; beim FC Kosova auf dem<\/span> <span style=\"color: #333300;\">Spielplan. Vor zwei Jahren hatte es in diesem Duell einen Abbruch gegeben, Marcetic glaubt aber, dass es ruhig bleibt: &#8222;Es gab ja in den letzten Duellen keine Probleme und wir gehen davon aus, dass es weiterhin so sein wird. Die Sportler verstehen sich auf dem Platz. Wir hoffen, dass es auf den Trib\u00fcnen ruhig bleibt. Wir werden genauso wie der FC Kosova alles daf\u00fcr tun, dass das Spiel fair \u00fcber die B\u00fchne geht und alles mal eine Vergangenheit hat. Ausschreitungen wie damals wollen wir nicht mehr erleben. Wir freuen uns auf das Spiel am Spargel.&#8220; Fakt ist: Tempo hat die Qualit\u00e4t und die Manpower f\u00fcr die Gruppenliga, der Club hat viele ehrenamtliche Helfer und als Migrantenverein in der dritten Generation mittlerweile eine 50-j\u00e4hrige Tradition aufzuweisen. G\u00e4stecoach Artur Rissling gratulierte nach dem Spiel schon mal artig: &#8222;Gl\u00fcckwunsch an Tempo zur Meisterschaft, die mehr oder weniger unter Dach und Fach ist. Mehr als verdient. Toller Verein, tolle Organisation mit vielen Helfern. Ich spiele immer gern gegen Tempo. Schade, dass sie nun \u00b4weg` sind.&#8220; <\/span><\/span><\/p>\n<p><span style=\"font-size: 16px;\"><span style=\"color: #333300;\">Zur eigenen Lage sagte Rissling: &#8222;Wir haben uns gut aus der Aff\u00e4re gezogen, kaum was zugelassen in der ersten Halbzeit. Wir k\u00f6nnen und m\u00fcssen das 1:1 machen. Im Gegenzug das 2:0 per Eigentor wie letzte Woche. Dann m\u00fcssen wir das 2:1 machen, kriegen aber das 3:0 und das Spiel ist gegessen. Mitgehalten ja, das haben wir auch gegen Kosova, aber wir sind aktuell limitiert. Es gibt Spieler, die kann man einfach nicht ersetzen und ohne diese Leute stehen wir da, wo wir im Moment stehen. Hut ab vor der A-Jugend, die zwei Spieler haben es gut gemacht.&#8220; Der Coach hofft auf einige R\u00fcckkehrer vor dem Heimspiel am Sonntag gegen T\u00fcrkg\u00fcc\u00fc: &#8222;Wir brauchen Personal, denn zehn Ausf\u00e4lle kann keine Mannschaft ersetzen. Vor Ostern spielen wir gegen T\u00fcrkg\u00fcc\u00fc und in Heddernheim. Da d\u00fcrfen wir keine zwei Nullrunden machen, denn sonst wird es schwer.&#8220;\u00a0\u00a0<\/span><\/span><\/p>\n<h5><span style=\"font-size: 16px;\">Schiedsrichter: Idris Yagci (Mainz). Zuschauer: 142. <\/span><\/h5>\n<h5><span style=\"font-size: 16px;\">Tore: 1:0 Boban Dokic (2.), 2:0 Janis Breuer (56.\/Eigentor), 3:0 Boban Dokic (62.), 4:0 Nikola Radakovic (89.).\u00a0\u00a0<\/span><\/h5>\n<p>\u00a0<\/p>\n<h5>\u00a0<\/h5>\n\n\n<div class=\"wp-block-columns is-layout-flex wp-container-core-columns-is-layout-28f84493 wp-block-columns-is-layout-flex\">\n<div class=\"wp-block-column is-layout-flow wp-block-column-is-layout-flow\">\n<figure class=\"wp-block-image size-large is-style-default\"><img loading=\"lazy\" decoding=\"async\" width=\"1024\" height=\"768\" src=\"http:\/\/insideamateurfussball-ffm.de\/wp-content\/uploads\/2023\/03\/Wolfi-1024x768.jpg\" alt=\"\" class=\"wp-image-6467\" srcset=\"https:\/\/insideamateurfussball-ffm.de\/wp-content\/uploads\/2023\/03\/Wolfi-1024x768.jpg 1024w, https:\/\/insideamateurfussball-ffm.de\/wp-content\/uploads\/2023\/03\/Wolfi-300x225.jpg 300w, https:\/\/insideamateurfussball-ffm.de\/wp-content\/uploads\/2023\/03\/Wolfi-768x576.jpg 768w, https:\/\/insideamateurfussball-ffm.de\/wp-content\/uploads\/2023\/03\/Wolfi-1536x1152.jpg 1536w, https:\/\/insideamateurfussball-ffm.de\/wp-content\/uploads\/2023\/03\/Wolfi.jpg 2048w\" sizes=\"auto, (max-width: 1024px) 100vw, 1024px\" \/><\/figure>\n<\/div>\n\n\n\n<div class=\"wp-block-column is-layout-flow wp-block-column-is-layout-flow\">\n<figure class=\"wp-block-gallery has-nested-images columns-default is-cropped wp-block-gallery-1 is-layout-flex wp-block-gallery-is-layout-flex\">\n<figure class=\"wp-block-image size-large is-style-default\"><img loading=\"lazy\" decoding=\"async\" width=\"1024\" height=\"768\" data-id=\"6468\" src=\"http:\/\/insideamateurfussball-ffm.de\/wp-content\/uploads\/2023\/03\/Temo-1024x768.jpg\" alt=\"\" class=\"wp-image-6468\" srcset=\"https:\/\/insideamateurfussball-ffm.de\/wp-content\/uploads\/2023\/03\/Temo-1024x768.jpg 1024w, https:\/\/insideamateurfussball-ffm.de\/wp-content\/uploads\/2023\/03\/Temo-300x225.jpg 300w, https:\/\/insideamateurfussball-ffm.de\/wp-content\/uploads\/2023\/03\/Temo-768x576.jpg 768w, https:\/\/insideamateurfussball-ffm.de\/wp-content\/uploads\/2023\/03\/Temo-1536x1152.jpg 1536w, https:\/\/insideamateurfussball-ffm.de\/wp-content\/uploads\/2023\/03\/Temo.jpg 2048w\" sizes=\"auto, (max-width: 1024px) 100vw, 1024px\" \/><\/figure>\n<\/figure>\n<\/div>\n\n\n\n<div class=\"wp-block-column is-layout-flow wp-block-column-is-layout-flow\">\n<figure class=\"wp-block-gallery has-nested-images columns-default is-cropped wp-block-gallery-2 is-layout-flex wp-block-gallery-is-layout-flex\">\n<figure class=\"wp-block-image size-large is-style-default\"><img loading=\"lazy\" decoding=\"async\" width=\"1024\" height=\"768\" data-id=\"6469\" src=\"http:\/\/insideamateurfussball-ffm.de\/wp-content\/uploads\/2023\/03\/Tempo-1973-1024x768.jpg\" alt=\"\" class=\"wp-image-6469\" srcset=\"https:\/\/insideamateurfussball-ffm.de\/wp-content\/uploads\/2023\/03\/Tempo-1973-1024x768.jpg 1024w, https:\/\/insideamateurfussball-ffm.de\/wp-content\/uploads\/2023\/03\/Tempo-1973-300x225.jpg 300w, https:\/\/insideamateurfussball-ffm.de\/wp-content\/uploads\/2023\/03\/Tempo-1973-768x576.jpg 768w, https:\/\/insideamateurfussball-ffm.de\/wp-content\/uploads\/2023\/03\/Tempo-1973-1536x1152.jpg 1536w, https:\/\/insideamateurfussball-ffm.de\/wp-content\/uploads\/2023\/03\/Tempo-1973.jpg 2048w\" sizes=\"auto, (max-width: 1024px) 100vw, 1024px\" \/><\/figure>\n<\/figure>\n<\/div>\n<\/div>\n\n\n\n<div class=\"wp-block-columns is-layout-flex wp-container-core-columns-is-layout-28f84493 wp-block-columns-is-layout-flex\">\n<div class=\"wp-block-column is-layout-flow wp-block-column-is-layout-flow\">\n<figure class=\"wp-block-image size-large is-style-default\"><img loading=\"lazy\" decoding=\"async\" width=\"1024\" height=\"768\" src=\"http:\/\/insideamateurfussball-ffm.de\/wp-content\/uploads\/2023\/03\/Temp2-1024x768.jpg\" alt=\"\" class=\"wp-image-6470\" srcset=\"https:\/\/insideamateurfussball-ffm.de\/wp-content\/uploads\/2023\/03\/Temp2-1024x768.jpg 1024w, https:\/\/insideamateurfussball-ffm.de\/wp-content\/uploads\/2023\/03\/Temp2-300x225.jpg 300w, https:\/\/insideamateurfussball-ffm.de\/wp-content\/uploads\/2023\/03\/Temp2-768x576.jpg 768w, https:\/\/insideamateurfussball-ffm.de\/wp-content\/uploads\/2023\/03\/Temp2-1536x1152.jpg 1536w, https:\/\/insideamateurfussball-ffm.de\/wp-content\/uploads\/2023\/03\/Temp2.jpg 2048w\" sizes=\"auto, (max-width: 1024px) 100vw, 1024px\" \/><\/figure>\n<\/div>\n\n\n\n<div class=\"wp-block-column is-layout-flow wp-block-column-is-layout-flow\">\n<figure class=\"wp-block-gallery has-nested-images columns-default is-cropped wp-block-gallery-3 is-layout-flex wp-block-gallery-is-layout-flex\">\n<figure class=\"wp-block-image size-large is-style-default\"><img loading=\"lazy\" decoding=\"async\" width=\"1024\" height=\"768\" data-id=\"6471\" src=\"http:\/\/insideamateurfussball-ffm.de\/wp-content\/uploads\/2023\/03\/Burger-1024x768.jpg\" alt=\"\" class=\"wp-image-6471\" srcset=\"https:\/\/insideamateurfussball-ffm.de\/wp-content\/uploads\/2023\/03\/Burger-1024x768.jpg 1024w, https:\/\/insideamateurfussball-ffm.de\/wp-content\/uploads\/2023\/03\/Burger-300x225.jpg 300w, https:\/\/insideamateurfussball-ffm.de\/wp-content\/uploads\/2023\/03\/Burger-768x576.jpg 768w, https:\/\/insideamateurfussball-ffm.de\/wp-content\/uploads\/2023\/03\/Burger-1536x1152.jpg 1536w, https:\/\/insideamateurfussball-ffm.de\/wp-content\/uploads\/2023\/03\/Burger.jpg 2048w\" sizes=\"auto, (max-width: 1024px) 100vw, 1024px\" \/><\/figure>\n<\/figure>\n<\/div>\n\n\n\n<div class=\"wp-block-column is-layout-flow wp-block-column-is-layout-flow\">\n<figure class=\"wp-block-image size-large is-style-default\"><img loading=\"lazy\" decoding=\"async\" width=\"1024\" height=\"768\" src=\"http:\/\/insideamateurfussball-ffm.de\/wp-content\/uploads\/2023\/03\/tempo6-1024x768.jpg\" alt=\"\" class=\"wp-image-6472\" srcset=\"https:\/\/insideamateurfussball-ffm.de\/wp-content\/uploads\/2023\/03\/tempo6-1024x768.jpg 1024w, https:\/\/insideamateurfussball-ffm.de\/wp-content\/uploads\/2023\/03\/tempo6-300x225.jpg 300w, https:\/\/insideamateurfussball-ffm.de\/wp-content\/uploads\/2023\/03\/tempo6-768x576.jpg 768w, https:\/\/insideamateurfussball-ffm.de\/wp-content\/uploads\/2023\/03\/tempo6-1536x1152.jpg 1536w, https:\/\/insideamateurfussball-ffm.de\/wp-content\/uploads\/2023\/03\/tempo6.jpg 2048w\" sizes=\"auto, (max-width: 1024px) 100vw, 1024px\" \/><\/figure>\n<\/div>\n<\/div>\n\n\n\n<div class=\"wp-block-columns is-layout-flex wp-container-core-columns-is-layout-28f84493 wp-block-columns-is-layout-flex\">\n<div class=\"wp-block-column is-layout-flow wp-block-column-is-layout-flow\">\n<figure class=\"wp-block-gallery has-nested-images columns-default is-cropped wp-block-gallery-4 is-layout-flex wp-block-gallery-is-layout-flex\">\n<figure class=\"wp-block-image size-large is-style-default\"><img loading=\"lazy\" decoding=\"async\" width=\"1024\" height=\"768\" data-id=\"6473\" src=\"http:\/\/insideamateurfussball-ffm.de\/wp-content\/uploads\/2023\/03\/Tempo999-1024x768.jpg\" alt=\"\" class=\"wp-image-6473\" srcset=\"https:\/\/insideamateurfussball-ffm.de\/wp-content\/uploads\/2023\/03\/Tempo999-1024x768.jpg 1024w, https:\/\/insideamateurfussball-ffm.de\/wp-content\/uploads\/2023\/03\/Tempo999-300x225.jpg 300w, https:\/\/insideamateurfussball-ffm.de\/wp-content\/uploads\/2023\/03\/Tempo999-768x576.jpg 768w, https:\/\/insideamateurfussball-ffm.de\/wp-content\/uploads\/2023\/03\/Tempo999-1536x1152.jpg 1536w, https:\/\/insideamateurfussball-ffm.de\/wp-content\/uploads\/2023\/03\/Tempo999.jpg 2048w\" sizes=\"auto, (max-width: 1024px) 100vw, 1024px\" \/><\/figure>\n<\/figure>\n<\/div>\n\n\n\n<div class=\"wp-block-column is-layout-flow wp-block-column-is-layout-flow\">\n<figure class=\"wp-block-image size-large is-style-default\"><img loading=\"lazy\" decoding=\"async\" width=\"1024\" height=\"768\" src=\"http:\/\/insideamateurfussball-ffm.de\/wp-content\/uploads\/2023\/03\/Tempo8-1024x768.jpg\" alt=\"\" class=\"wp-image-6474\" srcset=\"https:\/\/insideamateurfussball-ffm.de\/wp-content\/uploads\/2023\/03\/Tempo8-1024x768.jpg 1024w, https:\/\/insideamateurfussball-ffm.de\/wp-content\/uploads\/2023\/03\/Tempo8-300x225.jpg 300w, https:\/\/insideamateurfussball-ffm.de\/wp-content\/uploads\/2023\/03\/Tempo8-768x576.jpg 768w, https:\/\/insideamateurfussball-ffm.de\/wp-content\/uploads\/2023\/03\/Tempo8-1536x1152.jpg 1536w, https:\/\/insideamateurfussball-ffm.de\/wp-content\/uploads\/2023\/03\/Tempo8.jpg 2048w\" sizes=\"auto, (max-width: 1024px) 100vw, 1024px\" \/><\/figure>\n<\/div>\n\n\n\n<div class=\"wp-block-column is-layout-flow wp-block-column-is-layout-flow\">\n<figure class=\"wp-block-gallery has-nested-images columns-default is-cropped wp-block-gallery-5 is-layout-flex wp-block-gallery-is-layout-flex\">\n<figure class=\"wp-block-image size-large is-style-default\"><img loading=\"lazy\" decoding=\"async\" width=\"1024\" height=\"768\" data-id=\"6475\" src=\"http:\/\/insideamateurfussball-ffm.de\/wp-content\/uploads\/2023\/03\/Sponsoe-Tempo-1024x768.jpg\" alt=\"\" class=\"wp-image-6475\" srcset=\"https:\/\/insideamateurfussball-ffm.de\/wp-content\/uploads\/2023\/03\/Sponsoe-Tempo-1024x768.jpg 1024w, https:\/\/insideamateurfussball-ffm.de\/wp-content\/uploads\/2023\/03\/Sponsoe-Tempo-300x225.jpg 300w, https:\/\/insideamateurfussball-ffm.de\/wp-content\/uploads\/2023\/03\/Sponsoe-Tempo-768x576.jpg 768w, https:\/\/insideamateurfussball-ffm.de\/wp-content\/uploads\/2023\/03\/Sponsoe-Tempo-1536x1152.jpg 1536w, https:\/\/insideamateurfussball-ffm.de\/wp-content\/uploads\/2023\/03\/Sponsoe-Tempo.jpg 2048w\" sizes=\"auto, (max-width: 1024px) 100vw, 1024px\" \/><\/figure>\n<\/figure>\n<\/div>\n<\/div>\n","protected":false},"excerpt":{"rendered":"<p>Der FC Tempo landete am Sonntag vor einer herausragenden Kulisse und bei einer guten Bewirtung durch den &#8222;Tempo-Burger&#8220; den 19. Sieg in Folge. Gegen den SV Viktoria Preu\u00dfen gab es einen 4:0 (1:0)-Erfolg. Damit blieb das Team von Trainer Vladimir Matijevic nach der Winterpause im f\u00fcnften Spiel in Folge ohne Gegentor. Viktoria Preu\u00dfen hingegen bleibt [&hellip;]<\/p>\n","protected":false},"author":1,"featured_media":6465,"comment_status":"open","ping_status":"open","sticky":false,"template":"","format":"standard","meta":{"footnotes":""},"categories":[2],"tags":[],"class_list":["post-6464","post","type-post","status-publish","format-standard","has-post-thumbnail","hentry","category-kreisoberliga-frankfurt"],"_links":{"self":[{"href":"https:\/\/insideamateurfussball-ffm.de\/index.php?rest_route=\/wp\/v2\/posts\/6464","targetHints":{"allow":["GET"]}}],"collection":[{"href":"https:\/\/insideamateurfussball-ffm.de\/index.php?rest_route=\/wp\/v2\/posts"}],"about":[{"href":"https:\/\/insideamateurfussball-ffm.de\/index.php?rest_route=\/wp\/v2\/types\/post"}],"author":[{"embeddable":true,"href":"https:\/\/insideamateurfussball-ffm.de\/index.php?rest_route=\/wp\/v2\/users\/1"}],"replies":[{"embeddable":true,"href":"https:\/\/insideamateurfussball-ffm.de\/index.php?rest_route=%2Fwp%2Fv2%2Fcomments&post=6464"}],"version-history":[{"count":2,"href":"https:\/\/insideamateurfussball-ffm.de\/index.php?rest_route=\/wp\/v2\/posts\/6464\/revisions"}],"predecessor-version":[{"id":6476,"href":"https:\/\/insideamateurfussball-ffm.de\/index.php?rest_route=\/wp\/v2\/posts\/6464\/revisions\/6476"}],"wp:featuredmedia":[{"embeddable":true,"href":"https:\/\/insideamateurfussball-ffm.de\/index.php?rest_route=\/wp\/v2\/media\/6465"}],"wp:attachment":[{"href":"https:\/\/insideamateurfussball-ffm.de\/index.php?rest_route=%2Fwp%2Fv2%2Fmedia&parent=6464"}],"wp:term":[{"taxonomy":"category","embeddable":true,"href":"https:\/\/insideamateurfussball-ffm.de\/index.php?rest_route=%2Fwp%2Fv2%2Fcategories&post=6464"},{"taxonomy":"post_tag","embeddable":true,"href":"https:\/\/insideamateurfussball-ffm.de\/index.php?rest_route=%2Fwp%2Fv2%2Ftags&post=6464"}],"curies":[{"name":"wp","href":"https:\/\/api.w.org\/{rel}","templated":true}]}}