{"id":6459,"date":"2023-03-22T19:03:59","date_gmt":"2023-03-22T17:03:59","guid":{"rendered":"http:\/\/insideamateurfussball-ffm.de\/?p=6459"},"modified":"2025-01-25T14:25:57","modified_gmt":"2025-01-25T13:25:57","slug":"concordia-zieht-nach-punkten-mit-westend-gleich","status":"publish","type":"post","link":"https:\/\/insideamateurfussball-ffm.de\/?p=6459","title":{"rendered":"Concordia zieht nach Punkten mit Westend gleich"},"content":{"rendered":"<h5><span style=\"font-size: 16px;\">Concordia Eschersheim gewann am Sonntag in der Kreisoberliga Frankfurt mit 2:0 (0:0) gegen die SG Westend und zog nach Punkten mit dem Gruppenliga-Absteiger gleich. Den direkten Vergleich, der bei Punktgleichheit am Saisonende zum Tragen kommen w\u00fcrde, gewinnt aber Westend wegen des 4:1-Hinspielerfolges.\u00a0<\/span><\/h5>\n<figure id=\"attachment_6460\" aria-describedby=\"caption-attachment-6460\" style=\"width: 312px\" class=\"wp-caption alignleft\"><img loading=\"lazy\" decoding=\"async\" class=\"wp-image-6460\" src=\"http:\/\/insideamateurfussball-ffm.de\/wp-content\/uploads\/2023\/03\/DSC_9462-1-300x225.jpg\" alt=\"\" width=\"312\" height=\"234\" srcset=\"https:\/\/insideamateurfussball-ffm.de\/wp-content\/uploads\/2023\/03\/DSC_9462-1-300x225.jpg 300w, https:\/\/insideamateurfussball-ffm.de\/wp-content\/uploads\/2023\/03\/DSC_9462-1-768x576.jpg 768w, https:\/\/insideamateurfussball-ffm.de\/wp-content\/uploads\/2023\/03\/DSC_9462-1.jpg 999w\" sizes=\"auto, (max-width: 312px) 100vw, 312px\" \/><figcaption id=\"caption-attachment-6460\" class=\"wp-caption-text\">Concordia Eschersheim mit gewann mit Matteo Reichwein (rechts) zum zweiten Mal in Folge. Foto: J\u00f6rg Schulz.\u00a0\u00a0<\/figcaption><\/figure>\n<h5><span style=\"font-size: 16px;\">Concordia Eschersheim &#8211; SG Westend 2:0 (0:0)<\/span><\/h5>\n<p><img loading=\"lazy\" decoding=\"async\" class=\"alignnone size-full wp-image-37\" src=\"http:\/\/insideamateurfussball-ffm.de\/wp-content\/uploads\/2021\/11\/1sv07_news2_4178_01_01_02.jpg\" alt=\"\" width=\"80\" height=\"80\" \/><img loading=\"lazy\" decoding=\"async\" class=\"alignnone size-full wp-image-611\" src=\"http:\/\/insideamateurfussball-ffm.de\/wp-content\/uploads\/2022\/06\/Westend.png\" alt=\"\" width=\"69\" height=\"80\" \/><\/p>\n<p><span style=\"font-size: 16px;\"><span style=\"color: #333300;\">Concordia-Trainer Andre Winter hatte nach dem Heimsieg gar nicht so viel mitzuteilen: &#8222;Die 60 Zuschauer erlebten ein relativ einseitiges Spiel, zumindest wenn es um den Ballbesitz geht. Westend hatte n\u00e4mlich durchaus in der ersten Halbzeit zwei bis drei gute Konterm\u00f6glichkeiten, wir hatten aber auch einen Pfostenschuss.&#8220; <\/span><\/span><\/p>\n<p><span style=\"font-size: 16px;\"><span style=\"color: #333300;\">In der zweiten Halbzeit, fuhr Winter fort, &#8222;waren wir dann noch etwas besser im Spiel und gewannen unter dem Strich auch verdient.&#8220;<\/span><\/span><\/p>\n<blockquote>\n<h5><span style=\"font-size: 16px;\">&#8222;Wir haben lange von unserem Torwart Elvis Nurkovic gelebt, der eine h\u00f6here Niederlage verhindert hat&#8220; (Westends Sportlicher Leiter Thomas Horn)<\/span><\/h5>\n<\/blockquote>\n<p><span style=\"font-size: 16px;\"><span style=\"color: #333300;\">Das 1:0 f\u00fcr Concordia Eschersheim erzielte Jeyan Akalay (73.), der auch den Foulelfmeter heraus holte, den Matthias M\u00fcller zum 2:0 verwandelte (90.). &#8222;Positiv: Zu Null gespielt, die Abwehr stabilisiert sich meines Erachtens etwas&#8220;, so Winters Schlusssatz. Westends Sportlicher Leiter Thomas Horn berichtete auch von einem Pfostenschuss und befand, dass die erste H\u00e4lfte komplett ausgeglichen gewesen sei. <\/span><\/span><\/p>\n<p><span style=\"font-size: 16px;\"><span style=\"color: #333300;\">&#8222;Erst nach der Halbzeit ist der Faden gerissen. Wir haben lange von unserem Torwart Elvis Nurkovic gelebt, der eine h\u00f6here Niederlage verhindert hat.&#8220; Der fr\u00fchere Champions League-Spieler Ersin Mehmedovic &#8211; der 41-j\u00e4hrige absolvierte in der Gruppenphase der Saison 2009\/10 drei Partien in der K\u00f6nigsklasse f\u00fcr den rum\u00e4nischen Klub Unirea Urziceni, unter anderem gab es seinerzeit eine 1:3-Niederlage beim VfB Stuttgart &#8211; absolvierte sein zweites Spiel f\u00fcr die SG Westend.\u00a0\u00a0<\/span><\/span><\/p>\n<h5><span style=\"font-size: 16px;\">Schiedsrichter: Sascha Sch\u00fctz (Niederdorf). Zuschauer: 60. <\/span><\/h5>\n<h5><span style=\"font-size: 16px;\">Tore: 1:0 Jeyan Akalay (73.), 2:0 Matthias M\u00fcller (90.\/Foulelfmeter).\u00a0<\/span><\/h5>\n","protected":false},"excerpt":{"rendered":"<p>Concordia Eschersheim gewann am Sonntag in der Kreisoberliga Frankfurt mit 2:0 (0:0) gegen die SG Westend und zog nach Punkten mit dem Gruppenliga-Absteiger gleich. Den direkten Vergleich, der bei Punktgleichheit am Saisonende zum Tragen kommen w\u00fcrde, gewinnt aber Westend wegen des 4:1-Hinspielerfolges.\u00a0 Concordia Eschersheim &#8211; SG Westend 2:0 (0:0) Concordia-Trainer Andre Winter hatte nach dem [&hellip;]<\/p>\n","protected":false},"author":1,"featured_media":6460,"comment_status":"open","ping_status":"open","sticky":false,"template":"","format":"standard","meta":{"footnotes":""},"categories":[2],"tags":[],"class_list":["post-6459","post","type-post","status-publish","format-standard","has-post-thumbnail","hentry","category-kreisoberliga-frankfurt"],"_links":{"self":[{"href":"https:\/\/insideamateurfussball-ffm.de\/index.php?rest_route=\/wp\/v2\/posts\/6459","targetHints":{"allow":["GET"]}}],"collection":[{"href":"https:\/\/insideamateurfussball-ffm.de\/index.php?rest_route=\/wp\/v2\/posts"}],"about":[{"href":"https:\/\/insideamateurfussball-ffm.de\/index.php?rest_route=\/wp\/v2\/types\/post"}],"author":[{"embeddable":true,"href":"https:\/\/insideamateurfussball-ffm.de\/index.php?rest_route=\/wp\/v2\/users\/1"}],"replies":[{"embeddable":true,"href":"https:\/\/insideamateurfussball-ffm.de\/index.php?rest_route=%2Fwp%2Fv2%2Fcomments&post=6459"}],"version-history":[{"count":1,"href":"https:\/\/insideamateurfussball-ffm.de\/index.php?rest_route=\/wp\/v2\/posts\/6459\/revisions"}],"predecessor-version":[{"id":6461,"href":"https:\/\/insideamateurfussball-ffm.de\/index.php?rest_route=\/wp\/v2\/posts\/6459\/revisions\/6461"}],"wp:featuredmedia":[{"embeddable":true,"href":"https:\/\/insideamateurfussball-ffm.de\/index.php?rest_route=\/wp\/v2\/media\/6460"}],"wp:attachment":[{"href":"https:\/\/insideamateurfussball-ffm.de\/index.php?rest_route=%2Fwp%2Fv2%2Fmedia&parent=6459"}],"wp:term":[{"taxonomy":"category","embeddable":true,"href":"https:\/\/insideamateurfussball-ffm.de\/index.php?rest_route=%2Fwp%2Fv2%2Fcategories&post=6459"},{"taxonomy":"post_tag","embeddable":true,"href":"https:\/\/insideamateurfussball-ffm.de\/index.php?rest_route=%2Fwp%2Fv2%2Ftags&post=6459"}],"curies":[{"name":"wp","href":"https:\/\/api.w.org\/{rel}","templated":true}]}}