{"id":6456,"date":"2023-03-22T18:21:33","date_gmt":"2023-03-22T16:21:33","guid":{"rendered":"http:\/\/insideamateurfussball-ffm.de\/?p=6456"},"modified":"2025-01-25T14:26:02","modified_gmt":"2025-01-25T13:26:02","slug":"kosova-rettet-punkt-bei-union-niederrad","status":"publish","type":"post","link":"https:\/\/insideamateurfussball-ffm.de\/?p=6456","title":{"rendered":"Kosova rettet Punkt bei Union Niederrad"},"content":{"rendered":"<h5><span style=\"font-size: 16px;\">Der FC Kosova lie\u00df am Sonntag im Ausw\u00e4rtsspiel bei Union Niederrad zwei Punkte im Kampf um den Aufstiegsrelegationsplatz liegen. Immerhin konnten die Kosovaren nach 0:2-R\u00fcckstand mit dem Ausgleich zum 2:2 wenigstens noch den einen Punkt retten.\u00a0<\/span><\/h5>\n<figure id=\"attachment_6457\" aria-describedby=\"caption-attachment-6457\" style=\"width: 312px\" class=\"wp-caption alignleft\"><img loading=\"lazy\" decoding=\"async\" class=\"wp-image-6457\" src=\"http:\/\/insideamateurfussball-ffm.de\/wp-content\/uploads\/2023\/03\/SGBII-Kosova_230226-184-300x200.jpg\" alt=\"\" width=\"312\" height=\"208\" srcset=\"https:\/\/insideamateurfussball-ffm.de\/wp-content\/uploads\/2023\/03\/SGBII-Kosova_230226-184-300x200.jpg 300w, https:\/\/insideamateurfussball-ffm.de\/wp-content\/uploads\/2023\/03\/SGBII-Kosova_230226-184-1024x683.jpg 1024w, https:\/\/insideamateurfussball-ffm.de\/wp-content\/uploads\/2023\/03\/SGBII-Kosova_230226-184-768x512.jpg 768w, https:\/\/insideamateurfussball-ffm.de\/wp-content\/uploads\/2023\/03\/SGBII-Kosova_230226-184-1536x1024.jpg 1536w, https:\/\/insideamateurfussball-ffm.de\/wp-content\/uploads\/2023\/03\/SGBII-Kosova_230226-184-2048x1365.jpg 2048w\" sizes=\"auto, (max-width: 312px) 100vw, 312px\" \/><figcaption id=\"caption-attachment-6457\" class=\"wp-caption-text\">Der FC Kosova, hier im Heimspiel gegen Bornheim II, rettete bei Union Niederrad noch einen Punkt. Foto: Andre Sturmeit.\u00a0\u00a0<\/figcaption><\/figure>\n<h5><span style=\"font-size: 16px;\">Union Niederrad &#8211; FC Kosova 2:2 (2:0)<\/span><\/h5>\n<p><img loading=\"lazy\" decoding=\"async\" class=\"alignnone size-full wp-image-38\" src=\"http:\/\/insideamateurfussball-ffm.de\/wp-content\/uploads\/2021\/11\/Union-Niederrad.jpg\" alt=\"\" width=\"80\" height=\"80\" \/><img loading=\"lazy\" decoding=\"async\" class=\"alignnone size-full wp-image-9\" src=\"http:\/\/insideamateurfussball-ffm.de\/wp-content\/uploads\/2021\/11\/Kosova.jpg\" alt=\"\" width=\"65\" height=\"80\" \/><\/p>\n<p><span style=\"font-size: 16px;\"><span style=\"color: #333300;\">Union Niederrad traf schon fr\u00fch durch Adam Langhans zur F\u00fchrung (4.). Vor dem 2:0 durch Emir Drino (36.) pfiff der Schiedsrichter einen Angriff wegen vermeintlicher Abseitsstellung ab, den Treffer Drinos erkannte der Unparteiische aber an, obwohl selbst Union-Pr\u00e4sident Khalid Lamjahed zugab, dass dieser aus Abseitsposition gefallen sei: &#8222;Im Endeffekt war das bleibende Gerechtigkeit, wie man so sch\u00f6n sagt.&#8220; <\/span><\/span><\/p>\n<p><span style=\"font-size: 16px;\"><span style=\"color: #333300;\">In der Folgezeit machte Kosova viel Druck und kam im zweiten Abschnitt durch Leon Dashi zum Anschlusstreffer (60.). &#8222;Der Schiedsrichter hat uns in einigen Situationen benachteiligt, was Abseits angeht. Das 2:2 am Ende ist aber gerecht&#8220;, berichtete Lamjahed.<\/span><\/span><\/p>\n<h5><span style=\"font-size: 16px;\">&#8222;Wir haben eine gute Entwicklung nach der Winterpause hingelegt&#8220; (Union-Pr\u00e4sident Khalid Lamjahed)<\/span><\/h5>\n<p><span style=\"font-size: 16px;\"><span style=\"color: #333300;\">Die G\u00e4ste kamen durch Kapit\u00e4n Frenklin Sefa per Foulelfmeter noch zum Ausgleich (82.). &#8222;Wir h\u00e4tten aber auch gewinnen k\u00f6nnen und h\u00e4tten uns nach der 2:0-F\u00fchrung besser anstellen m\u00fcssen. Kosova hatte ihre Chancen. Bei uns machen es die Jungs, die da sind, super. Wir haben eine gute Entwicklung nach der Winterpause hingelegt. Ich bin sehr zufrieden mit den Spielern, denn sie geben alles auf dem Platz. So ist es aktuell schwer, uns zu schlagen&#8220;, sagte Lamjahed. <\/span><\/span><\/p>\n<p><span style=\"font-size: 16px;\"><span style=\"color: #333300;\">Kosovas Spielausschusschef Rudi Statovci war unzufrieden: &#8222;Nach der schlechten ersten H\u00e4lfte waren wir hoch\u00fcberlegen. Der Punkt ist aber unter dem Strich zu wenig.&#8220; N\u00e4chsten Sonntag erwarten die Kosovaren vor heimischer Kulisse im brisanten &#8222;Balkan-Derby&#8220; den designierten KOL-Meister FC Tempo.\u00a0<\/span><\/span><\/p>\n<h5><span style=\"font-size: 16px;\">Schiedsrichter: Adriatik Kaba (Egelsbach). Zuschauer:70. <\/span><\/h5>\n<h5><span style=\"font-size: 16px;\">Tore: 1:0 Adam Langhans (4.), 2:0 Emir Drino (36.), 2:1 Leon Dashi (60.), 2:2 Frenklin Sefa (82.).\u00a0<\/span><\/h5>\n","protected":false},"excerpt":{"rendered":"<p>Der FC Kosova lie\u00df am Sonntag im Ausw\u00e4rtsspiel bei Union Niederrad zwei Punkte im Kampf um den Aufstiegsrelegationsplatz liegen. Immerhin konnten die Kosovaren nach 0:2-R\u00fcckstand mit dem Ausgleich zum 2:2 wenigstens noch den einen Punkt retten.\u00a0 Union Niederrad &#8211; FC Kosova 2:2 (2:0) Union Niederrad traf schon fr\u00fch durch Adam Langhans zur F\u00fchrung (4.). Vor [&hellip;]<\/p>\n","protected":false},"author":1,"featured_media":6457,"comment_status":"open","ping_status":"open","sticky":false,"template":"","format":"standard","meta":{"footnotes":""},"categories":[2],"tags":[],"class_list":["post-6456","post","type-post","status-publish","format-standard","has-post-thumbnail","hentry","category-kreisoberliga-frankfurt"],"_links":{"self":[{"href":"https:\/\/insideamateurfussball-ffm.de\/index.php?rest_route=\/wp\/v2\/posts\/6456","targetHints":{"allow":["GET"]}}],"collection":[{"href":"https:\/\/insideamateurfussball-ffm.de\/index.php?rest_route=\/wp\/v2\/posts"}],"about":[{"href":"https:\/\/insideamateurfussball-ffm.de\/index.php?rest_route=\/wp\/v2\/types\/post"}],"author":[{"embeddable":true,"href":"https:\/\/insideamateurfussball-ffm.de\/index.php?rest_route=\/wp\/v2\/users\/1"}],"replies":[{"embeddable":true,"href":"https:\/\/insideamateurfussball-ffm.de\/index.php?rest_route=%2Fwp%2Fv2%2Fcomments&post=6456"}],"version-history":[{"count":1,"href":"https:\/\/insideamateurfussball-ffm.de\/index.php?rest_route=\/wp\/v2\/posts\/6456\/revisions"}],"predecessor-version":[{"id":6458,"href":"https:\/\/insideamateurfussball-ffm.de\/index.php?rest_route=\/wp\/v2\/posts\/6456\/revisions\/6458"}],"wp:featuredmedia":[{"embeddable":true,"href":"https:\/\/insideamateurfussball-ffm.de\/index.php?rest_route=\/wp\/v2\/media\/6457"}],"wp:attachment":[{"href":"https:\/\/insideamateurfussball-ffm.de\/index.php?rest_route=%2Fwp%2Fv2%2Fmedia&parent=6456"}],"wp:term":[{"taxonomy":"category","embeddable":true,"href":"https:\/\/insideamateurfussball-ffm.de\/index.php?rest_route=%2Fwp%2Fv2%2Fcategories&post=6456"},{"taxonomy":"post_tag","embeddable":true,"href":"https:\/\/insideamateurfussball-ffm.de\/index.php?rest_route=%2Fwp%2Fv2%2Ftags&post=6456"}],"curies":[{"name":"wp","href":"https:\/\/api.w.org\/{rel}","templated":true}]}}