{"id":6447,"date":"2023-03-22T17:43:03","date_gmt":"2023-03-22T15:43:03","guid":{"rendered":"http:\/\/insideamateurfussball-ffm.de\/?p=6447"},"modified":"2025-01-25T14:26:07","modified_gmt":"2025-01-25T13:26:07","slug":"mustafic-aera-nach-fast-11-jahren-beendet","status":"publish","type":"post","link":"https:\/\/insideamateurfussball-ffm.de\/?p=6447","title":{"rendered":"Mustafic-\u00c4ra nach fast 11 Jahren beendet &#8211; Stipp \u00fcbernimmt"},"content":{"rendered":"<h5><span style=\"font-size: 16px;\">Beim FV Bad Vilbel ist nach der 3:4-Niederlage bei Rot-Weiss Frankfurt eine \u00c4ra zu Ende gegangen. Trainer Amir Mustafic, seit fast elf Jahren im Amt, hat dem Vorstand in dieser Woche mitgeteilt, dass er aus pers\u00f6nlichen Gr\u00fcnden nicht mehr zur Verf\u00fcgung stehe. Der bisherige Co-Trainer Roland Stipp \u00fcbernimmt den Verbandsligisten mit sofortiger Wirkung und wird bereits am Freitagabend im wichtigen Heimspiel gegen den VfB Ginsheim an der Seitenlinie stehen.\u00a0<\/span><\/h5>\n<figure id=\"attachment_6448\" aria-describedby=\"caption-attachment-6448\" style=\"width: 310px\" class=\"wp-caption alignleft\"><img loading=\"lazy\" decoding=\"async\" class=\"wp-image-6448\" src=\"http:\/\/insideamateurfussball-ffm.de\/wp-content\/uploads\/2023\/03\/FVTr-300x300.jpg\" alt=\"\" width=\"310\" height=\"310\" srcset=\"https:\/\/insideamateurfussball-ffm.de\/wp-content\/uploads\/2023\/03\/FVTr-300x300.jpg 300w, https:\/\/insideamateurfussball-ffm.de\/wp-content\/uploads\/2023\/03\/FVTr-150x150.jpg 150w, https:\/\/insideamateurfussball-ffm.de\/wp-content\/uploads\/2023\/03\/FVTr-768x768.jpg 768w, https:\/\/insideamateurfussball-ffm.de\/wp-content\/uploads\/2023\/03\/FVTr.jpg 929w\" sizes=\"auto, (max-width: 310px) 100vw, 310px\" \/><figcaption id=\"caption-attachment-6448\" class=\"wp-caption-text\">Grafik: FV Bad Vilbel.\u00a0\u00a0<\/figcaption><\/figure>\n<p><img loading=\"lazy\" decoding=\"async\" class=\"alignnone size-full wp-image-146\" src=\"http:\/\/insideamateurfussball-ffm.de\/wp-content\/uploads\/2022\/05\/FV-Bad-Vilbel.jpg\" alt=\"\" width=\"80\" height=\"80\" \/><\/p>\n<p><span style=\"color: #333300;\"><span style=\"font-size: 16px;\">In einer Pressemitteilung informiert der FV Bad Vilbel \u00fcber den Trainerwechsel und w\u00fcrdigt die Verdienste von Mustafic, der den Fu\u00dfballverein vom Niddasportfeld 2018 zur\u00fcck in die Hessenliga gef\u00fchrt hatte und Aufgaben weit \u00fcber die die Trainert\u00e4tigkeit hinaus ausf\u00fchrte. \u201eWir bedauern diese f\u00fcr uns sehr pl\u00f6tzliche Entwicklung und w\u00fcnschen Amir alles Gute. Der FV Bad Vilbel und auch ich pers\u00f6nlich sind ihm f\u00fcr alles sehr dankbar\u201c, betont der Spielausschuss-Vorsitzende Jan Werner.<\/span><\/span><\/p>\n<p><span style=\"color: #333300;\"><span style=\"font-size: 16px;\"> \u201eRoland war von Beginn an perfekt eingebunden in den Verein und wir sind uns sicher, dass er mit der Mannschaft die schwierige sportliche Situation meistern kann\u201c, so Werner weiter, der vor allem die Spieler in die Pflicht nimmt: \u201eWir erwarten, dass unsere Mannschaft sich zu hundert Prozent dem Kampf um den Ligaverbleib stellt und unser Vertrauen in sie rechtfertigt.\u201c <\/span><span style=\"font-size: 16px;\">Auch der Vorsitzende des FV Bad Vilbel, Willi Eckhardt, bedauert den R\u00fcckzug Mustafics sehr und freut sich gleichzeitig, den passenden Nachfolger bereits im Verein zu haben.<\/span><\/span><\/p>\n<h5><span style=\"font-size: 16px;\">Stipp kam im Sommer 2022 nach Bad Vilbel und blickt auf langj\u00e4hrige Erfahrung im Fu\u00dfball zur\u00fcck\u00a0<\/span><\/h5>\n<p><span style=\"color: #333300;\"><span style=\"font-size: 16px;\">\u201eAmir war seit 2012 als Trainer in Bad Vilbel und hat uns in dieser Zeit kontinuierlich verbessert. Er hat damals einen Abstiegskandidaten in der Verbandsliga \u00fcbernommen und bis in die Hessenliga gef\u00fchrt. Daf\u00fcr sind wir ihm sehr dankbar. <\/span><\/span><span style=\"font-size: 16px;\"><span style=\"color: #333300;\">Ohne seinen pers\u00f6nlichen Einsatz, der weit \u00fcber das Sportliche hinaus ging, w\u00e4re der FV Bad Vilbel<\/span> <span style=\"color: #333300;\">in den vergangenen Jahren nicht denkbar gewesen. Jetzt m\u00fcssen wir aber direkt nach vorne blicken und freuen uns auf die Arbeit mit Roland Stipp als Trainer.\u201c Der neue Cheftrainer kam im Sommer 2022 zum FV Bad Vilbel und kann auf eine langj\u00e4hrige Erfahrung im Fu\u00dfball zur\u00fcckblicken. <\/span><\/span><\/p>\n<p><span style=\"font-size: 16px;\"><span style=\"color: #333300;\">Bevor er ans Niddasportfeld wechselte, war Stipp bei der Spvgg. Oberrad t\u00e4tig. Zuvor war er schon Mitarbeiter am DFB-St\u00fctzpunkt und in Sachen Trainerausbildung in China unterwegs. Vor allem aber war er viele Jahre als Sportlicher Leiter und Trainer das Gesicht des Frankfurter Stadtteilvereins Concordia Eschersheim. \u201eDass Amir mit seiner Kompetenz, seinem Einsatz und seinem gro\u00dfen Herzen nicht mehr zur Verf\u00fcgung steht, stellt uns vor eine gro\u00dfe Herausforderung. Ich bin aber \u00fcberzeugt, dass die Mannschaft diese Herausforderung annehmen und meistern wird\u201c, so Stipp nach seinem ersten Training in neuer Rolle in Bad Vilbel am Dienstag.<\/span><\/span><\/p>\n<p>\u00a0<\/p>\n\n\n<figure class=\"wp-block-image size-full is-style-default\"><img loading=\"lazy\" decoding=\"async\" width=\"911\" height=\"692\" src=\"http:\/\/insideamateurfussball-ffm.de\/wp-content\/uploads\/2023\/03\/rw-32.jpg\" alt=\"\" class=\"wp-image-6310\" srcset=\"https:\/\/insideamateurfussball-ffm.de\/wp-content\/uploads\/2023\/03\/rw-32.jpg 911w, https:\/\/insideamateurfussball-ffm.de\/wp-content\/uploads\/2023\/03\/rw-32-300x228.jpg 300w, https:\/\/insideamateurfussball-ffm.de\/wp-content\/uploads\/2023\/03\/rw-32-768x583.jpg 768w\" sizes=\"auto, (max-width: 911px) 100vw, 911px\" \/><figcaption class=\"wp-element-caption\">Nicht mehr im Amt: Trainer Amir Mustafic. Foto: Mithat G\u00fcrser. <\/figcaption><\/figure>\n","protected":false},"excerpt":{"rendered":"<p>Beim FV Bad Vilbel ist nach der 3:4-Niederlage bei Rot-Weiss Frankfurt eine \u00c4ra zu Ende gegangen. Trainer Amir Mustafic, seit fast elf Jahren im Amt, hat dem Vorstand in dieser Woche mitgeteilt, dass er aus pers\u00f6nlichen Gr\u00fcnden nicht mehr zur Verf\u00fcgung stehe. Der bisherige Co-Trainer Roland Stipp \u00fcbernimmt den Verbandsligisten mit sofortiger Wirkung und wird [&hellip;]<\/p>\n","protected":false},"author":1,"featured_media":6448,"comment_status":"open","ping_status":"open","sticky":false,"template":"","format":"standard","meta":{"footnotes":""},"categories":[10],"tags":[],"class_list":["post-6447","post","type-post","status-publish","format-standard","has-post-thumbnail","hentry","category-verbandsliga-sued"],"_links":{"self":[{"href":"https:\/\/insideamateurfussball-ffm.de\/index.php?rest_route=\/wp\/v2\/posts\/6447","targetHints":{"allow":["GET"]}}],"collection":[{"href":"https:\/\/insideamateurfussball-ffm.de\/index.php?rest_route=\/wp\/v2\/posts"}],"about":[{"href":"https:\/\/insideamateurfussball-ffm.de\/index.php?rest_route=\/wp\/v2\/types\/post"}],"author":[{"embeddable":true,"href":"https:\/\/insideamateurfussball-ffm.de\/index.php?rest_route=\/wp\/v2\/users\/1"}],"replies":[{"embeddable":true,"href":"https:\/\/insideamateurfussball-ffm.de\/index.php?rest_route=%2Fwp%2Fv2%2Fcomments&post=6447"}],"version-history":[{"count":3,"href":"https:\/\/insideamateurfussball-ffm.de\/index.php?rest_route=\/wp\/v2\/posts\/6447\/revisions"}],"predecessor-version":[{"id":6455,"href":"https:\/\/insideamateurfussball-ffm.de\/index.php?rest_route=\/wp\/v2\/posts\/6447\/revisions\/6455"}],"wp:featuredmedia":[{"embeddable":true,"href":"https:\/\/insideamateurfussball-ffm.de\/index.php?rest_route=\/wp\/v2\/media\/6448"}],"wp:attachment":[{"href":"https:\/\/insideamateurfussball-ffm.de\/index.php?rest_route=%2Fwp%2Fv2%2Fmedia&parent=6447"}],"wp:term":[{"taxonomy":"category","embeddable":true,"href":"https:\/\/insideamateurfussball-ffm.de\/index.php?rest_route=%2Fwp%2Fv2%2Fcategories&post=6447"},{"taxonomy":"post_tag","embeddable":true,"href":"https:\/\/insideamateurfussball-ffm.de\/index.php?rest_route=%2Fwp%2Fv2%2Ftags&post=6447"}],"curies":[{"name":"wp","href":"https:\/\/api.w.org\/{rel}","templated":true}]}}