{"id":6392,"date":"2023-03-20T23:26:51","date_gmt":"2023-03-20T21:26:51","guid":{"rendered":"http:\/\/insideamateurfussball-ffm.de\/?p=6392"},"modified":"2025-01-25T14:17:08","modified_gmt":"2025-01-25T13:17:08","slug":"fechenheim-holt-gegen-kalbach-10-sieg-in-folge","status":"publish","type":"post","link":"https:\/\/insideamateurfussball-ffm.de\/?p=6392","title":{"rendered":"Fechenheim holt gegen Kalbach 10. Sieg in Folge!"},"content":{"rendered":"<h5><span style=\"font-size: 16px;\">Die Spvgg. 03 Fechenheim lie\u00df sich auch vom starken Aufsteiger FC Kalbach nicht stoppen und holte in der Gruppenliga Frankfurt West den zehnten Sieg in Folge. Damit entpuppt sich die Mannschaft aus dem Frankfurter Osten immer mehr als Aufstiegsanw\u00e4rter. Mit 46 Punkten aus 22 Spielen ist zumindest Rang zwei und damit die Teilnahme an der Relegationsrunde zur Verbandsliga S\u00fcd in Reichweite. <\/span><\/h5>\n<figure id=\"attachment_6393\" aria-describedby=\"caption-attachment-6393\" style=\"width: 312px\" class=\"wp-caption alignleft\"><img loading=\"lazy\" decoding=\"async\" class=\"wp-image-6393\" src=\"http:\/\/insideamateurfussball-ffm.de\/wp-content\/uploads\/2023\/03\/GRP_Frankfurt_20230319-95-300x200.jpg\" alt=\"\" width=\"312\" height=\"208\" srcset=\"https:\/\/insideamateurfussball-ffm.de\/wp-content\/uploads\/2023\/03\/GRP_Frankfurt_20230319-95-300x200.jpg 300w, https:\/\/insideamateurfussball-ffm.de\/wp-content\/uploads\/2023\/03\/GRP_Frankfurt_20230319-95-1024x683.jpg 1024w, https:\/\/insideamateurfussball-ffm.de\/wp-content\/uploads\/2023\/03\/GRP_Frankfurt_20230319-95-768x512.jpg 768w, https:\/\/insideamateurfussball-ffm.de\/wp-content\/uploads\/2023\/03\/GRP_Frankfurt_20230319-95.jpg 1038w\" sizes=\"auto, (max-width: 312px) 100vw, 312px\" \/><figcaption id=\"caption-attachment-6393\" class=\"wp-caption-text\">Giovanbattista Pedace markierte beide Tore f\u00fcr Fechenheim. Kalbachs Kapit\u00e4n Alexander Azimpour hatte das Nachsehen. Foto: Patrick Gawlik.\u00a0\u00a0<\/figcaption><\/figure>\n<h5><span style=\"font-size: 16px;\">Spvgg. 03 Fechenheim &#8211; FC Kalbach 2:0 (1:0)<\/span><\/h5>\n<p><img loading=\"lazy\" decoding=\"async\" class=\"alignnone size-full wp-image-603\" src=\"http:\/\/insideamateurfussball-ffm.de\/wp-content\/uploads\/2022\/06\/Fech03.jpg\" alt=\"\" width=\"52\" height=\"80\" \/><img loading=\"lazy\" decoding=\"async\" class=\"alignnone size-full wp-image-16\" src=\"http:\/\/insideamateurfussball-ffm.de\/wp-content\/uploads\/2021\/11\/kalbach-wappen.jpg\" alt=\"\" width=\"80\" height=\"80\" \/><\/p>\n<p><span style=\"font-size: 16px;\"><span style=\"color: #000080;\">120 Zuschauer an der Pfortenstra\u00dfe sahen laut Fechenheims Vereinschef Reinhold Schmidt ein &#8222;hochklassiges Spiel von zwei sehr gut aufgestellten Mannschaften.&#8220; Mann des Tages bei den Gastgebern war Torj\u00e4ger Giovanbattista Pedace, der mit seinen Saisontreffern Nummer 15 und 16 die Partie entschied. <\/span><\/span><\/p>\n<p><span style=\"font-size: 16px;\"><span style=\"color: #000080;\">&#8222;Pedace hat den Unterschied ausgemacht&#8220;, stellte Schmidt fest. Das 1:0 erzielte der Italiener aus 16 Metern ins rechte Eck (42.).<\/span><\/span><\/p>\n<h5><span style=\"font-size: 16px;\">Dienstag, 20 Uhr: Kreispokal-Viertelfinale SG Praunheim &#8211; Spvgg. Fechenheim\u00a0<\/span><\/h5>\n<p><span style=\"font-size: 16px;\"><span style=\"color: #000080;\">Beim 2:0 schob er einen Pass von Slimane Haloui ein (86.). Der eingewechselte Kalbacher Goalgetter Achraf Gara Ali verpasste im zweiten Abschnitt den m\u00f6glichen Kalbacher Ausgleich. &#8222;Fechenheim war agiler und aggressiver. Wir gehen als verdienter Verlierer vom Platz&#8220;, sagte Kalbachs Sportlicher Leiter Manfred Meyer. <\/span><\/span><\/p>\n<p><span style=\"font-size: 16px;\"><span style=\"color: #000080;\">Bereits am Dienstag stehen die Fechenheimer im Viertelfinale des Kreispokals vor einer Pflichtaufgabe. Beim zwei Klassen tiefer spielenden A-Ligisten SG Praunheim winkt der Einzug ins Halbfinale. Ansto\u00df am Praunheimer Hohl wird um 20 Uhr sein. Inside Amateurfu\u00dfball Ffm ist diese Woche nat\u00fcrlich auch bei den Kreispokalspielen f\u00fcr euch vor Ort auf den Sportpl\u00e4tzen.\u00a0<\/span><\/span><\/p>\n<h5><span style=\"font-size: 16px;\"><span style=\"color: #000080;\">Schiedsrichter: Keine Angabe. Zuschauer: 120. <\/span><\/span><\/h5>\n<h5><span style=\"font-size: 16px;\"><span style=\"color: #000080;\">Tore: 1:0, 2:0 Giovanbattista Pedace (42.\/86.).<\/span><\/span><\/h5>\n<ul>\n<li><span style=\"font-size: 16px;\"><span style=\"color: #000080;\">Bildergalerie: Fechenheims Vereinsfotograf Patrick Gawlik (Paga-Foto) hat uns eine engere Auswahl seiner Galerie zur Verf\u00fcgung gestellt. Vielen Dank!\u00a0 \u00a0<\/span><\/span><\/li>\n<\/ul>\n\n\n<div class=\"wp-block-columns is-layout-flex wp-container-core-columns-is-layout-28f84493 wp-block-columns-is-layout-flex\">\n<div class=\"wp-block-column is-layout-flow wp-block-column-is-layout-flow\">\n<figure class=\"wp-block-image size-large is-style-default\"><img loading=\"lazy\" decoding=\"async\" width=\"1024\" height=\"683\" src=\"http:\/\/insideamateurfussball-ffm.de\/wp-content\/uploads\/2023\/03\/GRP_Frankfurt_20230319-48-1024x683.jpg\" alt=\"\" class=\"wp-image-6394\" srcset=\"https:\/\/insideamateurfussball-ffm.de\/wp-content\/uploads\/2023\/03\/GRP_Frankfurt_20230319-48-1024x683.jpg 1024w, https:\/\/insideamateurfussball-ffm.de\/wp-content\/uploads\/2023\/03\/GRP_Frankfurt_20230319-48-300x200.jpg 300w, https:\/\/insideamateurfussball-ffm.de\/wp-content\/uploads\/2023\/03\/GRP_Frankfurt_20230319-48-768x512.jpg 768w, https:\/\/insideamateurfussball-ffm.de\/wp-content\/uploads\/2023\/03\/GRP_Frankfurt_20230319-48.jpg 1038w\" sizes=\"auto, (max-width: 1024px) 100vw, 1024px\" \/><\/figure>\n<\/div>\n\n\n\n<div class=\"wp-block-column is-layout-flow wp-block-column-is-layout-flow\">\n<figure class=\"wp-block-gallery has-nested-images columns-default is-cropped wp-block-gallery-1 is-layout-flex wp-block-gallery-is-layout-flex\">\n<figure class=\"wp-block-image size-large is-style-default\"><img loading=\"lazy\" decoding=\"async\" width=\"1024\" height=\"683\" data-id=\"6395\" src=\"http:\/\/insideamateurfussball-ffm.de\/wp-content\/uploads\/2023\/03\/GRP_Frankfurt_20230319-104-1024x683.jpg\" alt=\"\" class=\"wp-image-6395\" srcset=\"https:\/\/insideamateurfussball-ffm.de\/wp-content\/uploads\/2023\/03\/GRP_Frankfurt_20230319-104-1024x683.jpg 1024w, https:\/\/insideamateurfussball-ffm.de\/wp-content\/uploads\/2023\/03\/GRP_Frankfurt_20230319-104-300x200.jpg 300w, https:\/\/insideamateurfussball-ffm.de\/wp-content\/uploads\/2023\/03\/GRP_Frankfurt_20230319-104-768x512.jpg 768w, https:\/\/insideamateurfussball-ffm.de\/wp-content\/uploads\/2023\/03\/GRP_Frankfurt_20230319-104.jpg 1038w\" sizes=\"auto, (max-width: 1024px) 100vw, 1024px\" \/><\/figure>\n<\/figure>\n<\/div>\n\n\n\n<div class=\"wp-block-column is-layout-flow wp-block-column-is-layout-flow\">\n<figure class=\"wp-block-image size-large is-style-default\"><img loading=\"lazy\" decoding=\"async\" width=\"1024\" height=\"683\" src=\"http:\/\/insideamateurfussball-ffm.de\/wp-content\/uploads\/2023\/03\/GRP_Frankfurt_20230319-91-1024x683.jpg\" alt=\"\" class=\"wp-image-6397\" srcset=\"https:\/\/insideamateurfussball-ffm.de\/wp-content\/uploads\/2023\/03\/GRP_Frankfurt_20230319-91-1024x683.jpg 1024w, https:\/\/insideamateurfussball-ffm.de\/wp-content\/uploads\/2023\/03\/GRP_Frankfurt_20230319-91-300x200.jpg 300w, https:\/\/insideamateurfussball-ffm.de\/wp-content\/uploads\/2023\/03\/GRP_Frankfurt_20230319-91-768x512.jpg 768w, https:\/\/insideamateurfussball-ffm.de\/wp-content\/uploads\/2023\/03\/GRP_Frankfurt_20230319-91.jpg 1038w\" sizes=\"auto, (max-width: 1024px) 100vw, 1024px\" \/><\/figure>\n<\/div>\n<\/div>\n\n\n\n<div class=\"wp-block-columns is-layout-flex wp-container-core-columns-is-layout-28f84493 wp-block-columns-is-layout-flex\">\n<div class=\"wp-block-column is-layout-flow wp-block-column-is-layout-flow\">\n<figure class=\"wp-block-gallery has-nested-images columns-default is-cropped wp-block-gallery-2 is-layout-flex wp-block-gallery-is-layout-flex\">\n<figure class=\"wp-block-image size-large is-style-default\"><img loading=\"lazy\" decoding=\"async\" width=\"1024\" height=\"683\" data-id=\"6398\" src=\"http:\/\/insideamateurfussball-ffm.de\/wp-content\/uploads\/2023\/03\/GRP_Frankfurt_20230319-14-1024x683.jpg\" alt=\"\" class=\"wp-image-6398\" srcset=\"https:\/\/insideamateurfussball-ffm.de\/wp-content\/uploads\/2023\/03\/GRP_Frankfurt_20230319-14-1024x683.jpg 1024w, https:\/\/insideamateurfussball-ffm.de\/wp-content\/uploads\/2023\/03\/GRP_Frankfurt_20230319-14-300x200.jpg 300w, https:\/\/insideamateurfussball-ffm.de\/wp-content\/uploads\/2023\/03\/GRP_Frankfurt_20230319-14-768x512.jpg 768w, https:\/\/insideamateurfussball-ffm.de\/wp-content\/uploads\/2023\/03\/GRP_Frankfurt_20230319-14.jpg 1038w\" sizes=\"auto, (max-width: 1024px) 100vw, 1024px\" \/><\/figure>\n<\/figure>\n<\/div>\n\n\n\n<div class=\"wp-block-column is-layout-flow wp-block-column-is-layout-flow\">\n<figure class=\"wp-block-image size-large is-style-default\"><img loading=\"lazy\" decoding=\"async\" width=\"1024\" height=\"683\" src=\"http:\/\/insideamateurfussball-ffm.de\/wp-content\/uploads\/2023\/03\/GRP_Frankfurt_20230319-97-1024x683.jpg\" alt=\"\" class=\"wp-image-6400\" srcset=\"https:\/\/insideamateurfussball-ffm.de\/wp-content\/uploads\/2023\/03\/GRP_Frankfurt_20230319-97-1024x683.jpg 1024w, https:\/\/insideamateurfussball-ffm.de\/wp-content\/uploads\/2023\/03\/GRP_Frankfurt_20230319-97-300x200.jpg 300w, https:\/\/insideamateurfussball-ffm.de\/wp-content\/uploads\/2023\/03\/GRP_Frankfurt_20230319-97-768x512.jpg 768w, https:\/\/insideamateurfussball-ffm.de\/wp-content\/uploads\/2023\/03\/GRP_Frankfurt_20230319-97.jpg 1038w\" sizes=\"auto, (max-width: 1024px) 100vw, 1024px\" \/><\/figure>\n<\/div>\n\n\n\n<div class=\"wp-block-column is-layout-flow wp-block-column-is-layout-flow\">\n<figure class=\"wp-block-gallery has-nested-images columns-default is-cropped wp-block-gallery-3 is-layout-flex wp-block-gallery-is-layout-flex\">\n<figure class=\"wp-block-image size-large is-style-default\"><img loading=\"lazy\" decoding=\"async\" width=\"1024\" height=\"683\" data-id=\"6401\" src=\"http:\/\/insideamateurfussball-ffm.de\/wp-content\/uploads\/2023\/03\/GRP_Frankfurt_20230319-54-1024x683.jpg\" alt=\"\" class=\"wp-image-6401\" srcset=\"https:\/\/insideamateurfussball-ffm.de\/wp-content\/uploads\/2023\/03\/GRP_Frankfurt_20230319-54-1024x683.jpg 1024w, https:\/\/insideamateurfussball-ffm.de\/wp-content\/uploads\/2023\/03\/GRP_Frankfurt_20230319-54-300x200.jpg 300w, https:\/\/insideamateurfussball-ffm.de\/wp-content\/uploads\/2023\/03\/GRP_Frankfurt_20230319-54-768x512.jpg 768w, https:\/\/insideamateurfussball-ffm.de\/wp-content\/uploads\/2023\/03\/GRP_Frankfurt_20230319-54.jpg 1038w\" sizes=\"auto, (max-width: 1024px) 100vw, 1024px\" \/><\/figure>\n<\/figure>\n<\/div>\n<\/div>\n\n\n\n<div class=\"wp-block-columns is-layout-flex wp-container-core-columns-is-layout-28f84493 wp-block-columns-is-layout-flex\">\n<div class=\"wp-block-column is-layout-flow wp-block-column-is-layout-flow\">\n<figure class=\"wp-block-gallery has-nested-images columns-default is-cropped wp-block-gallery-4 is-layout-flex wp-block-gallery-is-layout-flex\">\n<figure class=\"wp-block-image size-large is-style-default\"><img loading=\"lazy\" decoding=\"async\" width=\"1024\" height=\"683\" data-id=\"6402\" src=\"http:\/\/insideamateurfussball-ffm.de\/wp-content\/uploads\/2023\/03\/GRP_Frankfurt_20230319-114-1024x683.jpg\" alt=\"\" class=\"wp-image-6402\" srcset=\"https:\/\/insideamateurfussball-ffm.de\/wp-content\/uploads\/2023\/03\/GRP_Frankfurt_20230319-114-1024x683.jpg 1024w, https:\/\/insideamateurfussball-ffm.de\/wp-content\/uploads\/2023\/03\/GRP_Frankfurt_20230319-114-300x200.jpg 300w, https:\/\/insideamateurfussball-ffm.de\/wp-content\/uploads\/2023\/03\/GRP_Frankfurt_20230319-114-768x512.jpg 768w, https:\/\/insideamateurfussball-ffm.de\/wp-content\/uploads\/2023\/03\/GRP_Frankfurt_20230319-114.jpg 1038w\" sizes=\"auto, (max-width: 1024px) 100vw, 1024px\" \/><\/figure>\n<\/figure>\n<\/div>\n\n\n\n<div class=\"wp-block-column is-layout-flow wp-block-column-is-layout-flow\"><\/div>\n\n\n\n<div class=\"wp-block-column is-layout-flow wp-block-column-is-layout-flow\"><\/div>\n<\/div>\n","protected":false},"excerpt":{"rendered":"<p>Die Spvgg. 03 Fechenheim lie\u00df sich auch vom starken Aufsteiger FC Kalbach nicht stoppen und holte in der Gruppenliga Frankfurt West den zehnten Sieg in Folge. Damit entpuppt sich die Mannschaft aus dem Frankfurter Osten immer mehr als Aufstiegsanw\u00e4rter. Mit 46 Punkten aus 22 Spielen ist zumindest Rang zwei und damit die Teilnahme an der [&hellip;]<\/p>\n","protected":false},"author":1,"featured_media":6393,"comment_status":"open","ping_status":"open","sticky":false,"template":"","format":"standard","meta":{"footnotes":""},"categories":[13],"tags":[],"class_list":["post-6392","post","type-post","status-publish","format-standard","has-post-thumbnail","hentry","category-gruppenliga-frankfurt-west"],"_links":{"self":[{"href":"https:\/\/insideamateurfussball-ffm.de\/index.php?rest_route=\/wp\/v2\/posts\/6392","targetHints":{"allow":["GET"]}}],"collection":[{"href":"https:\/\/insideamateurfussball-ffm.de\/index.php?rest_route=\/wp\/v2\/posts"}],"about":[{"href":"https:\/\/insideamateurfussball-ffm.de\/index.php?rest_route=\/wp\/v2\/types\/post"}],"author":[{"embeddable":true,"href":"https:\/\/insideamateurfussball-ffm.de\/index.php?rest_route=\/wp\/v2\/users\/1"}],"replies":[{"embeddable":true,"href":"https:\/\/insideamateurfussball-ffm.de\/index.php?rest_route=%2Fwp%2Fv2%2Fcomments&post=6392"}],"version-history":[{"count":2,"href":"https:\/\/insideamateurfussball-ffm.de\/index.php?rest_route=\/wp\/v2\/posts\/6392\/revisions"}],"predecessor-version":[{"id":6404,"href":"https:\/\/insideamateurfussball-ffm.de\/index.php?rest_route=\/wp\/v2\/posts\/6392\/revisions\/6404"}],"wp:featuredmedia":[{"embeddable":true,"href":"https:\/\/insideamateurfussball-ffm.de\/index.php?rest_route=\/wp\/v2\/media\/6393"}],"wp:attachment":[{"href":"https:\/\/insideamateurfussball-ffm.de\/index.php?rest_route=%2Fwp%2Fv2%2Fmedia&parent=6392"}],"wp:term":[{"taxonomy":"category","embeddable":true,"href":"https:\/\/insideamateurfussball-ffm.de\/index.php?rest_route=%2Fwp%2Fv2%2Fcategories&post=6392"},{"taxonomy":"post_tag","embeddable":true,"href":"https:\/\/insideamateurfussball-ffm.de\/index.php?rest_route=%2Fwp%2Fv2%2Ftags&post=6392"}],"curies":[{"name":"wp","href":"https:\/\/api.w.org\/{rel}","templated":true}]}}