{"id":6389,"date":"2023-03-20T23:03:52","date_gmt":"2023-03-20T21:03:52","guid":{"rendered":"http:\/\/insideamateurfussball-ffm.de\/?p=6389"},"modified":"2025-01-25T14:17:14","modified_gmt":"2025-01-25T13:17:14","slug":"seckbach-unverdienter-sieg-kommt-may-recht","status":"publish","type":"post","link":"https:\/\/insideamateurfussball-ffm.de\/?p=6389","title":{"rendered":"Seckbach: &#8222;Unverdienter Sieg&#8220; kommt May recht"},"content":{"rendered":"<h5><span style=\"font-size: 16px;\">Vor allem die abstiegsgef\u00e4hrdeten Vereine in der Kreisoberliga Frankfurt dr\u00fccken der FG Seckbach kr\u00e4ftig die Daumen im Kampf um den Klassenerhalt in der Gruppenliga Frankfurt West. Denn bleiben die Seckbacher drin, steigt aus der KOL nur der Tabellenletzte ab und der Vorletzte muss in die Relegation. Nach dem 2:0-Sieg der FGS gegen die mitgef\u00e4hrdete SG Ober-Erlenbach r\u00fcckt der Klassenerhalt f\u00fcr die Blau-Wei\u00dfen wieder n\u00e4her.\u00a0<\/span><\/h5>\n<figure id=\"attachment_6390\" aria-describedby=\"caption-attachment-6390\" style=\"width: 177px\" class=\"wp-caption alignleft\"><img loading=\"lazy\" decoding=\"async\" class=\"wp-image-6390\" src=\"http:\/\/insideamateurfussball-ffm.de\/wp-content\/uploads\/2023\/03\/Seck7-169x300.jpg\" alt=\"\" width=\"177\" height=\"314\" srcset=\"https:\/\/insideamateurfussball-ffm.de\/wp-content\/uploads\/2023\/03\/Seck7-169x300.jpg 169w, https:\/\/insideamateurfussball-ffm.de\/wp-content\/uploads\/2023\/03\/Seck7-576x1024.jpg 576w, https:\/\/insideamateurfussball-ffm.de\/wp-content\/uploads\/2023\/03\/Seck7-768x1365.jpg 768w, https:\/\/insideamateurfussball-ffm.de\/wp-content\/uploads\/2023\/03\/Seck7-864x1536.jpg 864w, https:\/\/insideamateurfussball-ffm.de\/wp-content\/uploads\/2023\/03\/Seck7.jpg 1152w\" sizes=\"auto, (max-width: 177px) 100vw, 177px\" \/><figcaption id=\"caption-attachment-6390\" class=\"wp-caption-text\">Jubel bei der FG Seckbach. Foto: Maikel Fuhrmann.\u00a0\u00a0<\/figcaption><\/figure>\n<h5><span style=\"font-size: 16px;\">FG Seckbach &#8211; SG Ober-Erlenbach 2:0 (1:0)<\/span><\/h5>\n<p><img loading=\"lazy\" decoding=\"async\" class=\"alignnone size-full wp-image-544\" src=\"http:\/\/insideamateurfussball-ffm.de\/wp-content\/uploads\/2022\/06\/Seckbach.jpg\" alt=\"\" width=\"80\" height=\"80\" \/><img loading=\"lazy\" decoding=\"async\" class=\"alignnone size-full wp-image-2186\" src=\"http:\/\/insideamateurfussball-ffm.de\/wp-content\/uploads\/2022\/08\/Ober-erl.jpg\" alt=\"\" width=\"76\" height=\"80\" \/><\/p>\n<p><span style=\"font-size: 16px;\"><span style=\"color: #000080;\">Durch den f\u00fcnften Saisonsieg haben die Seckbacher nun die 20 Punkte voll gemacht und den direkten Konkurrenten auf sechs Punkte distanziert. Auf den Drittletzten DJK Bad Homburg besteht nun ein Polster von vier Z\u00e4hlern. &#8222;Es war kein gutes Spiel und der Sieg ist unverdient. Aber ganz egal, weil nur die drei Punkte z\u00e4hlen&#8220;, gab Seckbachs Spielertrainer Manuel May zu. Ober-Erlenbach habe zahlreiche Chancen liegen lassen, w\u00e4hrend Seckbach seine Chancen durch Wataru Murata (44.) und Timo Steinert (80.) effektiv nutzte.<\/span><\/span><\/p>\n<blockquote>\n<h5>&#8222;\u00dcber die Art und Weise denke ich morgen nach&#8220; (Seckbachs Spielertrainer Manuel May)<\/h5>\n<\/blockquote>\n<p><span style=\"font-size: 16px;\"><span style=\"color: #000080;\">Trotz der fr\u00fchzeitigen Verletzungen der Routiniers Jonas Scheitza und Steven M\u00fchl blieb Seckbach in der Grundordnung. &#8222;Ich bin erleichtert. \u00dcber die Art und Weise denke ich morgen nach&#8220;, schob May nach.<\/span><\/span><\/p>\n<h5><span style=\"font-size: 16px;\">Schiedsrichter: Keine Angabe. Zuschauer: 100. <\/span><\/h5>\n<h5><span style=\"font-size: 16px;\">Tore: 1:0 Wataru Murata (44.), 2:0 Timo Steinert (80.).\u00a0<\/span><\/h5>\n","protected":false},"excerpt":{"rendered":"<p>Vor allem die abstiegsgef\u00e4hrdeten Vereine in der Kreisoberliga Frankfurt dr\u00fccken der FG Seckbach kr\u00e4ftig die Daumen im Kampf um den Klassenerhalt in der Gruppenliga Frankfurt West. Denn bleiben die Seckbacher drin, steigt aus der KOL nur der Tabellenletzte ab und der Vorletzte muss in die Relegation. Nach dem 2:0-Sieg der FGS gegen die mitgef\u00e4hrdete SG [&hellip;]<\/p>\n","protected":false},"author":1,"featured_media":6390,"comment_status":"open","ping_status":"open","sticky":false,"template":"","format":"standard","meta":{"footnotes":""},"categories":[13],"tags":[],"class_list":["post-6389","post","type-post","status-publish","format-standard","has-post-thumbnail","hentry","category-gruppenliga-frankfurt-west"],"_links":{"self":[{"href":"https:\/\/insideamateurfussball-ffm.de\/index.php?rest_route=\/wp\/v2\/posts\/6389","targetHints":{"allow":["GET"]}}],"collection":[{"href":"https:\/\/insideamateurfussball-ffm.de\/index.php?rest_route=\/wp\/v2\/posts"}],"about":[{"href":"https:\/\/insideamateurfussball-ffm.de\/index.php?rest_route=\/wp\/v2\/types\/post"}],"author":[{"embeddable":true,"href":"https:\/\/insideamateurfussball-ffm.de\/index.php?rest_route=\/wp\/v2\/users\/1"}],"replies":[{"embeddable":true,"href":"https:\/\/insideamateurfussball-ffm.de\/index.php?rest_route=%2Fwp%2Fv2%2Fcomments&post=6389"}],"version-history":[{"count":1,"href":"https:\/\/insideamateurfussball-ffm.de\/index.php?rest_route=\/wp\/v2\/posts\/6389\/revisions"}],"predecessor-version":[{"id":6391,"href":"https:\/\/insideamateurfussball-ffm.de\/index.php?rest_route=\/wp\/v2\/posts\/6389\/revisions\/6391"}],"wp:featuredmedia":[{"embeddable":true,"href":"https:\/\/insideamateurfussball-ffm.de\/index.php?rest_route=\/wp\/v2\/media\/6390"}],"wp:attachment":[{"href":"https:\/\/insideamateurfussball-ffm.de\/index.php?rest_route=%2Fwp%2Fv2%2Fmedia&parent=6389"}],"wp:term":[{"taxonomy":"category","embeddable":true,"href":"https:\/\/insideamateurfussball-ffm.de\/index.php?rest_route=%2Fwp%2Fv2%2Fcategories&post=6389"},{"taxonomy":"post_tag","embeddable":true,"href":"https:\/\/insideamateurfussball-ffm.de\/index.php?rest_route=%2Fwp%2Fv2%2Ftags&post=6389"}],"curies":[{"name":"wp","href":"https:\/\/api.w.org\/{rel}","templated":true}]}}