{"id":6386,"date":"2023-03-20T22:40:47","date_gmt":"2023-03-20T20:40:47","guid":{"rendered":"http:\/\/insideamateurfussball-ffm.de\/?p=6386"},"modified":"2025-01-25T14:17:19","modified_gmt":"2025-01-25T13:17:19","slug":"bosnien-spaeter-k-0-in-friedrichsdorf","status":"publish","type":"post","link":"https:\/\/insideamateurfussball-ffm.de\/?p=6386","title":{"rendered":"Bosnien: Sp\u00e4ter K.0. in Friedrichsdorf"},"content":{"rendered":"<h5><span style=\"font-size: 16px;\">Tabellenf\u00fchrer Sportfreunde Friedrichsdorf brauchte in der Gruppenliga Frankfurt West einen Treffer in der Nachspielzeit, um den SV BKC Bosnien niederzuringen. Der Meisterschaftsfavorit machte damit den n\u00e4chsten Schritt in Richtung des angestrebten Aufstieges in die Verbandsliga S\u00fcd.\u00a0<\/span><\/h5>\n<figure id=\"attachment_6387\" aria-describedby=\"caption-attachment-6387\" style=\"width: 313px\" class=\"wp-caption alignleft\"><img loading=\"lazy\" decoding=\"async\" class=\"wp-image-6387\" src=\"http:\/\/insideamateurfussball-ffm.de\/wp-content\/uploads\/2023\/03\/fri4-300x212.jpg\" alt=\"\" width=\"313\" height=\"221\" srcset=\"https:\/\/insideamateurfussball-ffm.de\/wp-content\/uploads\/2023\/03\/fri4-300x212.jpg 300w, https:\/\/insideamateurfussball-ffm.de\/wp-content\/uploads\/2023\/03\/fri4-768x543.jpg 768w, https:\/\/insideamateurfussball-ffm.de\/wp-content\/uploads\/2023\/03\/fri4.jpg 979w\" sizes=\"auto, (max-width: 313px) 100vw, 313px\" \/><figcaption id=\"caption-attachment-6387\" class=\"wp-caption-text\">Die Sportfreunde Friedrichsdorf peilen den Aufstieg in die Verbandsliga S\u00fcd an. Archivfoto: Mithat G\u00fcrser.\u00a0\u00a0<\/figcaption><\/figure>\n<h5><span style=\"font-size: 16px;\">Sportfreunde Friedrichsdorf &#8211; SV BKC Bosnien 3:2 (1:2)<\/span><\/h5>\n<p><img loading=\"lazy\" decoding=\"async\" class=\"alignnone size-full wp-image-672\" src=\"http:\/\/insideamateurfussball-ffm.de\/wp-content\/uploads\/2022\/06\/SFF.jpg\" alt=\"\" width=\"68\" height=\"80\" \/><img loading=\"lazy\" decoding=\"async\" class=\"alignnone size-full wp-image-139\" src=\"http:\/\/insideamateurfussball-ffm.de\/wp-content\/uploads\/2022\/05\/Bosnien.jpg\" alt=\"\" width=\"79\" height=\"80\" \/><\/p>\n<p><span style=\"font-size: 16px;\"><span style=\"color: #000080;\">Der Plan der Bosnier, den Aufstiegsanw\u00e4rter wie schon beim 2:2 im Hinspiel zu \u00e4rgern, ging bis in die Nachspielzeit auf. Die Gastgeber f\u00fchrten durch einen Freisto\u00df von Turgay Akbulut (38.). Adis Hasecic glich per Foulelfmeter aus (44.), dann brachte Hamza Reko Bosnien in F\u00fchrung (45.).<\/span><\/span><\/p>\n<p><span style=\"font-size: 16px;\"><span style=\"color: #000080;\"> &#8222;Wir haben sehr clever gespielt und gut verteidigt&#8220;, erkl\u00e4rte BKC-Pressesprecher Admir Malohodzic. Die eine oder andere Konterchance habe man nach dem Seitenwechsel auf dem gro\u00dfen Kunstrasenplatz liegen lassen, was sich am Ende r\u00e4chen sollte.<\/span><\/span><\/p>\n<h5><span style=\"font-size: 16px;\">Mittwoch Kreispokal: Viertelfinale Bosnien &#8211; Bornheim\u00a0<\/span><\/h5>\n<p><span style=\"font-size: 16px;\"><span style=\"color: #000080;\">In der hektischen Schlussphase gab es &#8222;Gelb-Rot&#8220; gegen den Friedrichsdorfer Masih Saighani (85.) und den Bosnier Linus Krakow (87.), der den Freisto\u00df zum Ausgleich durch Pierre Massfeller (88.) verursachte. &#8222;Warum der Schiedsrichter eine so lange Nachspielzeit anberaumt hat, kann ich nicht nachvollziehen&#8220;, beschwerte sich Malohodzic. <\/span><\/span><\/p>\n<p><span style=\"font-size: 16px;\"><span style=\"color: #000080;\">Denis Talijan gelang Sekunden vor dem Spielende noch der Siegtreffer zum 3:2 (90.+4). &#8222;Schade, den einen Punkt h\u00e4tten wir verdient gehabt&#8220;, so Malohodzics Schlusssatz. Am Mittwoch treffen die Bosnier im Viertelfinale des Kreispokals auf den Verbandsligisten SG Bornheim\/Gr\u00fcn-Wei\u00df (20 Uhr).\u00a0<\/span><\/span><\/p>\n<h5><span style=\"font-size: 16px;\">Schiedsrichter: Johannes Collatz (Darmstadt). Zuschauer: 100. <\/span><\/h5>\n<h5><span style=\"font-size: 16px;\">Tore: 1:0 Turgay Akbulut (38.), 1:1 Adis Hasecic (44.\/Foulelfmeter), 1:2 Hamza Reko (45.), 2:2 Pierre Massfeller (88.), 3:2 Denis Aleksandar Talijan (90.\/+4).\u00a0\u00a0<\/span><\/h5>\n<div><\/div>\n<div><\/div>\n","protected":false},"excerpt":{"rendered":"<p>Tabellenf\u00fchrer Sportfreunde Friedrichsdorf brauchte in der Gruppenliga Frankfurt West einen Treffer in der Nachspielzeit, um den SV BKC Bosnien niederzuringen. Der Meisterschaftsfavorit machte damit den n\u00e4chsten Schritt in Richtung des angestrebten Aufstieges in die Verbandsliga S\u00fcd.\u00a0 Sportfreunde Friedrichsdorf &#8211; SV BKC Bosnien 3:2 (1:2) Der Plan der Bosnier, den Aufstiegsanw\u00e4rter wie schon beim 2:2 im [&hellip;]<\/p>\n","protected":false},"author":1,"featured_media":6387,"comment_status":"open","ping_status":"open","sticky":false,"template":"","format":"standard","meta":{"footnotes":""},"categories":[13],"tags":[],"class_list":["post-6386","post","type-post","status-publish","format-standard","has-post-thumbnail","hentry","category-gruppenliga-frankfurt-west"],"_links":{"self":[{"href":"https:\/\/insideamateurfussball-ffm.de\/index.php?rest_route=\/wp\/v2\/posts\/6386","targetHints":{"allow":["GET"]}}],"collection":[{"href":"https:\/\/insideamateurfussball-ffm.de\/index.php?rest_route=\/wp\/v2\/posts"}],"about":[{"href":"https:\/\/insideamateurfussball-ffm.de\/index.php?rest_route=\/wp\/v2\/types\/post"}],"author":[{"embeddable":true,"href":"https:\/\/insideamateurfussball-ffm.de\/index.php?rest_route=\/wp\/v2\/users\/1"}],"replies":[{"embeddable":true,"href":"https:\/\/insideamateurfussball-ffm.de\/index.php?rest_route=%2Fwp%2Fv2%2Fcomments&post=6386"}],"version-history":[{"count":1,"href":"https:\/\/insideamateurfussball-ffm.de\/index.php?rest_route=\/wp\/v2\/posts\/6386\/revisions"}],"predecessor-version":[{"id":6388,"href":"https:\/\/insideamateurfussball-ffm.de\/index.php?rest_route=\/wp\/v2\/posts\/6386\/revisions\/6388"}],"wp:featuredmedia":[{"embeddable":true,"href":"https:\/\/insideamateurfussball-ffm.de\/index.php?rest_route=\/wp\/v2\/media\/6387"}],"wp:attachment":[{"href":"https:\/\/insideamateurfussball-ffm.de\/index.php?rest_route=%2Fwp%2Fv2%2Fmedia&parent=6386"}],"wp:term":[{"taxonomy":"category","embeddable":true,"href":"https:\/\/insideamateurfussball-ffm.de\/index.php?rest_route=%2Fwp%2Fv2%2Fcategories&post=6386"},{"taxonomy":"post_tag","embeddable":true,"href":"https:\/\/insideamateurfussball-ffm.de\/index.php?rest_route=%2Fwp%2Fv2%2Ftags&post=6386"}],"curies":[{"name":"wp","href":"https:\/\/api.w.org\/{rel}","templated":true}]}}