{"id":6376,"date":"2023-03-20T21:30:46","date_gmt":"2023-03-20T19:30:46","guid":{"rendered":"http:\/\/insideamateurfussball-ffm.de\/?p=6376"},"modified":"2025-01-25T14:17:40","modified_gmt":"2025-01-25T13:17:40","slug":"zeilsheim-unterliegt-beim-angstgegner","status":"publish","type":"post","link":"https:\/\/insideamateurfussball-ffm.de\/?p=6376","title":{"rendered":"Zeilsheim unterliegt beim Angstgegner"},"content":{"rendered":"<h5><span style=\"font-size: 16px;\">Der SV Zeilsheim unterlag bei den Sportfreunden\/Blau-Gelb Marburg mit 0:2. Acht Punkte betr\u00e4gt nun der R\u00fcckstand auf Relegationsplatz zwei. Es sieht f\u00fcr den Hessenliga-Absteiger nach einer weiteren Saison in der Verbandsliga Mitte aus.\u00a0<\/span><\/h5>\n<figure id=\"attachment_6377\" aria-describedby=\"caption-attachment-6377\" style=\"width: 248px\" class=\"wp-caption alignleft\"><img loading=\"lazy\" decoding=\"async\" class=\"wp-image-6377\" src=\"http:\/\/insideamateurfussball-ffm.de\/wp-content\/uploads\/2023\/03\/26-SV-Keeper-Josip-Galic-konnte-die-Niederlage-in-Marburg-nicht-vereiteln-239x300.jpg\" alt=\"\" width=\"248\" height=\"311\" srcset=\"https:\/\/insideamateurfussball-ffm.de\/wp-content\/uploads\/2023\/03\/26-SV-Keeper-Josip-Galic-konnte-die-Niederlage-in-Marburg-nicht-vereiteln-239x300.jpg 239w, https:\/\/insideamateurfussball-ffm.de\/wp-content\/uploads\/2023\/03\/26-SV-Keeper-Josip-Galic-konnte-die-Niederlage-in-Marburg-nicht-vereiteln.jpg 597w\" sizes=\"auto, (max-width: 248px) 100vw, 248px\" \/><figcaption id=\"caption-attachment-6377\" class=\"wp-caption-text\">SVZ-Keeper Josip Galic konnte die Niederlage in Marburg nicht vereiteln. Foto: Peter Strauch.\u00a0\u00a0<\/figcaption><\/figure>\n<h5><span style=\"font-size: 16px;\">Sportfreunde\/Blau-Gelb Marburg &#8211; SV Zeilsheim 2:0 (0:0)<\/span><\/h5>\n<p><img loading=\"lazy\" decoding=\"async\" class=\"alignnone size-full wp-image-2395\" src=\"http:\/\/insideamateurfussball-ffm.de\/wp-content\/uploads\/2022\/09\/SFBG.jpg\" alt=\"\" width=\"80\" height=\"80\" \/><img loading=\"lazy\" decoding=\"async\" class=\"alignnone size-full wp-image-1153\" src=\"http:\/\/insideamateurfussball-ffm.de\/wp-content\/uploads\/2022\/07\/SVZe.jpg\" alt=\"\" width=\"68\" height=\"80\" \/><\/p>\n<p><span style=\"font-size: 16px; color: #000080;\">Die Leistungen des SV sind derzeit zu schwankend, um in Marburg etwas Z\u00e4hlbares mitnehmen zu k\u00f6nnen. Nach dem klaren Heimsieg, eine Woche zuvor gegen Breidenbach, blieb der SV deutlich hinter den eigenen Erwartungen zur\u00fcck. Lediglich in den ersten 45 Minuten konnten die \u201eGr\u00fcnen\u201c die Partie offen gestalten.<\/span><\/p>\n<p><span style=\"font-size: 16px; color: #000080;\"> Es war zun\u00e4chst ein chancenarmes Spiel, dass den Zuschauern viel Kampf, jedoch wenig Qualit\u00e4t bot. Beim SV machte sich im Laufe des Spiels der Ausfall von Torj\u00e4ger Samed G\u00fcrsoy bemerkbar, der nach 13 Minuten verletzt ausschied und durch Leonardo Bianco ersetzt wurde.<\/span><\/p>\n<h5><span style=\"font-size: 16px;\">Sonntag Heimspiel gegen Neuling Juno Burg\u00a0<\/span><\/h5>\n<p><span style=\"font-size: 16px; color: #000080;\">Marburg investierte in der zweiten Spielh\u00e4lfte mehr und wurde belohnt. Eiskalt nutzten die Gastgeber eine Unachtsamkeit in der Zeilsheimer Abwehr zur F\u00fchrung durch Goalgetter Sascha Huhn (72.) aus. Der SV hatte nicht viel hinzusetzen und ergab sich seinem Schicksal. <\/span><\/p>\n<p><span style=\"font-size: 16px; color: #000080;\">Als Matthias Wei\u00dfkopf mit einem Heber auf 2:0 (82.) erh\u00f6hte, war die Niederlage besiegelt. Am kommenden Sonntag, 26.03.2023 um 15:00 Uhr, empf\u00e4ngt der SV erstmalig den Liganeuling SSC Juno Burg, an der Lenzenbergstra\u00dfe und wird sich deutlich steigern m\u00fcssen, um nicht erneut unter die R\u00e4der zu kommen.<\/span><\/p>\n<h5><span style=\"font-size: 16px;\">Schiedsrichter: Lars-Hendrik K\u00f6psel (Fulda). <\/span><\/h5>\n<h5><span style=\"font-size: 16px;\">Tore: 1:0 Sascha Huhn (72.), 2:0 Matthias Wei\u00dfkopf (82.).\u00a0\u00a0<\/span><\/h5>\n","protected":false},"excerpt":{"rendered":"<p>Der SV Zeilsheim unterlag bei den Sportfreunden\/Blau-Gelb Marburg mit 0:2. Acht Punkte betr\u00e4gt nun der R\u00fcckstand auf Relegationsplatz zwei. Es sieht f\u00fcr den Hessenliga-Absteiger nach einer weiteren Saison in der Verbandsliga Mitte aus.\u00a0 Sportfreunde\/Blau-Gelb Marburg &#8211; SV Zeilsheim 2:0 (0:0) Die Leistungen des SV sind derzeit zu schwankend, um in Marburg etwas Z\u00e4hlbares mitnehmen zu [&hellip;]<\/p>\n","protected":false},"author":1,"featured_media":6377,"comment_status":"open","ping_status":"open","sticky":false,"template":"","format":"standard","meta":{"footnotes":""},"categories":[32],"tags":[],"class_list":["post-6376","post","type-post","status-publish","format-standard","has-post-thumbnail","hentry","category-verbandsliga-mitte"],"_links":{"self":[{"href":"https:\/\/insideamateurfussball-ffm.de\/index.php?rest_route=\/wp\/v2\/posts\/6376","targetHints":{"allow":["GET"]}}],"collection":[{"href":"https:\/\/insideamateurfussball-ffm.de\/index.php?rest_route=\/wp\/v2\/posts"}],"about":[{"href":"https:\/\/insideamateurfussball-ffm.de\/index.php?rest_route=\/wp\/v2\/types\/post"}],"author":[{"embeddable":true,"href":"https:\/\/insideamateurfussball-ffm.de\/index.php?rest_route=\/wp\/v2\/users\/1"}],"replies":[{"embeddable":true,"href":"https:\/\/insideamateurfussball-ffm.de\/index.php?rest_route=%2Fwp%2Fv2%2Fcomments&post=6376"}],"version-history":[{"count":1,"href":"https:\/\/insideamateurfussball-ffm.de\/index.php?rest_route=\/wp\/v2\/posts\/6376\/revisions"}],"predecessor-version":[{"id":6378,"href":"https:\/\/insideamateurfussball-ffm.de\/index.php?rest_route=\/wp\/v2\/posts\/6376\/revisions\/6378"}],"wp:featuredmedia":[{"embeddable":true,"href":"https:\/\/insideamateurfussball-ffm.de\/index.php?rest_route=\/wp\/v2\/media\/6377"}],"wp:attachment":[{"href":"https:\/\/insideamateurfussball-ffm.de\/index.php?rest_route=%2Fwp%2Fv2%2Fmedia&parent=6376"}],"wp:term":[{"taxonomy":"category","embeddable":true,"href":"https:\/\/insideamateurfussball-ffm.de\/index.php?rest_route=%2Fwp%2Fv2%2Fcategories&post=6376"},{"taxonomy":"post_tag","embeddable":true,"href":"https:\/\/insideamateurfussball-ffm.de\/index.php?rest_route=%2Fwp%2Fv2%2Ftags&post=6376"}],"curies":[{"name":"wp","href":"https:\/\/api.w.org\/{rel}","templated":true}]}}