{"id":6294,"date":"2023-03-20T17:49:05","date_gmt":"2023-03-20T15:49:05","guid":{"rendered":"http:\/\/insideamateurfussball-ffm.de\/?p=6294"},"modified":"2025-01-25T14:18:00","modified_gmt":"2025-01-25T13:18:00","slug":"eintracht-ii-serie-in-friedberg-gerissen","status":"publish","type":"post","link":"https:\/\/insideamateurfussball-ffm.de\/?p=6294","title":{"rendered":"Eintracht II: Serie in Friedberg gerissen"},"content":{"rendered":"<h5><span style=\"font-size: 16px;\">T\u00fcrk G\u00fcc\u00fc Friedberg hat am Samstagabend das Topspiel der Hessenliga mit 4:2 (1:1) gegen die U21 von Eintracht Frankfurt gewonnen und dadurch den Kampf um die beiden aufstiegsrelevanten Pl\u00e4tze noch spannender gemacht. Die Mannschaft von Trainer Enis Dzihic rang die Adlertr\u00e4ger im zweiten Abschnitt dank des gr\u00f6\u00dferen Siegeswillen nieder. Die Wetterauer konnten den R\u00fcckstand auf Eintracht II auf vier Punkte verk\u00fcrzen und sind nun neben dem Zweitplatzierten FC Gie\u00dfen ganz dick im Rennen.<\/span><\/h5>\n<figure id=\"attachment_6295\" aria-describedby=\"caption-attachment-6295\" style=\"width: 311px\" class=\"wp-caption alignleft\"><img loading=\"lazy\" decoding=\"async\" class=\"wp-image-6295\" src=\"http:\/\/insideamateurfussball-ffm.de\/wp-content\/uploads\/2023\/03\/index-300x220.jpg\" alt=\"\" width=\"311\" height=\"228\" srcset=\"https:\/\/insideamateurfussball-ffm.de\/wp-content\/uploads\/2023\/03\/index-300x220.jpg 300w, https:\/\/insideamateurfussball-ffm.de\/wp-content\/uploads\/2023\/03\/index-1024x750.jpg 1024w, https:\/\/insideamateurfussball-ffm.de\/wp-content\/uploads\/2023\/03\/index-768x563.jpg 768w, https:\/\/insideamateurfussball-ffm.de\/wp-content\/uploads\/2023\/03\/index.jpg 1440w\" sizes=\"auto, (max-width: 311px) 100vw, 311px\" \/><figcaption id=\"caption-attachment-6295\" class=\"wp-caption-text\">Einen Elfmeter f\u00fcr T\u00fcrk G\u00fcc\u00fc Friedberg hat hier Noah Michel herausgeholt, womit Daniel Dejanovic nicht einverstanden ist &#8211; den Elfmeter verwandelte Toni Reljic zum zwischenzeitlichen 1:1. Foto: Timo Jaux (Foto-Jaux).\u00a0\u00a0<\/figcaption><\/figure>\n<h5><span style=\"font-size: 16px;\">T\u00fcrk G\u00fcc\u00fc Friedberg &#8211; Eintracht Frankfurt II 4:2 (1:1)<\/span><\/h5>\n<p><img loading=\"lazy\" decoding=\"async\" class=\"alignnone size-full wp-image-155\" src=\"http:\/\/insideamateurfussball-ffm.de\/wp-content\/uploads\/2022\/05\/TGF.jpg\" alt=\"\" width=\"76\" height=\"80\" \/><img loading=\"lazy\" decoding=\"async\" class=\"alignnone size-full wp-image-836\" src=\"http:\/\/insideamateurfussball-ffm.de\/wp-content\/uploads\/2022\/06\/SGE.jpg\" alt=\"\" width=\"79\" height=\"80\" \/><\/p>\n<p><span style=\"font-size: 16px;\"><span style=\"color: #000080;\">Polemik hatte es im Vorfeld von beh\u00f6rdlicher Seite gegeben. Die geplante Austragung auf dem Kunstrasenplatz wurde von der Polizeidirektion Friedberg 36 Stunden vor dem Spiel untersagt. Auf dem Nebenplatz w\u00e4ren nur 500 Zuschauer zugelassen gewesen. Die letztlich gekommenen 1360 Zuschauer konnten sich rund um den weitl\u00e4ufigen Rasenplatz nat\u00fcrlich besser verteilen. Dazu war eine bessere Sicherheit gew\u00e4hrleistet, auch wenn von Seiten der G\u00e4ste keine organisierten Ultragruppen vorstellig wurden. Die Partie auf dem schwer zu bespielenden Rasen begann schleppend. Die erste M\u00f6glichkeit hatten die Frankfurter durch Mehdi Loune, der wie einige andere Spieler nach dem Saisonende bei der U19 nun der U21 wieder zur Verf\u00fcgung steht.<\/span><\/span><\/p>\n<p><span style=\"font-size: 16px; color: #000080;\">Diese Verst\u00e4rkungen waren deutlich zu sp\u00fcren und der Eintracht spielte die F\u00fchrung durch Maximilian Brauburger auf Zuspiel von Marcel Wenig in die Karten (21.). Friedberg aber blieb bissig und unbequem. Per Foulelfmeter glichen die Gastgeber aus. Nachdem Eintracht-Innenverteidiger Ben-Luca Fisher in Noah Michel hereingerauscht war, zeigte Schiedsrichter Philipp Metzger zum Entsetzen der Frankfurter auf den Punkt. Toni Reljic verwandelte sicher zum 1:1 (33.). Ein Blitzstart nach der Pause brachte T\u00fcrk G\u00fcc\u00fc Friedberg schon nach 20 Sekunden in F\u00fchrung. Einen langen Ball hob Kamil Yikilmaz \u00fcber Eintracht-Torwart Simon Simoni zum 2:1 ins Netz (46.). Die Frankfurter antworteten aber schnell. Loune steckte auf Wachs durch, der resolut ins rechte Eck traf (49.). Das Spiel nahm nun richtig an Fahrt auf, die Kulisse ging in der Abendd\u00e4mmerung richtig mit. Ein kurioser Freisto\u00df f\u00fchrte zum 3:2 der Hausherren. Reljic schoss zun\u00e4chst in die Mauer, von wo der Ball vor dem herausst\u00fcrzenden Simoni in die Luft stieg.<\/span><\/p>\n<h5><span style=\"font-size: 16px;\">Erste Niederlage nach 16 Spielen\u00a0<\/span><\/h5>\n<p><span style=\"font-size: 16px; color: #000080;\">Michel setzte entscheidend nach und k\u00f6pfte zum vielumjubelten Tor ein (72.). Frankfurts U21 warf nun alles nach vorne, das letzte Aufb\u00e4umen fehlte aber. Friedberg wechselte geschickt fast nur offensive Leute wie Shelby Printemps ein, die f\u00fcr viel Entlastung sorgten. Der letzte Konter in der Nachspielzeit brachte die Entscheidung. Demyan Imeks Hereingabe erreichte Alija Izberovic, der den Schlusspunkt setzte. Damit war die erste Niederlage der Eintracht nach 16 Spielen besiegelt mit der Erkenntnis, dass die G\u00e4ste auf ihrem angestrebten Weg in die Regionalliga S\u00fcdwest noch lange nicht durch sind. TGF-Trainer Enis Dzihic zeigte sich nach dem Schlusspfiff \u00fcber den Abend begeistert, kritisierte aber auch den Zeitpunkt der Platzverlegung: &#8222;Ich bin megastolz auf die Jungs, obwohl wir ad hoc auf den Rasenplatz mussten. In der Besprechung rede ich normalerweise ein St\u00fcck weit \u00fcber den Gegner. Diesmal wollte ich nicht so viel \u00fcber die Eintracht sagen, da sie egal wer spielt eine gute Mannschaft haben. F\u00fcr uns war wichtig zu zeigen, was in den letzten Monaten hier zusamnen gewachsen ist. Die jungen Spieler sind reifer geworden, die \u00e4lteren Spieler sind F\u00fchrungsspieler durch und durch. Die letzten 20 Minuten waren wir besonders giftig und bissig.&#8220;<\/span><\/p>\n<p><span style=\"font-size: 16px; color: #000080;\">Zum aufgezwungenen Platzwechsel meinte Dzihic: &#8222;Das Spiel ist seit Wochen angesetzt und 36 Stunden vorher bekommen wir die Ansage, dass nur auf Rasen gespielt werden darf aus Sicherheitsgr\u00fcnden. Das hat mich ge\u00e4rgert, dass man sich von Seiten der Beh\u00f6rden nicht schon vorher dar\u00fcber Gedanken gemacht hat.&#8220; Eintracht-Trainer Kristjan Glibo \u00e4rgerte sich mehr \u00fcber die Niederlage: &#8222;Wir sind verdient in F\u00fchrung gegangen, allerdings war der Foulelfmeter aus meiner Sicht keiner. Da haben wir den Gegner wiederbelebt. Das Tor zum 2:1 direkt nach der Pause war total ungl\u00fccklich. Da passt noch, dass der Freisto\u00df nach einer Bogenlampe dem Spieler auf den Kopf f\u00e4llt. Im gro\u00dfen und ganzen h\u00e4tten wir den Sack schon am Anfang zumachen k\u00f6nnen. Wir m\u00fcssen die K\u00f6pfe nun aufrichten, solche Spiele gibt es in einer Saison.&#8220; Immerhin: Den direkten Vergleich, der am Saisonende bei Punktgleichheit zum Tragen kommt, hat Eintracht Frankfurt U21 dank des 5:2-Sieges vom Hinspiel knapp gezogen.<\/span><\/p>\n<h5><span style=\"font-size: 16px;\">T\u00fcrk G\u00fcc\u00fc Friedberg: Koob; Usic, Dudda, H\u00e4user, Knecht &#8211; Jost (70. Printemps), Schorr (89. Izberovic) &#8211; Yikilmaz (57. Imek), Reljic (77. Henrich), Scheffler &#8211; Michel (90.+3 Hayashi).<\/span><\/h5>\n<h5><span style=\"font-size: 16px;\">Eintracht Frankfurt U21: Simoni; Schr\u00f6der (86. Streker), Gebuhr, Fisher, Brauburger &#8211; Wachs, Dejanovic (77. Otto) &#8211; Sch\u00e4fer (46. Bobson), Loune, Wenig (67. Cassaniti) &#8211; Amiri.<\/span><\/h5>\n<h5><span style=\"font-size: 16px;\">Schiedsrichter: Philipp Metzger (Hofgeismar-Wolfhagen). Zuschauer: 1360.<\/span><\/h5>\n<h5><span style=\"font-size: 16px;\">Tore: 0:1 Maximilian Brauburger (21.), 1:1 Toni Reljic (33.\/Foulelfmeter), 2:1 Kamil Yikilmaz (46.), 2:2 Marc Wachs (49.), 3:2 Noah Michel (72.), 4:2 Alija Izberovic (90.+3).<\/span><\/h5>\n<h5>\u00a0<\/h5>\n<p>\u00a0<\/p>\n<p>\u00a0<\/p>\n<h5>\u00a0<\/h5>\n\n\n<div class=\"wp-block-columns is-layout-flex wp-container-core-columns-is-layout-28f84493 wp-block-columns-is-layout-flex\">\n<div class=\"wp-block-column is-layout-flow wp-block-column-is-layout-flow\">\n<figure class=\"wp-block-image size-large is-style-default\"><img loading=\"lazy\" decoding=\"async\" width=\"1024\" height=\"768\" src=\"http:\/\/insideamateurfussball-ffm.de\/wp-content\/uploads\/2023\/03\/TGF1-1024x768.jpg\" alt=\"\" class=\"wp-image-6296\" srcset=\"https:\/\/insideamateurfussball-ffm.de\/wp-content\/uploads\/2023\/03\/TGF1-1024x768.jpg 1024w, https:\/\/insideamateurfussball-ffm.de\/wp-content\/uploads\/2023\/03\/TGF1-300x225.jpg 300w, https:\/\/insideamateurfussball-ffm.de\/wp-content\/uploads\/2023\/03\/TGF1-768x576.jpg 768w, https:\/\/insideamateurfussball-ffm.de\/wp-content\/uploads\/2023\/03\/TGF1-1536x1152.jpg 1536w, https:\/\/insideamateurfussball-ffm.de\/wp-content\/uploads\/2023\/03\/TGF1.jpg 2048w\" sizes=\"auto, (max-width: 1024px) 100vw, 1024px\" \/><\/figure>\n<\/div>\n\n\n\n<div class=\"wp-block-column is-layout-flow wp-block-column-is-layout-flow\">\n<figure class=\"wp-block-gallery has-nested-images columns-default is-cropped wp-block-gallery-1 is-layout-flex wp-block-gallery-is-layout-flex\">\n<figure class=\"wp-block-image size-large is-style-default\"><img loading=\"lazy\" decoding=\"async\" width=\"1024\" height=\"768\" data-id=\"6297\" src=\"http:\/\/insideamateurfussball-ffm.de\/wp-content\/uploads\/2023\/03\/TGF2-1024x768.jpg\" alt=\"\" class=\"wp-image-6297\" srcset=\"https:\/\/insideamateurfussball-ffm.de\/wp-content\/uploads\/2023\/03\/TGF2-1024x768.jpg 1024w, https:\/\/insideamateurfussball-ffm.de\/wp-content\/uploads\/2023\/03\/TGF2-300x225.jpg 300w, https:\/\/insideamateurfussball-ffm.de\/wp-content\/uploads\/2023\/03\/TGF2-768x576.jpg 768w, https:\/\/insideamateurfussball-ffm.de\/wp-content\/uploads\/2023\/03\/TGF2-1536x1152.jpg 1536w, https:\/\/insideamateurfussball-ffm.de\/wp-content\/uploads\/2023\/03\/TGF2.jpg 2048w\" sizes=\"auto, (max-width: 1024px) 100vw, 1024px\" \/><\/figure>\n<\/figure>\n<\/div>\n\n\n\n<div class=\"wp-block-column is-layout-flow wp-block-column-is-layout-flow\">\n<figure class=\"wp-block-image size-large is-style-default\"><img loading=\"lazy\" decoding=\"async\" width=\"1024\" height=\"768\" src=\"http:\/\/insideamateurfussball-ffm.de\/wp-content\/uploads\/2023\/03\/TGF3-1024x768.jpg\" alt=\"\" class=\"wp-image-6298\" srcset=\"https:\/\/insideamateurfussball-ffm.de\/wp-content\/uploads\/2023\/03\/TGF3-1024x768.jpg 1024w, https:\/\/insideamateurfussball-ffm.de\/wp-content\/uploads\/2023\/03\/TGF3-300x225.jpg 300w, https:\/\/insideamateurfussball-ffm.de\/wp-content\/uploads\/2023\/03\/TGF3-768x576.jpg 768w, https:\/\/insideamateurfussball-ffm.de\/wp-content\/uploads\/2023\/03\/TGF3-1536x1152.jpg 1536w, https:\/\/insideamateurfussball-ffm.de\/wp-content\/uploads\/2023\/03\/TGF3.jpg 2048w\" sizes=\"auto, (max-width: 1024px) 100vw, 1024px\" \/><\/figure>\n<\/div>\n<\/div>\n\n\n\n<div class=\"wp-block-columns is-layout-flex wp-container-core-columns-is-layout-28f84493 wp-block-columns-is-layout-flex\">\n<div class=\"wp-block-column is-layout-flow wp-block-column-is-layout-flow\">\n<figure class=\"wp-block-gallery has-nested-images columns-default is-cropped wp-block-gallery-2 is-layout-flex wp-block-gallery-is-layout-flex\">\n<figure class=\"wp-block-image size-large is-style-default\"><img loading=\"lazy\" decoding=\"async\" width=\"1024\" height=\"768\" data-id=\"6299\" src=\"http:\/\/insideamateurfussball-ffm.de\/wp-content\/uploads\/2023\/03\/TGF4-1024x768.jpg\" alt=\"\" class=\"wp-image-6299\" srcset=\"https:\/\/insideamateurfussball-ffm.de\/wp-content\/uploads\/2023\/03\/TGF4-1024x768.jpg 1024w, https:\/\/insideamateurfussball-ffm.de\/wp-content\/uploads\/2023\/03\/TGF4-300x225.jpg 300w, https:\/\/insideamateurfussball-ffm.de\/wp-content\/uploads\/2023\/03\/TGF4-768x576.jpg 768w, https:\/\/insideamateurfussball-ffm.de\/wp-content\/uploads\/2023\/03\/TGF4-1536x1152.jpg 1536w, https:\/\/insideamateurfussball-ffm.de\/wp-content\/uploads\/2023\/03\/TGF4.jpg 2048w\" sizes=\"auto, (max-width: 1024px) 100vw, 1024px\" \/><\/figure>\n<\/figure>\n<\/div>\n\n\n\n<div class=\"wp-block-column is-layout-flow wp-block-column-is-layout-flow\">\n<figure class=\"wp-block-image size-large is-style-default\"><img loading=\"lazy\" decoding=\"async\" width=\"1024\" height=\"768\" src=\"http:\/\/insideamateurfussball-ffm.de\/wp-content\/uploads\/2023\/03\/TGF5-1024x768.jpg\" alt=\"\" class=\"wp-image-6300\" srcset=\"https:\/\/insideamateurfussball-ffm.de\/wp-content\/uploads\/2023\/03\/TGF5-1024x768.jpg 1024w, https:\/\/insideamateurfussball-ffm.de\/wp-content\/uploads\/2023\/03\/TGF5-300x225.jpg 300w, https:\/\/insideamateurfussball-ffm.de\/wp-content\/uploads\/2023\/03\/TGF5-768x576.jpg 768w, https:\/\/insideamateurfussball-ffm.de\/wp-content\/uploads\/2023\/03\/TGF5-1536x1152.jpg 1536w, https:\/\/insideamateurfussball-ffm.de\/wp-content\/uploads\/2023\/03\/TGF5.jpg 2048w\" sizes=\"auto, (max-width: 1024px) 100vw, 1024px\" \/><\/figure>\n<\/div>\n\n\n\n<div class=\"wp-block-column is-layout-flow wp-block-column-is-layout-flow\">\n<figure class=\"wp-block-gallery has-nested-images columns-default is-cropped wp-block-gallery-3 is-layout-flex wp-block-gallery-is-layout-flex\">\n<figure class=\"wp-block-image size-large is-style-default\"><img loading=\"lazy\" decoding=\"async\" width=\"1024\" height=\"768\" data-id=\"6301\" src=\"http:\/\/insideamateurfussball-ffm.de\/wp-content\/uploads\/2023\/03\/TGF6-1024x768.jpg\" alt=\"\" class=\"wp-image-6301\" srcset=\"https:\/\/insideamateurfussball-ffm.de\/wp-content\/uploads\/2023\/03\/TGF6-1024x768.jpg 1024w, https:\/\/insideamateurfussball-ffm.de\/wp-content\/uploads\/2023\/03\/TGF6-300x225.jpg 300w, https:\/\/insideamateurfussball-ffm.de\/wp-content\/uploads\/2023\/03\/TGF6-768x576.jpg 768w, https:\/\/insideamateurfussball-ffm.de\/wp-content\/uploads\/2023\/03\/TGF6-1536x1152.jpg 1536w, https:\/\/insideamateurfussball-ffm.de\/wp-content\/uploads\/2023\/03\/TGF6.jpg 2048w\" sizes=\"auto, (max-width: 1024px) 100vw, 1024px\" \/><\/figure>\n<\/figure>\n<\/div>\n<\/div>\n","protected":false},"excerpt":{"rendered":"<p>T\u00fcrk G\u00fcc\u00fc Friedberg hat am Samstagabend das Topspiel der Hessenliga mit 4:2 (1:1) gegen die U21 von Eintracht Frankfurt gewonnen und dadurch den Kampf um die beiden aufstiegsrelevanten Pl\u00e4tze noch spannender gemacht. Die Mannschaft von Trainer Enis Dzihic rang die Adlertr\u00e4ger im zweiten Abschnitt dank des gr\u00f6\u00dferen Siegeswillen nieder. Die Wetterauer konnten den R\u00fcckstand auf [&hellip;]<\/p>\n","protected":false},"author":1,"featured_media":6295,"comment_status":"open","ping_status":"open","sticky":false,"template":"","format":"standard","meta":{"footnotes":""},"categories":[8],"tags":[],"class_list":["post-6294","post","type-post","status-publish","format-standard","has-post-thumbnail","hentry","category-hessenliga"],"_links":{"self":[{"href":"https:\/\/insideamateurfussball-ffm.de\/index.php?rest_route=\/wp\/v2\/posts\/6294","targetHints":{"allow":["GET"]}}],"collection":[{"href":"https:\/\/insideamateurfussball-ffm.de\/index.php?rest_route=\/wp\/v2\/posts"}],"about":[{"href":"https:\/\/insideamateurfussball-ffm.de\/index.php?rest_route=\/wp\/v2\/types\/post"}],"author":[{"embeddable":true,"href":"https:\/\/insideamateurfussball-ffm.de\/index.php?rest_route=\/wp\/v2\/users\/1"}],"replies":[{"embeddable":true,"href":"https:\/\/insideamateurfussball-ffm.de\/index.php?rest_route=%2Fwp%2Fv2%2Fcomments&post=6294"}],"version-history":[{"count":1,"href":"https:\/\/insideamateurfussball-ffm.de\/index.php?rest_route=\/wp\/v2\/posts\/6294\/revisions"}],"predecessor-version":[{"id":6302,"href":"https:\/\/insideamateurfussball-ffm.de\/index.php?rest_route=\/wp\/v2\/posts\/6294\/revisions\/6302"}],"wp:featuredmedia":[{"embeddable":true,"href":"https:\/\/insideamateurfussball-ffm.de\/index.php?rest_route=\/wp\/v2\/media\/6295"}],"wp:attachment":[{"href":"https:\/\/insideamateurfussball-ffm.de\/index.php?rest_route=%2Fwp%2Fv2%2Fmedia&parent=6294"}],"wp:term":[{"taxonomy":"category","embeddable":true,"href":"https:\/\/insideamateurfussball-ffm.de\/index.php?rest_route=%2Fwp%2Fv2%2Fcategories&post=6294"},{"taxonomy":"post_tag","embeddable":true,"href":"https:\/\/insideamateurfussball-ffm.de\/index.php?rest_route=%2Fwp%2Fv2%2Ftags&post=6294"}],"curies":[{"name":"wp","href":"https:\/\/api.w.org\/{rel}","templated":true}]}}