{"id":6284,"date":"2023-03-15T22:10:13","date_gmt":"2023-03-15T20:10:13","guid":{"rendered":"http:\/\/insideamateurfussball-ffm.de\/?p=6284"},"modified":"2025-01-25T14:18:13","modified_gmt":"2025-01-25T13:18:13","slug":"spielglueck-lag-auf-seite-der-concordia","status":"publish","type":"post","link":"https:\/\/insideamateurfussball-ffm.de\/?p=6284","title":{"rendered":"Spielgl\u00fcck lag auf Seite der Concordia"},"content":{"rendered":"<h5><span style=\"font-size: 16px;\">Der FC Gudesding musste am Sonntag in der Kreisoberliga Frankfurt die zweite 1:2-Niederlage in Folge hinnehmen. Der beste Sturm der Liga zeigte Ladehemmung und musste sich am Ende etwas ungl\u00fccklich der abstiegsgef\u00e4hrdeten Concordia Eschersheim beugen.\u00a0<\/span><\/h5>\n<figure id=\"attachment_6285\" aria-describedby=\"caption-attachment-6285\" style=\"width: 312px\" class=\"wp-caption alignleft\"><img loading=\"lazy\" decoding=\"async\" class=\"wp-image-6285\" src=\"http:\/\/insideamateurfussball-ffm.de\/wp-content\/uploads\/2023\/03\/DSC_9446-1-300x225.jpg\" alt=\"\" width=\"312\" height=\"234\" srcset=\"https:\/\/insideamateurfussball-ffm.de\/wp-content\/uploads\/2023\/03\/DSC_9446-1-300x225.jpg 300w, https:\/\/insideamateurfussball-ffm.de\/wp-content\/uploads\/2023\/03\/DSC_9446-1-768x576.jpg 768w, https:\/\/insideamateurfussball-ffm.de\/wp-content\/uploads\/2023\/03\/DSC_9446-1.jpg 923w\" sizes=\"auto, (max-width: 312px) 100vw, 312px\" \/><figcaption id=\"caption-attachment-6285\" class=\"wp-caption-text\">Concordia Eschersheim in gr\u00fcn hatte endlich etwas Spielgl\u00fcck. Archivfoto: J\u00f6rg Schulz.\u00a0\u00a0<\/figcaption><\/figure>\n<h5><span style=\"font-size: 16px;\">FC Gudesding &#8211; Concordia Eschersheim 1:2 (0:1)<\/span><\/h5>\n<p><img loading=\"lazy\" decoding=\"async\" class=\"alignnone size-full wp-image-10\" src=\"http:\/\/insideamateurfussball-ffm.de\/wp-content\/uploads\/2021\/11\/Gudesding.jpg\" alt=\"\" width=\"64\" height=\"80\" \/><img loading=\"lazy\" decoding=\"async\" class=\"alignnone size-full wp-image-37\" src=\"http:\/\/insideamateurfussball-ffm.de\/wp-content\/uploads\/2021\/11\/1sv07_news2_4178_01_01_02.jpg\" alt=\"\" width=\"80\" height=\"80\" \/><\/p>\n<p><span style=\"font-size: 16px;\"><span style=\"color: #003366;\">Ein starkes Spiel zweier guter Mannschaften beobachteten 50 Zuschauer im Ostpark an dem nicht mehr ganz so kalten Sonntag. Gudesding agierte mit viel Ballbesitz, die Concordia mit einer sehr aufmerksamen Abwehr und schnell vorgetragenen Kontern. Einer davon f\u00fchrte zur F\u00fchrung der G\u00e4ste durch Kevin J\u00e4ger (42.). Nach dem Seitenwechsel riss der FCG das Spiel an sich und bekam zwei Foulelfmeter zugesprochen. <\/span><\/span><\/p>\n<p><span style=\"font-size: 16px;\"><span style=\"color: #003366;\">Einen davon verwandelte Torj\u00e4ger Florian Schuberth mit seinem 32. Saisontreffer zum Ausgleich (67.), schoss aber den zweiten Strafsto\u00df links neben das Tor (75.). Die &#8222;Guden&#8220; dr\u00e4ngten weiter, blieben aber ungl\u00fccklich im Abschluss. Anders die Concorden, die kurz vor Schluss wieder einen Konter inszenierten und durch den wuchtigen J\u00e4ger dann das Siegtor erzielten (90.). &#8222;Wenn du vier Gro\u00dfchancen und dazu noch einen Elfmeter nicht verwertest, musst Du dich nicht wundern, wenn Du am Ende verlierst. Imponiert hat mir Fabian Nordholt und nat\u00fcrlich wie so oft Benjamin Kress im Tor der Concordia&#8220;, res\u00fcmierte FCG-Vorsitzender Rainer Weiss.<\/span><\/span><\/p>\n<blockquote>\n<h5><span style=\"font-size: 16px;\">&#8222;Wir hielten gut dagegen und hatten einige Chancen zum 2:0 und sp\u00e4ter 2:1&#8220; (Concordia-Trainer Andre Winter)<\/span><\/h5>\n<\/blockquote>\n<p><span style=\"font-size: 16px;\"><span style=\"color: #003366;\">Der Ausw\u00e4rtssieg, mit dem die G\u00e4ste wichtige Z\u00e4hler im Kampf um den Klassenverbleib sammelten, l\u00f6ste bei Trainer Andre Winter gro\u00dfe Freude aus: &#8222;Endlich lag in dieser Saison das Spielgl\u00fcck auch auf unserer Seite&#8220;, begann der junge Coach seine Analyse. &#8222;Wir haben etwas nerv\u00f6s angefangen und Gudesding kam mit mehr Selbstvertrauen ins Spiel. Als wir dann nach rund 20\/25 Minuten gemerkt haben, dass wir auf Augenh\u00f6he mitspielen k\u00f6nnen, wurden wir besser und kamen auch zu unseren Chancen und machten das 1:0&#8220;, fuhr Winter fort. <\/span><\/span><\/p>\n<p><span style=\"font-size: 16px;\"><span style=\"color: #003366;\">&#8222;In der zweiten Halbzeit hat Gudesding nat\u00fcrlich versucht, den Druck zu erh\u00f6hen. Wir hielten gut dagegen und hatten einige Chancen zum 2:0 und<\/span> <span style=\"color: #003366;\">sp\u00e4ter 2:1&#8243;, erkl\u00e4rte der Coach. Sein Fazit: &#8222;In der Summe muss man sagen, dass das Spiel in beide Richtungen h\u00e4tte kippen k\u00f6nnen. Oft war es in dieser Saison so, dass so ein Spiel auf die andere Seite kippt, dieses Mal endlich in unsere Richtung. Insgesamt aber Super Teamleistung und klasse Zusammenhalt. Bin sehr froh dar\u00fcber, wie sich alle in den Armen lagen am Ende und f\u00fcreinander freuen.&#8220;\u00a0<\/span><\/span><\/p>\n<h5><span style=\"font-size: 16px;\">Schiedsrichter: Jannik Langen (SV Hoch-Weisel). Zuschauer: 50. <\/span><\/h5>\n<h5><span style=\"font-size: 16px;\">Tore: 0:1 Kevin J\u00e4ger (42.), 1:1 Florian Schuberth (67.), 1:2 Kevin J\u00e4ger (90.).\u00a0<\/span><\/h5>\n<p>\u00a0<\/p>\n\n\n<figure class=\"wp-block-gallery has-nested-images columns-default is-cropped wp-block-gallery-1 is-layout-flex wp-block-gallery-is-layout-flex\">\n<figure class=\"wp-block-image size-large is-style-default\"><img loading=\"lazy\" decoding=\"async\" width=\"768\" height=\"1024\" data-id=\"6286\" src=\"http:\/\/insideamateurfussball-ffm.de\/wp-content\/uploads\/2023\/03\/Root-dannen.jpg\" alt=\"\" class=\"wp-image-6286\" srcset=\"https:\/\/insideamateurfussball-ffm.de\/wp-content\/uploads\/2023\/03\/Root-dannen.jpg 768w, https:\/\/insideamateurfussball-ffm.de\/wp-content\/uploads\/2023\/03\/Root-dannen-225x300.jpg 225w\" sizes=\"auto, (max-width: 768px) 100vw, 768px\" \/><figcaption class=\"wp-element-caption\">Frustriert zieht Gudesdings Spielertrainer Alexander Root nach dem Abpfiff von dannen. Foto: Rainer Weiss\/FC Gudesding. <\/figcaption><\/figure>\n<\/figure>\n","protected":false},"excerpt":{"rendered":"<p>Der FC Gudesding musste am Sonntag in der Kreisoberliga Frankfurt die zweite 1:2-Niederlage in Folge hinnehmen. Der beste Sturm der Liga zeigte Ladehemmung und musste sich am Ende etwas ungl\u00fccklich der abstiegsgef\u00e4hrdeten Concordia Eschersheim beugen.\u00a0 FC Gudesding &#8211; Concordia Eschersheim 1:2 (0:1) Ein starkes Spiel zweier guter Mannschaften beobachteten 50 Zuschauer im Ostpark an dem [&hellip;]<\/p>\n","protected":false},"author":1,"featured_media":6285,"comment_status":"open","ping_status":"open","sticky":false,"template":"","format":"standard","meta":{"footnotes":""},"categories":[2],"tags":[],"class_list":["post-6284","post","type-post","status-publish","format-standard","has-post-thumbnail","hentry","category-kreisoberliga-frankfurt"],"_links":{"self":[{"href":"https:\/\/insideamateurfussball-ffm.de\/index.php?rest_route=\/wp\/v2\/posts\/6284","targetHints":{"allow":["GET"]}}],"collection":[{"href":"https:\/\/insideamateurfussball-ffm.de\/index.php?rest_route=\/wp\/v2\/posts"}],"about":[{"href":"https:\/\/insideamateurfussball-ffm.de\/index.php?rest_route=\/wp\/v2\/types\/post"}],"author":[{"embeddable":true,"href":"https:\/\/insideamateurfussball-ffm.de\/index.php?rest_route=\/wp\/v2\/users\/1"}],"replies":[{"embeddable":true,"href":"https:\/\/insideamateurfussball-ffm.de\/index.php?rest_route=%2Fwp%2Fv2%2Fcomments&post=6284"}],"version-history":[{"count":1,"href":"https:\/\/insideamateurfussball-ffm.de\/index.php?rest_route=\/wp\/v2\/posts\/6284\/revisions"}],"predecessor-version":[{"id":6287,"href":"https:\/\/insideamateurfussball-ffm.de\/index.php?rest_route=\/wp\/v2\/posts\/6284\/revisions\/6287"}],"wp:featuredmedia":[{"embeddable":true,"href":"https:\/\/insideamateurfussball-ffm.de\/index.php?rest_route=\/wp\/v2\/media\/6285"}],"wp:attachment":[{"href":"https:\/\/insideamateurfussball-ffm.de\/index.php?rest_route=%2Fwp%2Fv2%2Fmedia&parent=6284"}],"wp:term":[{"taxonomy":"category","embeddable":true,"href":"https:\/\/insideamateurfussball-ffm.de\/index.php?rest_route=%2Fwp%2Fv2%2Fcategories&post=6284"},{"taxonomy":"post_tag","embeddable":true,"href":"https:\/\/insideamateurfussball-ffm.de\/index.php?rest_route=%2Fwp%2Fv2%2Ftags&post=6284"}],"curies":[{"name":"wp","href":"https:\/\/api.w.org\/{rel}","templated":true}]}}