{"id":6270,"date":"2023-03-15T20:00:36","date_gmt":"2023-03-15T18:00:36","guid":{"rendered":"http:\/\/insideamateurfussball-ffm.de\/?p=6270"},"modified":"2025-01-25T14:18:25","modified_gmt":"2025-01-25T13:18:25","slug":"heddernheim-landet-wichtigen-auswaertssieg","status":"publish","type":"post","link":"https:\/\/insideamateurfussball-ffm.de\/?p=6270","title":{"rendered":"Heddernheim landet wichtigen Ausw\u00e4rtssieg"},"content":{"rendered":"<h5><span style=\"font-size: 16px;\">Der SV 07 Heddernheim landete am Sonntag in der Kreisoberliga Frankfurt einen wichtigen Ausw\u00e4rtssieg im Kampf um den Klassenerhalt. Durch den 3:0 (1:0)-Sieg bei Aufsteiger SG Harheim konnte zudem ein direkter Konkurrent in die N\u00e4he der Gefahrenzone hinunter gezogen werden. Die Gastgeber verf\u00fcgen nur noch \u00fcber zwei Z\u00e4hler mehr als die auf Rang 14 stehenden Gr\u00fcn-Wei\u00dfen.\u00a0<\/span><\/h5>\n<figure id=\"attachment_6271\" aria-describedby=\"caption-attachment-6271\" style=\"width: 312px\" class=\"wp-caption alignleft\"><img loading=\"lazy\" decoding=\"async\" class=\"wp-image-6271\" src=\"http:\/\/insideamateurfussball-ffm.de\/wp-content\/uploads\/2023\/03\/SVH-Har-300x225.jpg\" alt=\"\" width=\"312\" height=\"234\" srcset=\"https:\/\/insideamateurfussball-ffm.de\/wp-content\/uploads\/2023\/03\/SVH-Har-300x225.jpg 300w, https:\/\/insideamateurfussball-ffm.de\/wp-content\/uploads\/2023\/03\/SVH-Har-1024x768.jpg 1024w, https:\/\/insideamateurfussball-ffm.de\/wp-content\/uploads\/2023\/03\/SVH-Har-768x576.jpg 768w, https:\/\/insideamateurfussball-ffm.de\/wp-content\/uploads\/2023\/03\/SVH-Har-1536x1152.jpg 1536w, https:\/\/insideamateurfussball-ffm.de\/wp-content\/uploads\/2023\/03\/SVH-Har.jpg 2048w\" sizes=\"auto, (max-width: 312px) 100vw, 312px\" \/><figcaption id=\"caption-attachment-6271\" class=\"wp-caption-text\">Als kompakte Einheit pr\u00e4sentierte sich der SV 07 Heddernheim im Gastspiel bei der SG Harheim. Foto: PA.\u00a0\u00a0<\/figcaption><\/figure>\n<h5><span style=\"font-size: 16px;\">SG Harheim &#8211; SV 07 Heddernheim 0:3 (0:1)<\/span><\/h5>\n<p><img loading=\"lazy\" decoding=\"async\" class=\"alignnone size-full wp-image-284\" src=\"http:\/\/insideamateurfussball-ffm.de\/wp-content\/uploads\/2022\/05\/Harheim.jpg\" alt=\"\" width=\"78\" height=\"80\" \/><img loading=\"lazy\" decoding=\"async\" class=\"alignnone size-full wp-image-302\" src=\"http:\/\/insideamateurfussball-ffm.de\/wp-content\/uploads\/2022\/05\/1sv07_news2_4511-1.jpg\" alt=\"\" width=\"80\" height=\"80\" \/><\/p>\n<p><span style=\"font-size: 16px;\"><span style=\"color: #003366;\">Harheim b\u00fc\u00dft seine gute Ausgangsposition aus der Hinrunde immer mehr ein. Seit sieben Partien wartet die Mannschaft von Trainer Tomas Pelayo auf einen Sieg, holte in diesem Zeitraum aber immerhin auch vier Unentschieden. Die Anh\u00e4nger der Gastgeber erlebten einen gebrauchten Sonntag. Die Hausherren gaben alles, konnten aber ihre vielen personellen Ausf\u00e4lle nicht kompensieren. Heddernheim agierte von Beginn an druckvoller und erarbeitete sich zahlreiche Torm\u00f6glichkeiten. Auf Zuspiel von Oliver Solarz zielte sein Sturmpartner Christos Papadopoulos flach am von Fabian Zscheich geh\u00fcteten Tor vorbei (4.). Dann kam Solarz im Strafraum zu Fall, aber Schiedsrichter Frank Lezius entschied auf Weiterspielen (8.). Harheim kam dann \u00fcber den flei\u00dfigen Yafet Tsighe zum Abschluss. Von SVH-Kapit\u00e4n Philipp Siegel abgef\u00e4lscht gab es Ecke, die nichts einbrachte (12.). <\/span><\/span><\/p>\n<p><span style=\"font-size: 16px;\"><span style=\"color: #003366;\">Weitere Chancen der G\u00e4ste durch Denit Yatci (14.\/vorbei), Papadopoulos (16.\/Pfosten) und Solarz (22.\/verpasste den richtigen Abschlussmoment) blieben ungenutzt. Dann reklamierten die Platzherren Handelfmeter, als Heddernheims Innenverteidiger Niels Gerbig der Ball an die Hand gesprungen sein soll (25.). Auch hier erkannte der Schiedsrichter keine Regelwidrigkeit und zeigte nicht auf den Elfmeterpunkt. Weiter ging\u00b4s dann wieder in die andere Richtung: Ein SGH-Verteidiger rettete den Yatci-Abschluss, den Nachschuss von Tino Matijevic parierte Zscheich (27.). Die dreistellige Zuschauerkulisse an der Riedhalsstra\u00dfe im abgelegenen n\u00f6rdlichen Stadtteil an der Nidda sahen dann in der f\u00fcnfmin\u00fctigen Nachspielzeit des ersten Abschnitts weitere verfehlte G\u00e4stechancen. Matijevic (45.\/volley dr\u00fcber) und Antonie Willef\u00fchr (48.\/dr\u00fcber) lie\u00dfen den SVH-Anhang die Haare zu Berge steigen, der dann doch noch vor dem Pausenpfiff jubeln durfte. Solarz war im Strafraum gelegt worden.<\/span><\/span><\/p>\n<h5><span style=\"font-size: 16px;\">Weitere M\u00f6glichkeiten vergeben\u00a0<\/span><\/h5>\n<p><span style=\"font-size: 16px;\"><span style=\"color: #003366;\">Es wurde Foulspiel gepfiffen, keine Karte gezeigt und zudem der Tatort au\u00dferhalb des Strafraums gelegt. Siegel war es egal, aus idealer Entfernung von 17 Metern traf der Kapit\u00e4n flach ins linke Eck zur \u00fcberf\u00e4lligen F\u00fchrung (45.\/+5). Nach dem Seitenwechsel legte Willef\u00fchr mit einem Heber aus 25 Metern das 2:0 nach (50.). Sp\u00e4testens jetzt war das Momentum auf Seiten der Gr\u00fcn-Wei\u00dfen, die aber weiter fahrl\u00e4ssig mit den M\u00f6glichkeiten umgingen. Solarz scheiterte an Zscheich (63.), Matijevic zielte mal wieder dr\u00fcber (70.). Dann aber setzte Harheim zu einer Druckphase an und war dem Anschlusstreffer nahe. Der eingewechselte Torj\u00e4ger Lukas G\u00e4rtner traf mit einem Weitschuss aus halbrechter Position den Pfosten (80.). Den Schlusspunkt setzte aber in der Nachspielzeit Matijevic mit einem Freisto\u00df aus 30 Metern unter die Latte zum Endstand von 0:3 (90.\/+4). Heddernheims Trainer Andreas Berggold hatte ein nervenaufreibendes Spiel gesehen: &#8222;Zur Halbzeit h\u00e4tten wir 4:0 oder 5:0 f\u00fchren m\u00fcssen. Wir haben wie aus einem Guss gespielt und uns die Torchancen erspielt und waren klar \u00fcberlegen. Wir m\u00fcssen zur Halbzeit viel h\u00f6her f\u00fchren und das Ding schon entschieden haben.&#8220; <\/span><\/span><\/p>\n<p><span style=\"font-size: 16px;\"><span style=\"color: #003366;\">Zum Gl\u00fcck sei man durch den Freisto\u00df mit dem 1:0 in die Pause gegangen, &#8222;\u00fcberf\u00e4llig&#8220; sei der Treffer gewesen, &#8222;wir waren in allen Belangen die bessere Mannschaft.&#8220; Auch in der zweiten Halbzeit &#8222;haben wir die eine oder andere Gro\u00dfchance liegen lassen. Trotzdem haben wir noch zwei Tore gemacht. Der Sieg ist absolut verdient, die Mannschaft hat alles rein gehauen. Wir sind hier her gekommen, um drei Punkte zu holen. Das hat man der Mannschaft heute angesehen.&#8220; Zum ersten Mal in dieser Saison gelang es den G\u00e4sten, die mit 57 Toren den viertbesten Sturm aufweisen und ein positives Torverh\u00e4ltnis von 57: 54 haben, eine Ligapartie ohne Gegentreffer zu \u00fcberstehen. &#8222;Die Harheimer hatten nicht viele Chancen, au\u00dfer dem Pfostenschuss von G\u00e4rtner fiel ihnen nicht viel ein, da wir gut standen. Von daher ist die Null hinten absolut verdient&#8220;, so Berggold abschlie\u00dfend.\u00a0 <\/span><\/span><\/p>\n<h4><span style=\"font-size: 16px;\"><span style=\"color: #003366;\">Schiedsrichter: Frank Lezius (TSG Wehrheim). Zuschauer: 112. <\/span><\/span><\/h4>\n<h4><span style=\"font-size: 16px;\"><span style=\"color: #003366;\">Tore: 0:1 Philipp Siegel (45.\/+5), 0:2 Antonie Willef\u00fchr (50.), 0:3 Tino Matijevic (90.\/+4).<\/span><\/span><\/h4>\n<h4><span style=\"font-size: 16px;\"><span style=\"color: #003366;\">\u00a0 \u00a0\u00a0<\/span><\/span><\/h4>\n\n\n<div class=\"wp-block-columns is-layout-flex wp-container-core-columns-is-layout-28f84493 wp-block-columns-is-layout-flex\">\n<div class=\"wp-block-column is-layout-flow wp-block-column-is-layout-flow\">\n<figure class=\"wp-block-image size-large is-style-default\"><img loading=\"lazy\" decoding=\"async\" width=\"1024\" height=\"768\" src=\"http:\/\/insideamateurfussball-ffm.de\/wp-content\/uploads\/2023\/03\/SGH1-1024x768.jpg\" alt=\"\" class=\"wp-image-6272\" srcset=\"https:\/\/insideamateurfussball-ffm.de\/wp-content\/uploads\/2023\/03\/SGH1-1024x768.jpg 1024w, https:\/\/insideamateurfussball-ffm.de\/wp-content\/uploads\/2023\/03\/SGH1-300x225.jpg 300w, https:\/\/insideamateurfussball-ffm.de\/wp-content\/uploads\/2023\/03\/SGH1-768x576.jpg 768w, https:\/\/insideamateurfussball-ffm.de\/wp-content\/uploads\/2023\/03\/SGH1-1536x1152.jpg 1536w, https:\/\/insideamateurfussball-ffm.de\/wp-content\/uploads\/2023\/03\/SGH1.jpg 2048w\" sizes=\"auto, (max-width: 1024px) 100vw, 1024px\" \/><\/figure>\n<\/div>\n\n\n\n<div class=\"wp-block-column is-layout-flow wp-block-column-is-layout-flow\">\n<figure class=\"wp-block-gallery has-nested-images columns-default is-cropped wp-block-gallery-1 is-layout-flex wp-block-gallery-is-layout-flex\">\n<figure class=\"wp-block-image size-large is-style-default\"><img loading=\"lazy\" decoding=\"async\" width=\"1024\" height=\"768\" data-id=\"6273\" src=\"http:\/\/insideamateurfussball-ffm.de\/wp-content\/uploads\/2023\/03\/SGH2-1024x768.jpg\" alt=\"\" class=\"wp-image-6273\" srcset=\"https:\/\/insideamateurfussball-ffm.de\/wp-content\/uploads\/2023\/03\/SGH2-1024x768.jpg 1024w, https:\/\/insideamateurfussball-ffm.de\/wp-content\/uploads\/2023\/03\/SGH2-300x225.jpg 300w, https:\/\/insideamateurfussball-ffm.de\/wp-content\/uploads\/2023\/03\/SGH2-768x576.jpg 768w, https:\/\/insideamateurfussball-ffm.de\/wp-content\/uploads\/2023\/03\/SGH2-1536x1152.jpg 1536w, https:\/\/insideamateurfussball-ffm.de\/wp-content\/uploads\/2023\/03\/SGH2.jpg 2048w\" sizes=\"auto, (max-width: 1024px) 100vw, 1024px\" \/><\/figure>\n<\/figure>\n<\/div>\n\n\n\n<div class=\"wp-block-column is-layout-flow wp-block-column-is-layout-flow\">\n<figure class=\"wp-block-image size-large is-style-default\"><img loading=\"lazy\" decoding=\"async\" width=\"1024\" height=\"768\" src=\"http:\/\/insideamateurfussball-ffm.de\/wp-content\/uploads\/2023\/03\/SGH3-1024x768.jpg\" alt=\"\" class=\"wp-image-6274\" srcset=\"https:\/\/insideamateurfussball-ffm.de\/wp-content\/uploads\/2023\/03\/SGH3-1024x768.jpg 1024w, https:\/\/insideamateurfussball-ffm.de\/wp-content\/uploads\/2023\/03\/SGH3-300x225.jpg 300w, https:\/\/insideamateurfussball-ffm.de\/wp-content\/uploads\/2023\/03\/SGH3-768x576.jpg 768w, https:\/\/insideamateurfussball-ffm.de\/wp-content\/uploads\/2023\/03\/SGH3-1536x1152.jpg 1536w, https:\/\/insideamateurfussball-ffm.de\/wp-content\/uploads\/2023\/03\/SGH3.jpg 2048w\" sizes=\"auto, (max-width: 1024px) 100vw, 1024px\" \/><\/figure>\n<\/div>\n<\/div>\n\n\n\n<div class=\"wp-block-columns is-layout-flex wp-container-core-columns-is-layout-28f84493 wp-block-columns-is-layout-flex\">\n<div class=\"wp-block-column is-layout-flow wp-block-column-is-layout-flow\">\n<figure class=\"wp-block-image size-large is-style-default\"><img loading=\"lazy\" decoding=\"async\" width=\"1024\" height=\"768\" src=\"http:\/\/insideamateurfussball-ffm.de\/wp-content\/uploads\/2023\/03\/SGH4-1024x768.jpg\" alt=\"\" class=\"wp-image-6275\" srcset=\"https:\/\/insideamateurfussball-ffm.de\/wp-content\/uploads\/2023\/03\/SGH4-1024x768.jpg 1024w, https:\/\/insideamateurfussball-ffm.de\/wp-content\/uploads\/2023\/03\/SGH4-300x225.jpg 300w, https:\/\/insideamateurfussball-ffm.de\/wp-content\/uploads\/2023\/03\/SGH4-768x576.jpg 768w, https:\/\/insideamateurfussball-ffm.de\/wp-content\/uploads\/2023\/03\/SGH4-1536x1152.jpg 1536w, https:\/\/insideamateurfussball-ffm.de\/wp-content\/uploads\/2023\/03\/SGH4.jpg 2048w\" sizes=\"auto, (max-width: 1024px) 100vw, 1024px\" \/><\/figure>\n<\/div>\n\n\n\n<div class=\"wp-block-column is-layout-flow wp-block-column-is-layout-flow\">\n<figure class=\"wp-block-gallery has-nested-images columns-default is-cropped wp-block-gallery-2 is-layout-flex wp-block-gallery-is-layout-flex\">\n<figure class=\"wp-block-image size-large is-style-default\"><img loading=\"lazy\" decoding=\"async\" width=\"1024\" height=\"768\" data-id=\"6276\" src=\"http:\/\/insideamateurfussball-ffm.de\/wp-content\/uploads\/2023\/03\/SGH5-1024x768.jpg\" alt=\"\" class=\"wp-image-6276\" srcset=\"https:\/\/insideamateurfussball-ffm.de\/wp-content\/uploads\/2023\/03\/SGH5-1024x768.jpg 1024w, https:\/\/insideamateurfussball-ffm.de\/wp-content\/uploads\/2023\/03\/SGH5-300x225.jpg 300w, https:\/\/insideamateurfussball-ffm.de\/wp-content\/uploads\/2023\/03\/SGH5-768x576.jpg 768w, https:\/\/insideamateurfussball-ffm.de\/wp-content\/uploads\/2023\/03\/SGH5-1536x1152.jpg 1536w, https:\/\/insideamateurfussball-ffm.de\/wp-content\/uploads\/2023\/03\/SGH5.jpg 2048w\" sizes=\"auto, (max-width: 1024px) 100vw, 1024px\" \/><\/figure>\n<\/figure>\n<\/div>\n\n\n\n<div class=\"wp-block-column is-layout-flow wp-block-column-is-layout-flow\">\n<figure class=\"wp-block-image size-large is-style-default\"><img loading=\"lazy\" decoding=\"async\" width=\"1024\" height=\"768\" src=\"http:\/\/insideamateurfussball-ffm.de\/wp-content\/uploads\/2023\/03\/SGH6-1024x768.jpg\" alt=\"\" class=\"wp-image-6277\" srcset=\"https:\/\/insideamateurfussball-ffm.de\/wp-content\/uploads\/2023\/03\/SGH6-1024x768.jpg 1024w, https:\/\/insideamateurfussball-ffm.de\/wp-content\/uploads\/2023\/03\/SGH6-300x225.jpg 300w, https:\/\/insideamateurfussball-ffm.de\/wp-content\/uploads\/2023\/03\/SGH6-768x576.jpg 768w, https:\/\/insideamateurfussball-ffm.de\/wp-content\/uploads\/2023\/03\/SGH6-1536x1152.jpg 1536w, https:\/\/insideamateurfussball-ffm.de\/wp-content\/uploads\/2023\/03\/SGH6.jpg 2048w\" sizes=\"auto, (max-width: 1024px) 100vw, 1024px\" \/><\/figure>\n<\/div>\n<\/div>\n","protected":false},"excerpt":{"rendered":"<p>Der SV 07 Heddernheim landete am Sonntag in der Kreisoberliga Frankfurt einen wichtigen Ausw\u00e4rtssieg im Kampf um den Klassenerhalt. Durch den 3:0 (1:0)-Sieg bei Aufsteiger SG Harheim konnte zudem ein direkter Konkurrent in die N\u00e4he der Gefahrenzone hinunter gezogen werden. Die Gastgeber verf\u00fcgen nur noch \u00fcber zwei Z\u00e4hler mehr als die auf Rang 14 stehenden [&hellip;]<\/p>\n","protected":false},"author":1,"featured_media":6271,"comment_status":"open","ping_status":"open","sticky":false,"template":"","format":"standard","meta":{"footnotes":""},"categories":[2],"tags":[],"class_list":["post-6270","post","type-post","status-publish","format-standard","has-post-thumbnail","hentry","category-kreisoberliga-frankfurt"],"_links":{"self":[{"href":"https:\/\/insideamateurfussball-ffm.de\/index.php?rest_route=\/wp\/v2\/posts\/6270","targetHints":{"allow":["GET"]}}],"collection":[{"href":"https:\/\/insideamateurfussball-ffm.de\/index.php?rest_route=\/wp\/v2\/posts"}],"about":[{"href":"https:\/\/insideamateurfussball-ffm.de\/index.php?rest_route=\/wp\/v2\/types\/post"}],"author":[{"embeddable":true,"href":"https:\/\/insideamateurfussball-ffm.de\/index.php?rest_route=\/wp\/v2\/users\/1"}],"replies":[{"embeddable":true,"href":"https:\/\/insideamateurfussball-ffm.de\/index.php?rest_route=%2Fwp%2Fv2%2Fcomments&post=6270"}],"version-history":[{"count":2,"href":"https:\/\/insideamateurfussball-ffm.de\/index.php?rest_route=\/wp\/v2\/posts\/6270\/revisions"}],"predecessor-version":[{"id":6279,"href":"https:\/\/insideamateurfussball-ffm.de\/index.php?rest_route=\/wp\/v2\/posts\/6270\/revisions\/6279"}],"wp:featuredmedia":[{"embeddable":true,"href":"https:\/\/insideamateurfussball-ffm.de\/index.php?rest_route=\/wp\/v2\/media\/6271"}],"wp:attachment":[{"href":"https:\/\/insideamateurfussball-ffm.de\/index.php?rest_route=%2Fwp%2Fv2%2Fmedia&parent=6270"}],"wp:term":[{"taxonomy":"category","embeddable":true,"href":"https:\/\/insideamateurfussball-ffm.de\/index.php?rest_route=%2Fwp%2Fv2%2Fcategories&post=6270"},{"taxonomy":"post_tag","embeddable":true,"href":"https:\/\/insideamateurfussball-ffm.de\/index.php?rest_route=%2Fwp%2Fv2%2Ftags&post=6270"}],"curies":[{"name":"wp","href":"https:\/\/api.w.org\/{rel}","templated":true}]}}