{"id":627,"date":"2022-06-07T14:50:11","date_gmt":"2022-06-07T14:50:11","guid":{"rendered":"http:\/\/insideamateurfussball-ffm.de\/?p=627"},"modified":"2025-01-03T18:15:22","modified_gmt":"2025-01-03T17:15:22","slug":"oezdemir-verabschiedet-sich-mit-doppelpack","status":"publish","type":"post","link":"https:\/\/insideamateurfussball-ffm.de\/?p=627","title":{"rendered":"\u00d6zdemir verabschiedet sich mit Doppelpack"},"content":{"rendered":"<h5>SV 07 Heddernheim &#8211; TSG Nieder-Erlenbach 8:2 (2:1)<\/h5>\n<p><img loading=\"lazy\" decoding=\"async\" class=\"alignnone size-full wp-image-302\" src=\"http:\/\/insideamateurfussball-ffm.de\/wp-content\/uploads\/2022\/05\/1sv07_news2_4511-1.jpg\" alt=\"\" width=\"80\" height=\"80\" \/><img loading=\"lazy\" decoding=\"async\" class=\"alignnone size-full wp-image-21\" src=\"http:\/\/insideamateurfussball-ffm.de\/wp-content\/uploads\/2021\/11\/Nieder-Erlenbach.jpg\" alt=\"\" width=\"80\" height=\"80\" \/><\/p>\n<figure id=\"attachment_632\" aria-describedby=\"caption-attachment-632\" style=\"width: 300px\" class=\"wp-caption alignnone\"><img loading=\"lazy\" decoding=\"async\" class=\"wp-image-632 size-medium\" src=\"http:\/\/insideamateurfussball-ffm.de\/wp-content\/uploads\/2022\/06\/Oezdemir-300x225.jpg\" alt=\"\" width=\"300\" height=\"225\" srcset=\"https:\/\/insideamateurfussball-ffm.de\/wp-content\/uploads\/2022\/06\/Oezdemir-300x225.jpg 300w, https:\/\/insideamateurfussball-ffm.de\/wp-content\/uploads\/2022\/06\/Oezdemir-1024x768.jpg 1024w, https:\/\/insideamateurfussball-ffm.de\/wp-content\/uploads\/2022\/06\/Oezdemir-768x576.jpg 768w, https:\/\/insideamateurfussball-ffm.de\/wp-content\/uploads\/2022\/06\/Oezdemir-1536x1152.jpg 1536w, https:\/\/insideamateurfussball-ffm.de\/wp-content\/uploads\/2022\/06\/Oezdemir.jpg 2048w\" sizes=\"auto, (max-width: 300px) 100vw, 300px\" \/><figcaption id=\"caption-attachment-632\" class=\"wp-caption-text\">Wechselt nach nur einem Jahr beim SVH zum FSC Eschborn: St\u00fcrmer \u00dcnal \u00d6zdemir.<\/figcaption><\/figure>\n<p>Es war das letzte Saisonspiel des SV 07 Heddernheim, der am letzten Spieltag spielfrei ist. Mit dem dritten Sieg in Folge schlossen die Gr\u00fcn-Wei\u00dfen eine \u00fcberdurchschnittlich gute Saison mit 61 Punkten und einem erstaunlichen Torverh\u00e4ltnis von 112:93 ab. Sollte Makkabi sein letztes Spiel gegen den mutma\u00dflichen Meister Kalbach nicht gewinnen, st\u00fcnde Rang f\u00fcnf in der Abschlusstabelle zu Buche. Das w\u00e4re die zweitbeste Platzierung in der Kreisoberliga in den letzten zehn Jahren. Nur 2018\/19, nach dem direkten Wiederaufstieg aus der A-Klasse, stand der SV 07 mit Rang drei noch besser da. Gegen die seit Wochen als Absteiger feststehende TSG Nieder-Erlenbach boten die Heddernheimer ihrem treuen Publikum in neuen gr\u00fcnen Trikots noch einmal ein Offensivspektakel und gewannen mit 8:2 (2:1). &#8222;Vom Ergebnis her bin ich nat\u00fcrlich zufrieden. Wir sind schlecht ins Spiel gekommen. Es war schwer, die Spannung aufzubauen. Wir mussten aber mit einer gewissen Ernsthaftigkeit ins Spiel gehen. Erst in der zweiten Halbzeit haben wir das viel besser hinbekommen. Da haben wir in eine Richtung gespielt. F\u00fcr uns war es wichtig, dass wir die 60-Punkte-Marke knacken&#8220;, analysierte SVH-Trainer Andreas Berggold.<\/p>\n<blockquote><p>&#8222;Vom Ergebnis her bin ich nat\u00fcrlich zufrieden&#8220; (SVH-Coach Andreas Berggold)<\/p><\/blockquote>\n<p>Erstmals seit \u00fcber dreimonatiger Verletzungspause h\u00fctete Stammtorh\u00fcter Marcin Czukiewicz, seit 2011 ununterbrochen im Verein, das Tor des Traditionsvereins von der Br\u00fchlwiese. Bei dr\u00fcckender Hitze dauerte es 20 Minuten, bis der erste Treffer fiel. Antonie Willef\u00fchrs Flanke landete bei Tino Matijevic, der per Direktabnahme den Torreigen er\u00f6ffnete (20.). Acht Minuten sp\u00e4ter traf Christos Papadopoulos den Pfosten. Dann musste Czukiewicz den ersten Torschuss der G\u00e4ste durch Konstantin Stork halten, ehe auf der Gegenseite Deniz Yatci den Ball gegen die Latte knallte.<\/p>\n<figure id=\"attachment_633\" aria-describedby=\"caption-attachment-633\" style=\"width: 300px\" class=\"wp-caption alignnone\"><img loading=\"lazy\" decoding=\"async\" class=\"wp-image-633 size-medium\" src=\"http:\/\/insideamateurfussball-ffm.de\/wp-content\/uploads\/2022\/06\/UeUe-300x225.jpg\" alt=\"\" width=\"300\" height=\"225\" \/><figcaption id=\"caption-attachment-633\" class=\"wp-caption-text\">Pr\u00e4sident Johny Hahn (links) und Spielausschuss-Chef Klaus Schleicher (zweiter von rechts) verabschieden die Spieler \u00dcnal \u00d6zdemir und Abel Aron.<\/figcaption><\/figure>\n<p>Nach einer Matijevic-Ecke k\u00f6pfte dann Papadopoulos zum 2:0 ein (34.). Nieder-Erlenbachs junge Truppe kam dann per Dropkick durch Hendrik Niko Jung zum Anschluss (37.). Im zweiten Abschnitt verabschiedete sich St\u00fcrmer \u00dcnal \u00d6zdemir mit zwei Treffern von der Br\u00fchlwiese. Erst machte er auf Yatci-Flanke das 4:1 (50.), dann k\u00f6pfte er eine Matijevic-Hereingabe zum 4:1 ein (57.), ehe er gegen Sadullah Erkmen ausgewechselt wurde. Von Ligakonkurrent Viktoria Preu\u00dfen gekommen, erzielte \u00d6zdemir insgesamt elf Treffer und wechselt nun in die Kreisoberliga Main-Taunus zum FSC Eschborn. Nicht, weil es ihm in Heddernheim nicht gef\u00e4llt, sondern weil sein Bruder beim FSC Trainer wird. Verlassen wird den Club auch Abel Aron, der vor zwei Jahren vom SV Eritrea kam, sich gut in das Vereinsleben integrierte, aber nicht mehr Spieleins\u00e4tze garantiert bekommen konnte.<\/p>\n<blockquote><p>&#8222;Die Niederlage ist leider auch in der H\u00f6he verdient&#8220; (TSG-Trainer Andreas Ludwig)<\/p><\/blockquote>\n<p>Erkmen zeichnete auf Flanke von Rojhat \u00dcg\u00fct f\u00fcr das 5:1 verantwortlich (65.), ehe Papadopoulos seinen Saisontreffer Nummer 27 markierte (68.). Nach einem groben Abspielfehler marschierte dann Julian Kinzelmann durch und verk\u00fcrzte auf 6:2 (74.). Der eingewechselte Oliver Solarz, nach drei Spielen im Tor mal wieder im Feld unterwegs, konnte sich \u00fcber links durchsetzen und auf Papadopoulos ablegen. Dann kam der bei den Zuschauern beliebte &#8222;B\u00fcffel&#8220; Serdar Birhimeoglu und schob zum 7:2 ein (80.). Den Schlusspunkt setzte Solarz in alter Torj\u00e4germanier (90.). F\u00fcr TSG-Coach Andreas Ludwig, der in der A-Klasse weiter macht, sagte an alter Wirkungsst\u00e4tte als Spieler und Trainer: &#8222;Die Niederlage ist leider auch in der H\u00f6he verdient. Es blieb nicht viel von dem \u00fcbrig, was wir gesagt hatten. Ich bin froh, wenn n\u00e4chste Woche der letzte Spieltag rum ist. Wir m\u00fcssen entsprechend f\u00fcr die Kreisliga A planen.&#8220;<\/p>\n<h5>Schiedsrichter: Eduard Basmaci (Gie\u00dfen). Zuschauer: 88.<\/h5>\n<h5>Tore: 1:0 Tino Matijevic (20.), 2:0 Christos Papadopoulos (34.), 2:1 Hendrik Niko Jung (37.), 3:1, 4:1 \u00dcnal \u00d6zdemir (50.\/57.), 5:1 Sadullah Erkmen (65.), 6:1 Christos Papadopoulos (68.), 6:2 Julian Kinzelmann (74.), 7:2 Serdar Birhimeoglu (80.), 8:2 Oliver Solarz (90.).<\/h5>\n","protected":false},"excerpt":{"rendered":"<p>SV 07 Heddernheim &#8211; TSG Nieder-Erlenbach 8:2 (2:1) Es war das letzte Saisonspiel des SV 07 Heddernheim, der am letzten Spieltag spielfrei ist. Mit dem dritten Sieg in Folge schlossen die Gr\u00fcn-Wei\u00dfen eine \u00fcberdurchschnittlich gute Saison mit 61 Punkten und einem erstaunlichen Torverh\u00e4ltnis von 112:93 ab. Sollte Makkabi sein letztes Spiel gegen den mutma\u00dflichen Meister [&hellip;]<\/p>\n","protected":false},"author":1,"featured_media":632,"comment_status":"open","ping_status":"open","sticky":false,"template":"","format":"standard","meta":{"footnotes":""},"categories":[2],"tags":[],"class_list":["post-627","post","type-post","status-publish","format-standard","has-post-thumbnail","hentry","category-kreisoberliga-frankfurt"],"_links":{"self":[{"href":"https:\/\/insideamateurfussball-ffm.de\/index.php?rest_route=\/wp\/v2\/posts\/627","targetHints":{"allow":["GET"]}}],"collection":[{"href":"https:\/\/insideamateurfussball-ffm.de\/index.php?rest_route=\/wp\/v2\/posts"}],"about":[{"href":"https:\/\/insideamateurfussball-ffm.de\/index.php?rest_route=\/wp\/v2\/types\/post"}],"author":[{"embeddable":true,"href":"https:\/\/insideamateurfussball-ffm.de\/index.php?rest_route=\/wp\/v2\/users\/1"}],"replies":[{"embeddable":true,"href":"https:\/\/insideamateurfussball-ffm.de\/index.php?rest_route=%2Fwp%2Fv2%2Fcomments&post=627"}],"version-history":[{"count":2,"href":"https:\/\/insideamateurfussball-ffm.de\/index.php?rest_route=\/wp\/v2\/posts\/627\/revisions"}],"predecessor-version":[{"id":634,"href":"https:\/\/insideamateurfussball-ffm.de\/index.php?rest_route=\/wp\/v2\/posts\/627\/revisions\/634"}],"wp:featuredmedia":[{"embeddable":true,"href":"https:\/\/insideamateurfussball-ffm.de\/index.php?rest_route=\/wp\/v2\/media\/632"}],"wp:attachment":[{"href":"https:\/\/insideamateurfussball-ffm.de\/index.php?rest_route=%2Fwp%2Fv2%2Fmedia&parent=627"}],"wp:term":[{"taxonomy":"category","embeddable":true,"href":"https:\/\/insideamateurfussball-ffm.de\/index.php?rest_route=%2Fwp%2Fv2%2Fcategories&post=627"},{"taxonomy":"post_tag","embeddable":true,"href":"https:\/\/insideamateurfussball-ffm.de\/index.php?rest_route=%2Fwp%2Fv2%2Ftags&post=627"}],"curies":[{"name":"wp","href":"https:\/\/api.w.org\/{rel}","templated":true}]}}