{"id":6204,"date":"2023-03-14T22:04:27","date_gmt":"2023-03-14T20:04:27","guid":{"rendered":"http:\/\/insideamateurfussball-ffm.de\/?p=6204"},"modified":"2025-01-25T14:18:36","modified_gmt":"2025-01-25T13:18:36","slug":"croatia-gewinnt-dank-zwei-elfmetern","status":"publish","type":"post","link":"https:\/\/insideamateurfussball-ffm.de\/?p=6204","title":{"rendered":"Croatia gewinnt dank zwei Elfmetern"},"content":{"rendered":"<h4>Der FC Croatia konnte am Sonntag in der Kreisoberliga Frankfurt den ersten Sieg unter der Regie des neuen Trainers Denny Nauber einfahren. Gegen den FV Hausen, der die vierte Pleite in Folge kassierte, gab es einen 2:0 (0:0)-Sieg.<\/h4>\n<figure id=\"attachment_6205\" aria-describedby=\"caption-attachment-6205\" style=\"width: 231px\" class=\"wp-caption alignnone\"><img loading=\"lazy\" decoding=\"async\" class=\"wp-image-6205\" src=\"http:\/\/insideamateurfussball-ffm.de\/wp-content\/uploads\/2023\/03\/CroJub-224x300.jpg\" alt=\"\" width=\"231\" height=\"310\" srcset=\"https:\/\/insideamateurfussball-ffm.de\/wp-content\/uploads\/2023\/03\/CroJub-224x300.jpg 224w, https:\/\/insideamateurfussball-ffm.de\/wp-content\/uploads\/2023\/03\/CroJub.jpg 764w\" sizes=\"auto, (max-width: 231px) 100vw, 231px\" \/><figcaption id=\"caption-attachment-6205\" class=\"wp-caption-text\">Ante Strljic und Torh\u00fcter Marco Nauber bejubeln den Croatia-Sieg. Foto: Stanislav Konta.\u00a0\u00a0<\/figcaption><\/figure>\n<h4>FC Croatia &#8211; FV Hausen 2:0 (0:0)<\/h4>\n<p><img loading=\"lazy\" decoding=\"async\" class=\"alignnone size-full wp-image-29\" src=\"http:\/\/insideamateurfussball-ffm.de\/wp-content\/uploads\/2021\/11\/croatia.jpg\" alt=\"\" width=\"63\" height=\"80\" \/><img loading=\"lazy\" decoding=\"async\" class=\"alignnone size-full wp-image-28\" src=\"http:\/\/insideamateurfussball-ffm.de\/wp-content\/uploads\/2021\/11\/Hausen.jpg\" alt=\"\" width=\"80\" height=\"60\" \/><\/p>\n<p><span style=\"color: #808080;\">&#8222;Wir haben heute ein tolles Spiel gezeigt und wir wollten hinten zu Null spielen. Das hat geklappt&#8220;, freute sich Croatias Trainer Denny Nauber und betonte: &#8222;Die zwei Foulelfmeter waren 100-prozentig f\u00fcr uns. Ein Lob an die ganze Mannschaft f\u00fcr den Kampf und mit Leidenschaft.&#8220; Die Begegnung wurde \u00fcberschattet von der schweren Verletzung von Hausens Spielmacher Anas Bakkali, der mit einer schweren Kn\u00f6chelverletzung ins Krankenhaus gebracht wurde. &#8222;Wir w\u00fcnschen dem Spieler mit der Nummer zehn gute Besserung&#8220;, hie\u00df es von der Heimseite. Der zweite Abschnitt lieferte zwei entscheidende Szenen. Erst wurde Croatias St\u00fcrmer Ante Strljic im Strafraum gefoult. Den f\u00e4lligen Strafsto\u00df verwandelte der gleiche Spieler gegen FVH-Torh\u00fcter Tayfun Dikilcan zum 1:0 (53.). In der 90. Minute gab es erneut Foulelfmeter f\u00fcr die Gastgeber nachdem Marcel Ladan zu Fall gebracht wurde. <\/span><\/p>\n<p><span style=\"color: #808080;\">Diesmal behielt Ante Coric die Nerven und verwandelte zum 2:0-Endstand (90.\/+1). In der hektischen Schlussphase gab es noch Zeitstrafen gegen Croatias Kian Bonanno (84.) und Hausens Marlon Rodriguez Roiz (89.). Hausens Trainer Federico da Costa Coutinho stellte klar: &#8222;Es war kein Pressschlag, sondern ein klares Foulspiel. Der Ball war nicht in der N\u00e4he, als Anas gefoult wurde. Die Diagnose lautet Kn\u00f6chelbruch. Da steht jetzt eine Operation an. Er bekommt Schienen oder Metallst\u00fccke eingesetzt. Da reden wir nicht \u00fcber eine einfache Verletzung, sondern \u00fcber eine schwere Verletzung. Man wei\u00df nicht, ob er jemals wieder Fu\u00dfball spielen kann. Der Junge ist 24 Jahre, das passt aber zu unserer aktuellen Situation. Wir haben echt die Seuche derzeit, was Verletzungen angeht.&#8220;<\/span><\/p>\n<blockquote>\n<h4>&#8222;Ich m\u00f6chte der Mannschaft trotzdem keinen Vorwurf machen&#8220; (Hausens Trainer Federico da Costa Coutinho)<\/h4>\n<\/blockquote>\n<p><span style=\"color: #808080;\">Letzte Woche hatte sich der neue Torh\u00fcter Murat Kaymakci einen Kreuzbandriss zugezogen.<\/span> <span style=\"color: #808080;\">Unter der Woche gab es in der Mannschaft einen Corona-Fall und am Sonntag wieder einen Einsatz des Krankenwagens. &#8222;F\u00fcr uns ist es aktuell nicht einfach. Ich m\u00f6chte der Mannschaft trotzdem keinen Vorwurf machen, weil diejenigen die da sind probieren ihr bestes zu geben. Da kommt noch dazu, dass wir zwei Elfmeter gegen uns gepfiffen bekommen, die wahrscheinlich nicht jeder pfeift. Da sollten wir daran arbeiten, dass wir dem Schiri nicht die Angriffsfl\u00e4che bieten, da Elfmeter zu pfeifen&#8220;, erl\u00e4uterte Coutinho die Gesamtlage. <\/span><\/p>\n<p><span style=\"color: #808080;\">Beim ersten Elfer sei der Croatia-St\u00fcrmer erst nach seinem Abschluss getroffen worden, beim zweiten habe der Hausener Torh\u00fcter schon den Ball in der Hand gehalten und sei von einem Verteidiger geblockt worden. Der Croatia-Spieler sei dann zu Boden gegangen. &#8222;Wir m\u00fcssen uns in solchen Situationen cleverer anstellen&#8220;, monierte der FVH-Coach.<\/span><\/p>\n<h4><span style=\"color: #808080;\">Schiedsrichter: Keine Angabe. Zuschauer: 90. <\/span><\/h4>\n<h4><span style=\"color: #808080;\">Tore: 1:0 Ante Strljic (53.\/Foulelfmeter), 2:0 Ante Coric (90.\/Foulelfmeter).\u00a0\u00a0<\/span><\/h4>\n","protected":false},"excerpt":{"rendered":"<p>Der FC Croatia konnte am Sonntag in der Kreisoberliga Frankfurt den ersten Sieg unter der Regie des neuen Trainers Denny Nauber einfahren. Gegen den FV Hausen, der die vierte Pleite in Folge kassierte, gab es einen 2:0 (0:0)-Sieg. FC Croatia &#8211; FV Hausen 2:0 (0:0) &#8222;Wir haben heute ein tolles Spiel gezeigt und wir wollten [&hellip;]<\/p>\n","protected":false},"author":1,"featured_media":6205,"comment_status":"open","ping_status":"open","sticky":false,"template":"","format":"standard","meta":{"footnotes":""},"categories":[2],"tags":[],"class_list":["post-6204","post","type-post","status-publish","format-standard","has-post-thumbnail","hentry","category-kreisoberliga-frankfurt"],"_links":{"self":[{"href":"https:\/\/insideamateurfussball-ffm.de\/index.php?rest_route=\/wp\/v2\/posts\/6204","targetHints":{"allow":["GET"]}}],"collection":[{"href":"https:\/\/insideamateurfussball-ffm.de\/index.php?rest_route=\/wp\/v2\/posts"}],"about":[{"href":"https:\/\/insideamateurfussball-ffm.de\/index.php?rest_route=\/wp\/v2\/types\/post"}],"author":[{"embeddable":true,"href":"https:\/\/insideamateurfussball-ffm.de\/index.php?rest_route=\/wp\/v2\/users\/1"}],"replies":[{"embeddable":true,"href":"https:\/\/insideamateurfussball-ffm.de\/index.php?rest_route=%2Fwp%2Fv2%2Fcomments&post=6204"}],"version-history":[{"count":2,"href":"https:\/\/insideamateurfussball-ffm.de\/index.php?rest_route=\/wp\/v2\/posts\/6204\/revisions"}],"predecessor-version":[{"id":6207,"href":"https:\/\/insideamateurfussball-ffm.de\/index.php?rest_route=\/wp\/v2\/posts\/6204\/revisions\/6207"}],"wp:featuredmedia":[{"embeddable":true,"href":"https:\/\/insideamateurfussball-ffm.de\/index.php?rest_route=\/wp\/v2\/media\/6205"}],"wp:attachment":[{"href":"https:\/\/insideamateurfussball-ffm.de\/index.php?rest_route=%2Fwp%2Fv2%2Fmedia&parent=6204"}],"wp:term":[{"taxonomy":"category","embeddable":true,"href":"https:\/\/insideamateurfussball-ffm.de\/index.php?rest_route=%2Fwp%2Fv2%2Fcategories&post=6204"},{"taxonomy":"post_tag","embeddable":true,"href":"https:\/\/insideamateurfussball-ffm.de\/index.php?rest_route=%2Fwp%2Fv2%2Ftags&post=6204"}],"curies":[{"name":"wp","href":"https:\/\/api.w.org\/{rel}","templated":true}]}}