{"id":6198,"date":"2023-03-14T20:26:31","date_gmt":"2023-03-14T18:26:31","guid":{"rendered":"http:\/\/insideamateurfussball-ffm.de\/?p=6198"},"modified":"2025-01-25T14:18:48","modified_gmt":"2025-01-25T13:18:48","slug":"kosova-laeuferisch-staerker-preussen-drittletzter","status":"publish","type":"post","link":"https:\/\/insideamateurfussball-ffm.de\/?p=6198","title":{"rendered":"Kosova l\u00e4uferisch st\u00e4rker &#8211; Preu\u00dfen Drittletzter"},"content":{"rendered":"<h4>Der FC Kosova bleibt ein Kandidat f\u00fcr Rang zwei, der zur Teilnahme an der Relegation zur Gruppenliga Frankfurt West berechtigt. Der Tabellenvierte besiegte den SV Viktoria Preu\u00dfen auf heimischen Terrain mit 3:0 (2:0). Die G\u00e4ste st\u00fcrzten aufgrund der Siege der Konkurrenten auf den drittletzten Platz, der im Falle des Seckbacher Abstieges aus der Gruppenliga in die Relegation mit den beiden A-Liga-Vizemeistern f\u00fchrt.<\/h4>\n<figure id=\"attachment_6199\" aria-describedby=\"caption-attachment-6199\" style=\"width: 2560px\" class=\"wp-caption alignnone\"><img loading=\"lazy\" decoding=\"async\" class=\"wp-image-6199 size-full\" src=\"http:\/\/insideamateurfussball-ffm.de\/wp-content\/uploads\/2023\/03\/SGBII-Kosova_230226-168-scaled.jpg\" alt=\"\" width=\"2560\" height=\"1707\" srcset=\"https:\/\/insideamateurfussball-ffm.de\/wp-content\/uploads\/2023\/03\/SGBII-Kosova_230226-168-scaled.jpg 2560w, https:\/\/insideamateurfussball-ffm.de\/wp-content\/uploads\/2023\/03\/SGBII-Kosova_230226-168-300x200.jpg 300w, https:\/\/insideamateurfussball-ffm.de\/wp-content\/uploads\/2023\/03\/SGBII-Kosova_230226-168-1024x683.jpg 1024w, https:\/\/insideamateurfussball-ffm.de\/wp-content\/uploads\/2023\/03\/SGBII-Kosova_230226-168-768x512.jpg 768w, https:\/\/insideamateurfussball-ffm.de\/wp-content\/uploads\/2023\/03\/SGBII-Kosova_230226-168-1536x1024.jpg 1536w, https:\/\/insideamateurfussball-ffm.de\/wp-content\/uploads\/2023\/03\/SGBII-Kosova_230226-168-2048x1365.jpg 2048w\" sizes=\"auto, (max-width: 2560px) 100vw, 2560px\" \/><figcaption id=\"caption-attachment-6199\" class=\"wp-caption-text\">Der FC Kosova in schwarz-rot mit Raisi Zalla bleibt ein Kandidat f\u00fcr Platz 2! Foto: Andre Sturmeit.<\/figcaption><\/figure>\n<h4>FC Kosova &#8211; SV Viktoria Preu\u00dfen 3:0 (2:0)<\/h4>\n<p><img loading=\"lazy\" decoding=\"async\" class=\"alignnone size-full wp-image-9\" src=\"http:\/\/insideamateurfussball-ffm.de\/wp-content\/uploads\/2021\/11\/Kosova.jpg\" alt=\"\" width=\"65\" height=\"80\" \/><img loading=\"lazy\" decoding=\"async\" class=\"alignnone size-full wp-image-12\" src=\"http:\/\/insideamateurfussball-ffm.de\/wp-content\/uploads\/2021\/11\/preussen.jpg\" alt=\"\" width=\"72\" height=\"80\" \/><\/p>\n<p><span style=\"color: #808080;\">Kosovas Spielausschuss-Chef Rudi Statovci war bester Laune: &#8222;Mit diesem Spiel sind wir sehr zufrieden. Der Sieg war verdient. Der Gegner hat hart, aber fair gespielt. Wir waren l\u00e4uferisch st\u00e4rker. Man muss auch erkennen, dass Viktoria Preu\u00dfen viel besser ist als der momentane Rang 15.&#8220; Die G\u00e4ste befinden sich in einer schwierigen Phase der Saison. \u00c4hnlich wie letzte Woche war die Personaldecke d\u00fcnn, diesmal waren wenigstens drei Leute aus der A-Jugend auf der Bank. <\/span><\/p>\n<p><span style=\"color: #808080;\">Die erste Halbzeit verlief auf dem Rasenplatz an der Wilhelm-Epstein-Stra\u00dfe ausgeglichen. &#8222;Wenn du aber unten stehst, machen wir ein Eigentor und sind selber zweimal blank vor dem Torwart&#8220;, bedauerte Preu\u00dfen-Trainer Artur Rissling. Einen Abschluss von Leon Dashi bef\u00f6rderte Janis Breuer ins eigene Tor (24.). Nach einem sch\u00f6nen Kosova-Angriff erh\u00f6hte Dashi kurz vor der Halbzeit auf 2:0 (44.). In der zweiten Halbzeit setzte sich das Geschehen weiter so fort.<\/span><\/p>\n<blockquote>\n<h4>&#8222;Kosova war gl\u00fccklicher Sieger&#8220; (Preu\u00dfen-Trainer Artur Rissling)<\/h4>\n<\/blockquote>\n<p><span style=\"color: #808080;\"> Beide Teams hatten Torchancen, aber nur Kosova traf mit einem Konter durch Huanito Rreshka (73.). Im Moment fehlt so das Qu\u00e4ntchen Gl\u00fcck, das Erfolgserlebnis. Ich mache der Mannschaft keinen Vorwurf, die haben gefighted. Kosova war gl\u00fccklicher Sieger, aber da sieht man die alte Weisheit im Fu\u00dfball. Wenn du oben stehst, hast du Gl\u00fcck, wenn du unten stehst, dann nicht. Es ist schwierig im Moment. Wir m\u00fcssen sehen, dass ein paar Leute zur\u00fcckkommen. Wir sind mittlerweile auf dem drittletzten Platz. Das ist mir und uns allen bewusst. Es bedarf einer gro\u00dfen Energieleistung, um da raus zu kommen. Ich bin \u00fcberzeugt, dass wir das schaffen.&#8220; <\/span><\/p>\n<p><span style=\"color: #808080;\">Und was sagte Statovci zu den Aufstiegschancen des FC Kosova? &#8222;Wenn wir die Relegation schaffen, w\u00e4re das sch\u00f6n. Wenn nicht, geht die Welt nicht unter. Wichtig ist, dass wir unseren Anh\u00e4ngern, die auch von weiter weg anreisen, sch\u00f6ne Spiele bieten.&#8220;\u00a0<\/span><\/p>\n<h4><span style=\"color: #808080;\">Schiedsrichter: Bj\u00f6rn Benatzky (Gelnhausen). Zuschauer: 150. <\/span><\/h4>\n<h4><span style=\"color: #808080;\">Tore: 1:0 Janis Br\u00e4uer (24.\/Eigentor), 2:0 Leon Dashi (44.), 3:0 Huanito Rreshka (73.).\u00a0 \u00a0<\/span><\/h4>\n","protected":false},"excerpt":{"rendered":"<p>Der FC Kosova bleibt ein Kandidat f\u00fcr Rang zwei, der zur Teilnahme an der Relegation zur Gruppenliga Frankfurt West berechtigt. Der Tabellenvierte besiegte den SV Viktoria Preu\u00dfen auf heimischen Terrain mit 3:0 (2:0). Die G\u00e4ste st\u00fcrzten aufgrund der Siege der Konkurrenten auf den drittletzten Platz, der im Falle des Seckbacher Abstieges aus der Gruppenliga in [&hellip;]<\/p>\n","protected":false},"author":1,"featured_media":6199,"comment_status":"open","ping_status":"open","sticky":false,"template":"","format":"standard","meta":{"footnotes":""},"categories":[2],"tags":[],"class_list":["post-6198","post","type-post","status-publish","format-standard","has-post-thumbnail","hentry","category-kreisoberliga-frankfurt"],"_links":{"self":[{"href":"https:\/\/insideamateurfussball-ffm.de\/index.php?rest_route=\/wp\/v2\/posts\/6198","targetHints":{"allow":["GET"]}}],"collection":[{"href":"https:\/\/insideamateurfussball-ffm.de\/index.php?rest_route=\/wp\/v2\/posts"}],"about":[{"href":"https:\/\/insideamateurfussball-ffm.de\/index.php?rest_route=\/wp\/v2\/types\/post"}],"author":[{"embeddable":true,"href":"https:\/\/insideamateurfussball-ffm.de\/index.php?rest_route=\/wp\/v2\/users\/1"}],"replies":[{"embeddable":true,"href":"https:\/\/insideamateurfussball-ffm.de\/index.php?rest_route=%2Fwp%2Fv2%2Fcomments&post=6198"}],"version-history":[{"count":1,"href":"https:\/\/insideamateurfussball-ffm.de\/index.php?rest_route=\/wp\/v2\/posts\/6198\/revisions"}],"predecessor-version":[{"id":6200,"href":"https:\/\/insideamateurfussball-ffm.de\/index.php?rest_route=\/wp\/v2\/posts\/6198\/revisions\/6200"}],"wp:featuredmedia":[{"embeddable":true,"href":"https:\/\/insideamateurfussball-ffm.de\/index.php?rest_route=\/wp\/v2\/media\/6199"}],"wp:attachment":[{"href":"https:\/\/insideamateurfussball-ffm.de\/index.php?rest_route=%2Fwp%2Fv2%2Fmedia&parent=6198"}],"wp:term":[{"taxonomy":"category","embeddable":true,"href":"https:\/\/insideamateurfussball-ffm.de\/index.php?rest_route=%2Fwp%2Fv2%2Fcategories&post=6198"},{"taxonomy":"post_tag","embeddable":true,"href":"https:\/\/insideamateurfussball-ffm.de\/index.php?rest_route=%2Fwp%2Fv2%2Ftags&post=6198"}],"curies":[{"name":"wp","href":"https:\/\/api.w.org\/{rel}","templated":true}]}}