{"id":610,"date":"2022-06-06T20:16:32","date_gmt":"2022-06-06T20:16:32","guid":{"rendered":"http:\/\/insideamateurfussball-ffm.de\/?p=610"},"modified":"2025-01-03T18:11:50","modified_gmt":"2025-01-03T17:11:50","slug":"3xnichtantritt-absteiger-westend-ohne-personal","status":"publish","type":"post","link":"https:\/\/insideamateurfussball-ffm.de\/?p=610","title":{"rendered":"3xNichtantritt! Absteiger Westend ohne Personal"},"content":{"rendered":"<h5>Die SG Westend tritt bei den Sportfreunden Friedrichsdorf nicht an und wird nach dreimaligen Nichtantritt wie der SV Steinfurth ans Tabellenende gesetzt. Das abschlie\u00dfende Heimspiel gegen den TSV Vatanspor Bad Homburg d\u00fcrfen die Kicker von Vereinspatron und Trainer Esad Golos nicht mehr bestreiten, selbst wenn sie bis dahin vollz\u00e4hlig w\u00e4ren. Der Abstieg aus der Gruppenliga Frankfurt West stand schon im Vorfeld fest.<\/h5>\n<h5><img loading=\"lazy\" decoding=\"async\" class=\"alignnone size-full wp-image-611\" src=\"http:\/\/insideamateurfussball-ffm.de\/wp-content\/uploads\/2022\/06\/Westend.png\" alt=\"\" width=\"69\" height=\"80\" \/><\/h5>\n<figure id=\"attachment_612\" aria-describedby=\"caption-attachment-612\" style=\"width: 300px\" class=\"wp-caption alignnone\"><img loading=\"lazy\" decoding=\"async\" class=\"wp-image-612 size-medium\" src=\"http:\/\/insideamateurfussball-ffm.de\/wp-content\/uploads\/2022\/06\/west-rw4-300x212.jpg\" alt=\"\" width=\"300\" height=\"212\" \/><figcaption id=\"caption-attachment-612\" class=\"wp-caption-text\">Westends Kapit\u00e4n Romal Naziri konnte sein Team aus Personalmangel nicht auf das Feld f\u00fchren. Foto: Mithat G\u00fcrser.<\/figcaption><\/figure>\n<p>F\u00fcr das Spiel bei den Sportfreunden Friedrichsdorf standen laut dem Sportlichen Leiter Thomas Horn &#8222;nur vier Spieler zur Verf\u00fcgung. Somit war die dritte Absage leider nicht zu verhindern.&#8220; Im zweiten Jahr nach dem Aufstieg liest sich die Bilanz mit 22 Niederlagen, sechs Remis und nur sieben Siegen desastr\u00f6s, es h\u00e4tten 15 Punkte zum Klassenerhalt gefehlt. Die geringe Trainingsbeteiligung und die schlechte Trainingssituation auf dem heimischen Sportgel\u00e4nde an der Sondershausenstra\u00dfe im Gallus trugen ihren Teil zur sportlichen Misere bei. F\u00fcr den Neubeginn in der Kreisoberliga spricht der KOL-Meister von 2020 aber jetzt schon offensive Ziele aus. Mit einem neuen Trainer und ver\u00e4ndertem Personal werde der direkte Wiederaufstieg angepeilt. Dennoch betont Horn: &#8222;Bevor es wieder los geht, kommt alles auf den\u00a0 Pr\u00fcfstand.&#8220;<\/p>\n","protected":false},"excerpt":{"rendered":"<p>Die SG Westend tritt bei den Sportfreunden Friedrichsdorf nicht an und wird nach dreimaligen Nichtantritt wie der SV Steinfurth ans Tabellenende gesetzt. Das abschlie\u00dfende Heimspiel gegen den TSV Vatanspor Bad Homburg d\u00fcrfen die Kicker von Vereinspatron und Trainer Esad Golos nicht mehr bestreiten, selbst wenn sie bis dahin vollz\u00e4hlig w\u00e4ren. Der Abstieg aus der Gruppenliga [&hellip;]<\/p>\n","protected":false},"author":1,"featured_media":0,"comment_status":"open","ping_status":"open","sticky":false,"template":"","format":"standard","meta":{"footnotes":""},"categories":[13],"tags":[],"class_list":["post-610","post","type-post","status-publish","format-standard","hentry","category-gruppenliga-frankfurt-west"],"_links":{"self":[{"href":"https:\/\/insideamateurfussball-ffm.de\/index.php?rest_route=\/wp\/v2\/posts\/610","targetHints":{"allow":["GET"]}}],"collection":[{"href":"https:\/\/insideamateurfussball-ffm.de\/index.php?rest_route=\/wp\/v2\/posts"}],"about":[{"href":"https:\/\/insideamateurfussball-ffm.de\/index.php?rest_route=\/wp\/v2\/types\/post"}],"author":[{"embeddable":true,"href":"https:\/\/insideamateurfussball-ffm.de\/index.php?rest_route=\/wp\/v2\/users\/1"}],"replies":[{"embeddable":true,"href":"https:\/\/insideamateurfussball-ffm.de\/index.php?rest_route=%2Fwp%2Fv2%2Fcomments&post=610"}],"version-history":[{"count":2,"href":"https:\/\/insideamateurfussball-ffm.de\/index.php?rest_route=\/wp\/v2\/posts\/610\/revisions"}],"predecessor-version":[{"id":614,"href":"https:\/\/insideamateurfussball-ffm.de\/index.php?rest_route=\/wp\/v2\/posts\/610\/revisions\/614"}],"wp:attachment":[{"href":"https:\/\/insideamateurfussball-ffm.de\/index.php?rest_route=%2Fwp%2Fv2%2Fmedia&parent=610"}],"wp:term":[{"taxonomy":"category","embeddable":true,"href":"https:\/\/insideamateurfussball-ffm.de\/index.php?rest_route=%2Fwp%2Fv2%2Fcategories&post=610"},{"taxonomy":"post_tag","embeddable":true,"href":"https:\/\/insideamateurfussball-ffm.de\/index.php?rest_route=%2Fwp%2Fv2%2Ftags&post=610"}],"curies":[{"name":"wp","href":"https:\/\/api.w.org\/{rel}","templated":true}]}}