{"id":6030,"date":"2023-03-13T21:12:38","date_gmt":"2023-03-13T19:12:38","guid":{"rendered":"http:\/\/insideamateurfussball-ffm.de\/?p=6030"},"modified":"2025-01-25T14:14:54","modified_gmt":"2025-01-25T13:14:54","slug":"zeilsheim-besiegt-breidenbach-deutlich","status":"publish","type":"post","link":"https:\/\/insideamateurfussball-ffm.de\/?p=6030","title":{"rendered":"Zeilsheim besiegt Breidenbach deutlich"},"content":{"rendered":"<h4>Drei Punkte betrug vor dem Spieltag nur der Vorsprung des SV Zeilsheim auf den Relegationsplatz nach unten in der Verbandsliga Mitte. Durch das deutliche 3:0 (1:0) \u00fcber den FV Breidenbach sprang der SVZ wieder auf Rang vier und vergr\u00f6\u00dferte den Abstand nach unten auf sechs Z\u00e4hler.<\/h4>\n<figure id=\"attachment_6031\" aria-describedby=\"caption-attachment-6031\" style=\"width: 310px\" class=\"wp-caption alignnone\"><img loading=\"lazy\" decoding=\"async\" class=\"wp-image-6031\" src=\"http:\/\/insideamateurfussball-ffm.de\/wp-content\/uploads\/2023\/03\/13a-Abklatschen-nach-dem-Fuehrungstreffer-300x231.jpg\" alt=\"\" width=\"310\" height=\"238\" srcset=\"https:\/\/insideamateurfussball-ffm.de\/wp-content\/uploads\/2023\/03\/13a-Abklatschen-nach-dem-Fuehrungstreffer-300x231.jpg 300w, https:\/\/insideamateurfussball-ffm.de\/wp-content\/uploads\/2023\/03\/13a-Abklatschen-nach-dem-Fuehrungstreffer-768x591.jpg 768w, https:\/\/insideamateurfussball-ffm.de\/wp-content\/uploads\/2023\/03\/13a-Abklatschen-nach-dem-Fuehrungstreffer.jpg 900w\" sizes=\"auto, (max-width: 310px) 100vw, 310px\" \/><figcaption id=\"caption-attachment-6031\" class=\"wp-caption-text\">Auf Torj\u00e4ger Abdussammed G\u00fcrsoy ist beim SV Zeilsheim stets Verlass. Foto: Peter Strauch.\u00a0\u00a0<\/figcaption><\/figure>\n<h4>SV Zeilsheim &#8211; FV Breidenbach 3:0 (1:0)<\/h4>\n<p><img loading=\"lazy\" decoding=\"async\" class=\"alignnone size-full wp-image-1153\" src=\"http:\/\/insideamateurfussball-ffm.de\/wp-content\/uploads\/2022\/07\/SVZe.jpg\" alt=\"\" width=\"68\" height=\"80\" \/><img loading=\"lazy\" decoding=\"async\" class=\"alignnone size-full wp-image-2308\" src=\"http:\/\/insideamateurfussball-ffm.de\/wp-content\/uploads\/2022\/08\/Breid.jpg\" alt=\"\" width=\"80\" height=\"80\" \/><\/p>\n<div data-canvas-width=\"289.0946666666667\"><span style=\"color: #808080;\">Breidenbach hatte dem SV nicht viel entgegensetzen und verlor das Spiel am Ende deutlich mit 0:3. Im Vorfeld des Spiels war eine enge Partie erwartet worden, doch Zeilsheim war an diesem Tag zu stark f\u00fcr die G\u00e4ste aus dem Westerwald. Bereits in der Anfangsphase hatte Mittelst\u00fcrmer J\u00fcrgen Bufi das 1:0 auf dem Kopf (3.). <\/span><\/div>\n<div data-canvas-width=\"289.0946666666667\"><\/div>\n<div data-canvas-width=\"289.0946666666667\"><span style=\"color: #808080;\">Der Ball strich jedoch aus n\u00e4chster N\u00e4he knapp am Tor vorbei. Das erfolgreiche Spiel des SV l\u00e4utete, wieder einmal mehr, Goalgetter Samed G\u00fcrsoy ein. In der 22. Minute verwandelte er einen Handelfmeter sicher. Danach diktierte der SV das Spiel weitestgehend. Lediglich die Tore blieben zun\u00e4chst aus.<\/span><\/div>\n<h4 data-canvas-width=\"289.0946666666667\">Eigentor der G\u00e4ste bringt das 2:0<\/h4>\n<div data-canvas-width=\"289.0946666666667\"><span style=\"color: #808080;\">Das h\u00e4tte sich beinahe ger\u00e4cht, als G\u00e4stest\u00fcrmer Felix Baum eine Gro\u00dfchance nicht verwerten konnte (31.). Viel mehr wusste Breidenbach nicht entgegen zu setzen. Nach weiteren guten Torm\u00f6glichkeiten folgte die Entscheidung. G\u00fcrsoy spielte den Ball von der Grundlinie in die Mitte und die vielbeinige<\/span><\/div>\n<div data-canvas-width=\"592.8266666666664\"><span style=\"color: #808080;\">G\u00e4steabwehr bugsierte den Ball in Person von Moritz Filipzik ins eigene Tor (75.). <\/span><\/div>\n<div data-canvas-width=\"592.8266666666664\"><\/div>\n<div data-canvas-width=\"592.8266666666664\"><span style=\"color: #808080;\">Wenig sp\u00e4ter (80.) legte G\u00fcrsoy uneigenn\u00fctzig, auf den gerade eingewechselten Leonardo Bianco, auf, der nach zweij\u00e4hriger Verletzungspause \u00fcberlegt das 3:0 erzielte. Gro\u00dfer Jubel brandete im Lager des SV auf. Der SV verdiente sich diesen Sieg mit einer geschlossen Mannschaftsleitung und war nach dem Sieg sichtlich erleichtert.<\/span><\/div>\n<div data-canvas-width=\"592.8266666666664\"><\/div>\n<div data-canvas-width=\"592.8266666666664\">Bericht: Peter Strauch.<\/div>\n<h4 data-canvas-width=\"592.8266666666664\">Schiedsrichter: Julien Scherthan (SV 07 Bischofsheim).<\/h4>\n<h4 data-canvas-width=\"592.8266666666664\">Tore: 1:0 Abdussamed G\u00fcrsoy (22.\/Handelfmeter), 2:0 Moritz Filipzik (75.\/Eigentor), 3:0 Leonardo Bianco (80.).<\/h4>\n","protected":false},"excerpt":{"rendered":"<p>Drei Punkte betrug vor dem Spieltag nur der Vorsprung des SV Zeilsheim auf den Relegationsplatz nach unten in der Verbandsliga Mitte. Durch das deutliche 3:0 (1:0) \u00fcber den FV Breidenbach sprang der SVZ wieder auf Rang vier und vergr\u00f6\u00dferte den Abstand nach unten auf sechs Z\u00e4hler. SV Zeilsheim &#8211; FV Breidenbach 3:0 (1:0) Breidenbach hatte [&hellip;]<\/p>\n","protected":false},"author":1,"featured_media":6031,"comment_status":"open","ping_status":"open","sticky":false,"template":"","format":"standard","meta":{"footnotes":""},"categories":[32],"tags":[],"class_list":["post-6030","post","type-post","status-publish","format-standard","has-post-thumbnail","hentry","category-verbandsliga-mitte"],"_links":{"self":[{"href":"https:\/\/insideamateurfussball-ffm.de\/index.php?rest_route=\/wp\/v2\/posts\/6030","targetHints":{"allow":["GET"]}}],"collection":[{"href":"https:\/\/insideamateurfussball-ffm.de\/index.php?rest_route=\/wp\/v2\/posts"}],"about":[{"href":"https:\/\/insideamateurfussball-ffm.de\/index.php?rest_route=\/wp\/v2\/types\/post"}],"author":[{"embeddable":true,"href":"https:\/\/insideamateurfussball-ffm.de\/index.php?rest_route=\/wp\/v2\/users\/1"}],"replies":[{"embeddable":true,"href":"https:\/\/insideamateurfussball-ffm.de\/index.php?rest_route=%2Fwp%2Fv2%2Fcomments&post=6030"}],"version-history":[{"count":2,"href":"https:\/\/insideamateurfussball-ffm.de\/index.php?rest_route=\/wp\/v2\/posts\/6030\/revisions"}],"predecessor-version":[{"id":6033,"href":"https:\/\/insideamateurfussball-ffm.de\/index.php?rest_route=\/wp\/v2\/posts\/6030\/revisions\/6033"}],"wp:featuredmedia":[{"embeddable":true,"href":"https:\/\/insideamateurfussball-ffm.de\/index.php?rest_route=\/wp\/v2\/media\/6031"}],"wp:attachment":[{"href":"https:\/\/insideamateurfussball-ffm.de\/index.php?rest_route=%2Fwp%2Fv2%2Fmedia&parent=6030"}],"wp:term":[{"taxonomy":"category","embeddable":true,"href":"https:\/\/insideamateurfussball-ffm.de\/index.php?rest_route=%2Fwp%2Fv2%2Fcategories&post=6030"},{"taxonomy":"post_tag","embeddable":true,"href":"https:\/\/insideamateurfussball-ffm.de\/index.php?rest_route=%2Fwp%2Fv2%2Ftags&post=6030"}],"curies":[{"name":"wp","href":"https:\/\/api.w.org\/{rel}","templated":true}]}}