{"id":6027,"date":"2023-03-13T20:56:30","date_gmt":"2023-03-13T18:56:30","guid":{"rendered":"http:\/\/insideamateurfussball-ffm.de\/?p=6027"},"modified":"2025-01-25T14:14:59","modified_gmt":"2025-01-25T13:14:59","slug":"speuzer-kontern-erfolgreich-in-seligenstadt","status":"publish","type":"post","link":"https:\/\/insideamateurfussball-ffm.de\/?p=6027","title":{"rendered":"Speuzer kontern erfolgreich in Seligenstadt"},"content":{"rendered":"<h4>Der FFV Sportfreunde gewann am Samstag in der Verbandsliga S\u00fcd mit 3:0 (1:0) bei den Sportfreunden Seligenstadt und sprang auf Rang sechs der Tabelle. Am Mittwoch gastieren die Speuzer zu einem Nachholspiel beim Tabellenf\u00fchrer SC 1960 Hanau (20 Uhr).<\/h4>\n<figure id=\"attachment_6028\" aria-describedby=\"caption-attachment-6028\" style=\"width: 1096px\" class=\"wp-caption alignnone\"><img loading=\"lazy\" decoding=\"async\" class=\"wp-image-6028 size-full\" src=\"http:\/\/insideamateurfussball-ffm.de\/wp-content\/uploads\/2023\/03\/pok8-2.jpg\" alt=\"\" width=\"1096\" height=\"749\" srcset=\"https:\/\/insideamateurfussball-ffm.de\/wp-content\/uploads\/2023\/03\/pok8-2.jpg 1096w, https:\/\/insideamateurfussball-ffm.de\/wp-content\/uploads\/2023\/03\/pok8-2-300x205.jpg 300w, https:\/\/insideamateurfussball-ffm.de\/wp-content\/uploads\/2023\/03\/pok8-2-1024x700.jpg 1024w, https:\/\/insideamateurfussball-ffm.de\/wp-content\/uploads\/2023\/03\/pok8-2-768x525.jpg 768w\" sizes=\"auto, (max-width: 1096px) 100vw, 1096px\" \/><figcaption id=\"caption-attachment-6028\" class=\"wp-caption-text\">Der FFV Sportfreunde ist gut aus der Winterpause gekommen. Foto: Mithat G\u00fcrser.\u00a0\u00a0<\/figcaption><\/figure>\n<h4>Sportfreunde Seligenstadt &#8211; FFV Sportfreunde 0:3 (0:1)<\/h4>\n<p><img loading=\"lazy\" decoding=\"async\" class=\"alignnone size-full wp-image-2324\" src=\"http:\/\/insideamateurfussball-ffm.de\/wp-content\/uploads\/2022\/08\/Seligen.jpg\" alt=\"\" width=\"72\" height=\"80\" \/><img loading=\"lazy\" decoding=\"async\" class=\"alignnone size-full wp-image-141\" src=\"http:\/\/insideamateurfussball-ffm.de\/wp-content\/uploads\/2022\/05\/Speuzer.jpg\" alt=\"\" width=\"80\" height=\"80\" \/><\/p>\n<p><span style=\"color: #808080;\">Auf dem tiefen Rasenplatz an der Aschaffenburger Stra\u00dfe legten die &#8222;Speuzer&#8220; entgegen ihrer sonstigen Spielweise ihr Hauptaugenmerk auf eine stabile Defensivarbeit und verlegten sich auf ihr Konterspiel. Nach einem Freisto\u00df von Kapit\u00e4n Aziz Bidou k\u00f6pfte Danyal Tekin zur G\u00e4stef\u00fchrung ein (8.), was der gew\u00e4hlten G\u00e4stetaktik entgegen kam. &#8222;Wir haben den Gegner spielen lassen und dann mit unserem Mittelfeldpressing die B\u00e4lle erobert&#8220;, erl\u00e4uterte FFV-Trainer Artug \u00d6zbakir.<\/span><\/p>\n<h4>Platzverweise gegen zwei Seligenst\u00e4dter<\/h4>\n<p><span style=\"color: #808080;\">Nach dem Seitenwechsel erh\u00f6hte Torj\u00e4ger Giuseppe Signorelli (52.). In der Schlussphase setzte Mehdi Filali Baba den Schlusspunkt (87.). Ein unr\u00fchmliches Ende nahm die Partie f\u00fcr zwei Akteure der Gastgeber, die in Diskussionen mit dem Schiedsrichter verwickelt waren. Ein Seligenst\u00e4dter bekam &#8222;Gelb-Rot (90.+1). Nach dem Abpfiff erhielt Seligenstadts Torj\u00e4ger Philipp Traut noch die Rote Karte.<\/span><\/p>\n<h4>Schiedsrichter: Keine Angabe. Zuschauer: 150.<\/h4>\n<h4>Tore: 0:1 Danyal Tekin (8.), 0:2 Giuseppe Signorelli (52.), 0:3 Mehdi Flilali Baba (87.).<\/h4>\n","protected":false},"excerpt":{"rendered":"<p>Der FFV Sportfreunde gewann am Samstag in der Verbandsliga S\u00fcd mit 3:0 (1:0) bei den Sportfreunden Seligenstadt und sprang auf Rang sechs der Tabelle. Am Mittwoch gastieren die Speuzer zu einem Nachholspiel beim Tabellenf\u00fchrer SC 1960 Hanau (20 Uhr). Sportfreunde Seligenstadt &#8211; FFV Sportfreunde 0:3 (0:1) Auf dem tiefen Rasenplatz an der Aschaffenburger Stra\u00dfe legten [&hellip;]<\/p>\n","protected":false},"author":1,"featured_media":6028,"comment_status":"open","ping_status":"open","sticky":false,"template":"","format":"standard","meta":{"footnotes":""},"categories":[10],"tags":[],"class_list":["post-6027","post","type-post","status-publish","format-standard","has-post-thumbnail","hentry","category-verbandsliga-sued"],"_links":{"self":[{"href":"https:\/\/insideamateurfussball-ffm.de\/index.php?rest_route=\/wp\/v2\/posts\/6027","targetHints":{"allow":["GET"]}}],"collection":[{"href":"https:\/\/insideamateurfussball-ffm.de\/index.php?rest_route=\/wp\/v2\/posts"}],"about":[{"href":"https:\/\/insideamateurfussball-ffm.de\/index.php?rest_route=\/wp\/v2\/types\/post"}],"author":[{"embeddable":true,"href":"https:\/\/insideamateurfussball-ffm.de\/index.php?rest_route=\/wp\/v2\/users\/1"}],"replies":[{"embeddable":true,"href":"https:\/\/insideamateurfussball-ffm.de\/index.php?rest_route=%2Fwp%2Fv2%2Fcomments&post=6027"}],"version-history":[{"count":1,"href":"https:\/\/insideamateurfussball-ffm.de\/index.php?rest_route=\/wp\/v2\/posts\/6027\/revisions"}],"predecessor-version":[{"id":6029,"href":"https:\/\/insideamateurfussball-ffm.de\/index.php?rest_route=\/wp\/v2\/posts\/6027\/revisions\/6029"}],"wp:featuredmedia":[{"embeddable":true,"href":"https:\/\/insideamateurfussball-ffm.de\/index.php?rest_route=\/wp\/v2\/media\/6028"}],"wp:attachment":[{"href":"https:\/\/insideamateurfussball-ffm.de\/index.php?rest_route=%2Fwp%2Fv2%2Fmedia&parent=6027"}],"wp:term":[{"taxonomy":"category","embeddable":true,"href":"https:\/\/insideamateurfussball-ffm.de\/index.php?rest_route=%2Fwp%2Fv2%2Fcategories&post=6027"},{"taxonomy":"post_tag","embeddable":true,"href":"https:\/\/insideamateurfussball-ffm.de\/index.php?rest_route=%2Fwp%2Fv2%2Ftags&post=6027"}],"curies":[{"name":"wp","href":"https:\/\/api.w.org\/{rel}","templated":true}]}}