{"id":5995,"date":"2023-03-08T22:51:17","date_gmt":"2023-03-08T20:51:17","guid":{"rendered":"http:\/\/insideamateurfussball-ffm.de\/?p=5995"},"modified":"2025-01-17T14:10:37","modified_gmt":"2025-01-17T13:10:37","slug":"tsg-niederrad-croatia-wird-am-14-3-nachgeholt","status":"publish","type":"post","link":"https:\/\/insideamateurfussball-ffm.de\/?p=5995","title":{"rendered":"TSG Niederrad &#8211; Croatia wird am 14.3. nachgeholt"},"content":{"rendered":"<h4>Die am vergangenen Sonntag krankheitsbedingt ausgefallene Begegnung der Kreisoberliga Frankfurt zwischen der TSG Niederrad und dem FC Croatia wurde f\u00fcr den kommenden Dienstag, 14. M\u00e4rz um 20 Uhr neu angesetzt.<\/h4>\n<figure id=\"attachment_5996\" aria-describedby=\"caption-attachment-5996\" style=\"width: 310px\" class=\"wp-caption alignnone\"><img loading=\"lazy\" decoding=\"async\" class=\"wp-image-5996\" src=\"http:\/\/insideamateurfussball-ffm.de\/wp-content\/uploads\/2023\/03\/nid4-1-300x209.jpg\" alt=\"\" width=\"310\" height=\"216\" srcset=\"https:\/\/insideamateurfussball-ffm.de\/wp-content\/uploads\/2023\/03\/nid4-1-300x209.jpg 300w, https:\/\/insideamateurfussball-ffm.de\/wp-content\/uploads\/2023\/03\/nid4-1-768x536.jpg 768w, https:\/\/insideamateurfussball-ffm.de\/wp-content\/uploads\/2023\/03\/nid4-1.jpg 992w\" sizes=\"auto, (max-width: 310px) 100vw, 310px\" \/><figcaption id=\"caption-attachment-5996\" class=\"wp-caption-text\">Die TSG Niederrad pr\u00e4sentierte f\u00fcnf \u00e4rztlich bescheinigte Corona-F\u00e4lle. Foto: Mithat G\u00fcrser.<\/figcaption><\/figure>\n<h4>TSG Niederrad &#8211; FC Croatia<\/h4>\n<p><img loading=\"lazy\" decoding=\"async\" class=\"alignnone size-full wp-image-343\" src=\"http:\/\/insideamateurfussball-ffm.de\/wp-content\/uploads\/2022\/05\/TSG-Niederrad.jpg\" alt=\"\" width=\"68\" height=\"80\" \/><img loading=\"lazy\" decoding=\"async\" class=\"alignnone size-full wp-image-29\" src=\"http:\/\/insideamateurfussball-ffm.de\/wp-content\/uploads\/2021\/11\/croatia.jpg\" alt=\"\" width=\"63\" height=\"80\" \/><\/p>\n<p><span style=\"color: #808080;\">Ausgespielt wird die Begegnung auf dem Kunstrasenplatz an den Sandh\u00f6fer Wiesen, da der vereinseigene Hartplatz an der Hahnstra\u00dfe aufgrund der derzeitigen Regenf\u00e4lle unbespielbar ist. Das abgeschlagene Tabellenschlusslicht hat schon zehn Punkte R\u00fcckstand auf den Vorletzten der Tabelle FC Posavina. Auf den Rangf\u00fcnfzehnten SV Heddernheim sind es schon 15 Punkte R\u00fcckstand. Nachdem die Niederr\u00e4der f\u00fcnf \u00e4rztlich bescheinigte Corona-F\u00e4lle pr\u00e4sentierten, wurde die Begegnung abgesetzt und nun f\u00fcr kommenden Dienstag neu angesetzt. Die Begegnung gegen den auch in den Abstiegskampf verwickelten FC Croatia ist f\u00fcr die Niederr\u00e4der vielleicht die allerletzte Chance, um noch einmal Hoffnungen auf den Klassenerhalt zu wecken.\u00a0<\/span><\/p>\n","protected":false},"excerpt":{"rendered":"<p>Die am vergangenen Sonntag krankheitsbedingt ausgefallene Begegnung der Kreisoberliga Frankfurt zwischen der TSG Niederrad und dem FC Croatia wurde f\u00fcr den kommenden Dienstag, 14. M\u00e4rz um 20 Uhr neu angesetzt. TSG Niederrad &#8211; FC Croatia Ausgespielt wird die Begegnung auf dem Kunstrasenplatz an den Sandh\u00f6fer Wiesen, da der vereinseigene Hartplatz an der Hahnstra\u00dfe aufgrund der [&hellip;]<\/p>\n","protected":false},"author":1,"featured_media":5996,"comment_status":"open","ping_status":"open","sticky":false,"template":"","format":"standard","meta":{"footnotes":""},"categories":[2],"tags":[],"class_list":["post-5995","post","type-post","status-publish","format-standard","has-post-thumbnail","hentry","category-kreisoberliga-frankfurt"],"_links":{"self":[{"href":"https:\/\/insideamateurfussball-ffm.de\/index.php?rest_route=\/wp\/v2\/posts\/5995","targetHints":{"allow":["GET"]}}],"collection":[{"href":"https:\/\/insideamateurfussball-ffm.de\/index.php?rest_route=\/wp\/v2\/posts"}],"about":[{"href":"https:\/\/insideamateurfussball-ffm.de\/index.php?rest_route=\/wp\/v2\/types\/post"}],"author":[{"embeddable":true,"href":"https:\/\/insideamateurfussball-ffm.de\/index.php?rest_route=\/wp\/v2\/users\/1"}],"replies":[{"embeddable":true,"href":"https:\/\/insideamateurfussball-ffm.de\/index.php?rest_route=%2Fwp%2Fv2%2Fcomments&post=5995"}],"version-history":[{"count":4,"href":"https:\/\/insideamateurfussball-ffm.de\/index.php?rest_route=\/wp\/v2\/posts\/5995\/revisions"}],"predecessor-version":[{"id":6003,"href":"https:\/\/insideamateurfussball-ffm.de\/index.php?rest_route=\/wp\/v2\/posts\/5995\/revisions\/6003"}],"wp:featuredmedia":[{"embeddable":true,"href":"https:\/\/insideamateurfussball-ffm.de\/index.php?rest_route=\/wp\/v2\/media\/5996"}],"wp:attachment":[{"href":"https:\/\/insideamateurfussball-ffm.de\/index.php?rest_route=%2Fwp%2Fv2%2Fmedia&parent=5995"}],"wp:term":[{"taxonomy":"category","embeddable":true,"href":"https:\/\/insideamateurfussball-ffm.de\/index.php?rest_route=%2Fwp%2Fv2%2Fcategories&post=5995"},{"taxonomy":"post_tag","embeddable":true,"href":"https:\/\/insideamateurfussball-ffm.de\/index.php?rest_route=%2Fwp%2Fv2%2Ftags&post=5995"}],"curies":[{"name":"wp","href":"https:\/\/api.w.org\/{rel}","templated":true}]}}