{"id":5992,"date":"2023-03-08T22:32:28","date_gmt":"2023-03-08T20:32:28","guid":{"rendered":"http:\/\/insideamateurfussball-ffm.de\/?p=5992"},"modified":"2025-01-17T14:10:44","modified_gmt":"2025-01-17T13:10:44","slug":"westend-setzt-siegesserie-in-hausen-fort","status":"publish","type":"post","link":"https:\/\/insideamateurfussball-ffm.de\/?p=5992","title":{"rendered":"Westend setzt Siegesserie in Hausen fort"},"content":{"rendered":"<h4>Die SG Westend bleibt in der Kreisoberliga Frankfurt mit neuem Personal auf Erfolgskurs. Beim FV Hausen gewannen die M\u00e4nner von Trainer Esad Golos mit 3:2 (1:0) und holten damit den dritten Sieg in Folge. Hausen dagegen fiel nach der dritten Niederlage in Serie auf Rang sieben zur\u00fcck.<\/h4>\n<figure id=\"attachment_5993\" aria-describedby=\"caption-attachment-5993\" style=\"width: 309px\" class=\"wp-caption alignnone\"><img loading=\"lazy\" decoding=\"async\" class=\"wp-image-5993\" src=\"http:\/\/insideamateurfussball-ffm.de\/wp-content\/uploads\/2023\/03\/nid8-300x226.jpg\" alt=\"\" width=\"309\" height=\"233\" srcset=\"https:\/\/insideamateurfussball-ffm.de\/wp-content\/uploads\/2023\/03\/nid8-300x226.jpg 300w, https:\/\/insideamateurfussball-ffm.de\/wp-content\/uploads\/2023\/03\/nid8-768x578.jpg 768w, https:\/\/insideamateurfussball-ffm.de\/wp-content\/uploads\/2023\/03\/nid8.jpg 919w\" sizes=\"auto, (max-width: 309px) 100vw, 309px\" \/><figcaption id=\"caption-attachment-5993\" class=\"wp-caption-text\">Amin Kambuhe (links am Ball) brachte die SG Westend in F\u00fchrung. Foto: Mithat G\u00fcrser.<\/figcaption><\/figure>\n<h4>FV Hausen &#8211; SG Westend 2:3 (0:1)<\/h4>\n<p><img loading=\"lazy\" decoding=\"async\" class=\"alignnone size-full wp-image-28\" src=\"http:\/\/insideamateurfussball-ffm.de\/wp-content\/uploads\/2021\/11\/Hausen.jpg\" alt=\"\" width=\"80\" height=\"60\" \/><img loading=\"lazy\" decoding=\"async\" class=\"alignnone size-full wp-image-611\" src=\"http:\/\/insideamateurfussball-ffm.de\/wp-content\/uploads\/2022\/06\/Westend.png\" alt=\"\" width=\"69\" height=\"80\" \/><\/p>\n<p><span style=\"color: #808080;\">Im Tor bei den G\u00e4sten stand Elvis Nurkovic. Der 40-j\u00e4hrige Montenegriner stand zu Verbandsliga-Zeiten beim mittlerweile nicht mehr am Spielbetrieb teilnehmenden SV FC Sandzak zwischen den Pfosten und hatte lange nicht mehr gespielt. Die Gastgeber begannen das Heimspiel lethargisch und brauchten eine Zeit lang, um sich in der Hintermannschaft einzustimmen. Derzeit gibt es bei den Lila-Wei\u00dfen jede Woche neue Umstellungen, da die Hausener immer mehr Ausf\u00e4lle zu beklagen haben. So verwunderte es nicht, dass die G\u00e4ste durch Amin Kambuhe das erste Tor erzielten (15.) und danach noch einige gute M\u00f6glichkeiten an der M\u00fchlwiese liegen lie\u00df. Erst nach einer halben Stunde hatte sich der Hausener Abwehrverbund sortiert, kassierte aber zu Beginn des zweiten Abschnitts schon das 0:2 durch Kenam Hadzic (53.). <\/span><\/p>\n<p><span style=\"color: #808080;\">&#8222;Ab dann ging es nur noch in eine Richtung und zwar auf das Westend-Tor&#8220;, berichtete FVH-Trainer Federico da Costa Coutinho. Durch ein Eigentor von Eldan Kurpejovic (53.) wurde der Anschluss hergestellt und Karim B\u00f6kenkamp glich eine Viertelstunde vor Schluss zum 2:2 aus (75.). &#8222;Wir waren dann sehr euphorisch, wollten quasi den Schwung mitnehmen und auf Sieg spielen&#8220;, sagte Coutinho. Mit einem Konter nutzten das die cleveren G\u00e4ste aus und trafen durch Kurpejovic zum 3:2 (80.). &#8222;Wir haben uns davon nicht beirren lassen und weiter probiert nach vorne zu spielen, aber bis zur Nachspielzeit keinen<\/span> <span style=\"color: #808080;\">Weg gefunden&#8220;, so Coutinho. Eine verh\u00e4ngnisvolle Szene beendete die Begegnung dann abrupt. Ein langer Ball der G\u00e4ste verleitete FVH-Tormann Murat Kaymakci dazu, seinen Torraum zu verlassen. Er prallte ungl\u00fccklich mit Kurpejovic zusammen und blieb voller Schmerzen auf dem Boden liegen. Ein Krankenwagen wurde gerufen.<\/span><\/p>\n<h4><span style=\"font-size: 14px;\">&#8222;Der Abbruch sorgte f\u00fcr Verwirrung, wurde aber am n\u00e4chsten Morgen wieder in 2:3 korrigiert&#8220; (Hausens Trainer Federico da Costa Coutinho)<\/span><\/h4>\n<p><span style=\"color: #808080;\">&#8222;Es waren noch zwei Minuten in der Nachspielzeit zu spielen. Da mir das Ergebnis aber in dem Moment zweitrangig war, habe ich dem Schiedsrichter zu verstehen gegeben, er solle abpfeifen. Was er dann auch nach R\u00fccksprache mit Westends Golos tat, am sp\u00e4ten Abend aber doch einen Abbruch in die Ergebnisspalte eintrug. Dies sorgte f\u00fcr Verwirrung, wurde aber am n\u00e4chsten Morgen wieder in &#8222;2:3&#8220; korrigiert. &#8222;Wir konnten nicht einsch\u00e4tzen, wann der Krankenwagen, der ja auf das Feld fahren sollte, tats\u00e4chlich kommt&#8220;, erkl\u00e4rte Coutinho, der weitere Hiobsbotschaften zu vermelden hatte. &#8222;Ich h\u00e4tte f\u00fcnfmal verletzungsbedingt wechseln k\u00f6nnen und durfte nur dreimal. Simon Kutt, Marlon Rodriguez Roiz und Julius von Kymmel schieden verletzt aus. Thomas Altvater spielte mit Knieschmerzen humpelnd weiter und schlie\u00dflich verletzte sich noch Keeper Murat Kaymakci. &#8222;Aktuell haben wir die Seuche, was Verletzungen betrifft. Zus\u00e4tzlich kommen Krankheitsf\u00e4lle. Mustafa Ilhan und Mark Scherpf sa\u00dfen krank auf der Bank und haben sich dann so gut es ging zur Verf\u00fcgung gestellt. Antonio Vidovic war mit Fieber gar nicht erst im Kader und Anas Bakkali war auch sehr stark erk\u00e4ltungsbedingt nicht im Kader. Wir m\u00fcssen schauen, dass die restlichen Spieler, die uns noch zur Verf\u00fcgung stehen, gesund bleiben und<\/span> <span style=\"color: #808080;\">nach und nach wieder aus dem Vollen sch\u00f6pfen k\u00f6nnen. Dann bin ich mir sicher, dass wir aus dieser Negativspirale rauskommen. Wir haben ein gro\u00dfes Polster zu den Abstiegsr\u00e4ngen und werden sp\u00e4testens Mitte April voll einsatzf\u00e4hig sein&#8220;, beschrieb der FVH-Coach die Gesamtlage sehr ausf\u00fchrlich. <\/span><\/p>\n<p><span style=\"color: #808080;\">Von Seiten der SG Westend best\u00e4tigte der Sportliche Leiter Thomas Horn: &#8222;Beide Mannschaften einigten sich mit dem Schiedsrichter darauf, dass das Spiel beim aktuellen Spielstand von 3:2 f\u00fcr Westend beendet wird. Der Schiedsrichter hat das Spiel dann abgepfiffen.&#8220;\u00a0 \u00a0<\/span><\/p>\n<h4>Schiedsrichter: Marcus Fleckenstein (SV Wiesbaden). Zuschauer: 80.<\/h4>\n<h4>Tore: 0:1 Amin Kambuhe (15.), 0:2 Kenam Hadzic (52.), 1:2 Eldan Kurpejovic (53.\/Eigentor), 2:2 Karim B\u00f6kenkamp (75.), 2:3 Eldan Kurpejovic (80.).<\/h4>\n","protected":false},"excerpt":{"rendered":"<p>Die SG Westend bleibt in der Kreisoberliga Frankfurt mit neuem Personal auf Erfolgskurs. Beim FV Hausen gewannen die M\u00e4nner von Trainer Esad Golos mit 3:2 (1:0) und holten damit den dritten Sieg in Folge. Hausen dagegen fiel nach der dritten Niederlage in Serie auf Rang sieben zur\u00fcck. FV Hausen &#8211; SG Westend 2:3 (0:1) Im [&hellip;]<\/p>\n","protected":false},"author":1,"featured_media":5993,"comment_status":"open","ping_status":"open","sticky":false,"template":"","format":"standard","meta":{"footnotes":""},"categories":[2],"tags":[],"class_list":["post-5992","post","type-post","status-publish","format-standard","has-post-thumbnail","hentry","category-kreisoberliga-frankfurt"],"_links":{"self":[{"href":"https:\/\/insideamateurfussball-ffm.de\/index.php?rest_route=\/wp\/v2\/posts\/5992","targetHints":{"allow":["GET"]}}],"collection":[{"href":"https:\/\/insideamateurfussball-ffm.de\/index.php?rest_route=\/wp\/v2\/posts"}],"about":[{"href":"https:\/\/insideamateurfussball-ffm.de\/index.php?rest_route=\/wp\/v2\/types\/post"}],"author":[{"embeddable":true,"href":"https:\/\/insideamateurfussball-ffm.de\/index.php?rest_route=\/wp\/v2\/users\/1"}],"replies":[{"embeddable":true,"href":"https:\/\/insideamateurfussball-ffm.de\/index.php?rest_route=%2Fwp%2Fv2%2Fcomments&post=5992"}],"version-history":[{"count":1,"href":"https:\/\/insideamateurfussball-ffm.de\/index.php?rest_route=\/wp\/v2\/posts\/5992\/revisions"}],"predecessor-version":[{"id":5994,"href":"https:\/\/insideamateurfussball-ffm.de\/index.php?rest_route=\/wp\/v2\/posts\/5992\/revisions\/5994"}],"wp:featuredmedia":[{"embeddable":true,"href":"https:\/\/insideamateurfussball-ffm.de\/index.php?rest_route=\/wp\/v2\/media\/5993"}],"wp:attachment":[{"href":"https:\/\/insideamateurfussball-ffm.de\/index.php?rest_route=%2Fwp%2Fv2%2Fmedia&parent=5992"}],"wp:term":[{"taxonomy":"category","embeddable":true,"href":"https:\/\/insideamateurfussball-ffm.de\/index.php?rest_route=%2Fwp%2Fv2%2Fcategories&post=5992"},{"taxonomy":"post_tag","embeddable":true,"href":"https:\/\/insideamateurfussball-ffm.de\/index.php?rest_route=%2Fwp%2Fv2%2Ftags&post=5992"}],"curies":[{"name":"wp","href":"https:\/\/api.w.org\/{rel}","templated":true}]}}