{"id":5979,"date":"2023-03-07T23:33:25","date_gmt":"2023-03-07T21:33:25","guid":{"rendered":"http:\/\/insideamateurfussball-ffm.de\/?p=5979"},"modified":"2025-01-17T14:10:58","modified_gmt":"2025-01-17T13:10:58","slug":"40-bornheim-ii-siegt-bei-preussens-rumpfelf","status":"publish","type":"post","link":"https:\/\/insideamateurfussball-ffm.de\/?p=5979","title":{"rendered":"4:0! Bornheim II siegt bei Preu\u00dfens Rumpfelf"},"content":{"rendered":"<h5><span style=\"font-size: 16px;\">Sollte die FG Seckbach aus der Gruppenliga Frankfurt West absteigen, dann gibt es aus der Kreisoberliga Frankfurt zwei direkte Absteiger in die A-Klasse und der drittletzte m\u00fcsste in die Relegation. Was das mit dem SV Viktoria Preu\u00dfen zu tun hat? Ein Blick auf die Tabelle nach der 0:4-Heimschlappe gegen Aufsteiger SG Bornheim\/Gr\u00fcn-Wei\u00df II liefert die Antwort. Die Mannschaft von Trainer Artur Rissling verf\u00fcgt nur noch \u00fcber ein Polster von zwei Punkten zu Rang 15.\u00a0<\/span><\/h5>\n<figure id=\"attachment_5980\" aria-describedby=\"caption-attachment-5980\" style=\"width: 312px\" class=\"wp-caption alignleft\"><img loading=\"lazy\" decoding=\"async\" class=\"wp-image-5980\" src=\"http:\/\/insideamateurfussball-ffm.de\/wp-content\/uploads\/2023\/03\/SGBII-Kosova_230226-111-300x200.jpg\" alt=\"\" width=\"312\" height=\"208\" srcset=\"https:\/\/insideamateurfussball-ffm.de\/wp-content\/uploads\/2023\/03\/SGBII-Kosova_230226-111-300x200.jpg 300w, https:\/\/insideamateurfussball-ffm.de\/wp-content\/uploads\/2023\/03\/SGBII-Kosova_230226-111-1024x683.jpg 1024w, https:\/\/insideamateurfussball-ffm.de\/wp-content\/uploads\/2023\/03\/SGBII-Kosova_230226-111-768x512.jpg 768w, https:\/\/insideamateurfussball-ffm.de\/wp-content\/uploads\/2023\/03\/SGBII-Kosova_230226-111-1536x1024.jpg 1536w, https:\/\/insideamateurfussball-ffm.de\/wp-content\/uploads\/2023\/03\/SGBII-Kosova_230226-111-2048x1365.jpg 2048w\" sizes=\"auto, (max-width: 312px) 100vw, 312px\" \/><figcaption id=\"caption-attachment-5980\" class=\"wp-caption-text\">Die Bornheimer Reserve, links Awet Endrias im Spiel beim FC Kosova, ist wieder auf Kurs. Foto: Andre Sturmeit.\u00a0<\/figcaption><\/figure>\n<h5><span style=\"font-size: 16px;\">SV Viktoria Preu\u00dfen &#8211; SG Bornheim\/Gr\u00fcn-Wei\u00df II 0:4 (0:1)<\/span><\/h5>\n<p><img loading=\"lazy\" decoding=\"async\" class=\"alignnone size-full wp-image-12\" src=\"http:\/\/insideamateurfussball-ffm.de\/wp-content\/uploads\/2021\/11\/preussen.jpg\" alt=\"\" width=\"72\" height=\"80\" \/><img loading=\"lazy\" decoding=\"async\" class=\"alignnone size-full wp-image-119\" src=\"http:\/\/insideamateurfussball-ffm.de\/wp-content\/uploads\/2022\/05\/Bornheim.jpg\" alt=\"\" width=\"80\" height=\"80\" \/><\/p>\n<p><span style=\"font-size: 16px;\"><span style=\"color: #008000;\">&#8222;Was soll ich sagen? Ganz schnell abhaken. Wir waren elf Leute und hatten keinen auf der Bank. Ersatztorh\u00fcter Cedric Wohlgemuth hat im Feld gespielt. Wir hatten kurzfristige Ausf\u00e4lle und jetzt haben wir auch noch zwei langfristige Ausf\u00e4lle. Von der A-Jugendd konnte uns keiner helfen&#8220;, war Preu\u00dfen-Trainer Artur Rissling restlos bedient. <\/span><\/span><\/p>\n<p><span style=\"font-size: 16px;\"><span style=\"color: #008000;\">In der noch ausgeglichenen ersten H\u00e4lfte brachte Christopher Porzig die G\u00e4ste mit einem Kopfballtor nach einer Ecke in F\u00fchrung (27.). Nach dem Seitenwechsel vergab Giuliano Amante eine Riesenchance zum Ausgleich. Frei vor Torh\u00fcter Alexander Rosengarten brachte der Mittelfeldspieler den Ball im Tor nicht unter.<\/span><\/span><\/p>\n<blockquote>\n<h5><span style=\"font-size: 16px;\">&#8222;Die Mission war leider schon vor dem Anpfiff zum scheitern verurteilt&#8220; (Preu\u00dfen-Trainer Artur Rissling)<\/span><\/h5>\n<\/blockquote>\n<p><span style=\"font-size: 16px;\"><span style=\"color: #008000;\">Mit dem zweiten Bornheimer Treffer durch Ibrahim Camara (71.) war das Spiel entschieden. Leonardo Kovacevic (74.) und Torj\u00e4ger Ali Hakemi (81.) legten noch nach. &#8222;Ich konnte nicht nachlegen, nicht wechseln plus noch einen Torwart im Feld, der das noch gut gemacht hat. Da war wenig drin gegen eine junge und hungrige Bornheimer Mannschaft. Die Mission war leider schon vor dem Anpfiff zum scheitern verurteilt. Ich hoffe, dass sich die Lage entspannt, weil so haben wir in der Klasse nichts verloren&#8220;, polterte Rissling. <\/span><\/span><\/p>\n<p><span style=\"font-size: 16px;\"><span style=\"color: #008000;\">Sein Kollege Lucas Milbredt freute sich \u00fcber den ersten Sieg seit dem 13. November 2022 (3:2 gegen Croatia). Seitdem hatte sein Team in f\u00fcnf Spielen nur zwei Punkte geholt. &#8222;Wir sind super gl\u00fccklich wieder gewonnen zu haben. Der Sieg war nicht so deutlich und fiel etwas zu hoch aus. Der Gegner war ohne Wechselspieler nach 70 Minuten platt. Jetzt wollen wir n\u00e4chsten Sonntag den souver\u00e4nen Tabellenf\u00fchrer FC Tempo \u00e4rgern&#8220;, sagte Milbredt.\u00a0<\/span><\/span><\/p>\n<h5><span style=\"font-size: 16px;\"><span style=\"color: #008000;\">Schiedsrichter: Holger Freese (Sch\u00f6neck). Zuschauer: 40. <\/span><\/span><\/h5>\n<h5><span style=\"font-size: 16px;\"><span style=\"color: #008000;\">Tore: 0:1 Christopher Porzig (27.), 0:2 Ibrahim Camara (72.), 0:3 Leonardo Kovacevic (75.), 0:4 Ali Hakemi (89.).\u00a0\u00a0<\/span><\/span><\/h5>\n","protected":false},"excerpt":{"rendered":"<p>Sollte die FG Seckbach aus der Gruppenliga Frankfurt West absteigen, dann gibt es aus der Kreisoberliga Frankfurt zwei direkte Absteiger in die A-Klasse und der drittletzte m\u00fcsste in die Relegation. Was das mit dem SV Viktoria Preu\u00dfen zu tun hat? Ein Blick auf die Tabelle nach der 0:4-Heimschlappe gegen Aufsteiger SG Bornheim\/Gr\u00fcn-Wei\u00df II liefert die [&hellip;]<\/p>\n","protected":false},"author":1,"featured_media":5980,"comment_status":"open","ping_status":"open","sticky":false,"template":"","format":"standard","meta":{"footnotes":""},"categories":[2],"tags":[],"class_list":["post-5979","post","type-post","status-publish","format-standard","has-post-thumbnail","hentry","category-kreisoberliga-frankfurt"],"_links":{"self":[{"href":"https:\/\/insideamateurfussball-ffm.de\/index.php?rest_route=\/wp\/v2\/posts\/5979","targetHints":{"allow":["GET"]}}],"collection":[{"href":"https:\/\/insideamateurfussball-ffm.de\/index.php?rest_route=\/wp\/v2\/posts"}],"about":[{"href":"https:\/\/insideamateurfussball-ffm.de\/index.php?rest_route=\/wp\/v2\/types\/post"}],"author":[{"embeddable":true,"href":"https:\/\/insideamateurfussball-ffm.de\/index.php?rest_route=\/wp\/v2\/users\/1"}],"replies":[{"embeddable":true,"href":"https:\/\/insideamateurfussball-ffm.de\/index.php?rest_route=%2Fwp%2Fv2%2Fcomments&post=5979"}],"version-history":[{"count":1,"href":"https:\/\/insideamateurfussball-ffm.de\/index.php?rest_route=\/wp\/v2\/posts\/5979\/revisions"}],"predecessor-version":[{"id":5981,"href":"https:\/\/insideamateurfussball-ffm.de\/index.php?rest_route=\/wp\/v2\/posts\/5979\/revisions\/5981"}],"wp:featuredmedia":[{"embeddable":true,"href":"https:\/\/insideamateurfussball-ffm.de\/index.php?rest_route=\/wp\/v2\/media\/5980"}],"wp:attachment":[{"href":"https:\/\/insideamateurfussball-ffm.de\/index.php?rest_route=%2Fwp%2Fv2%2Fmedia&parent=5979"}],"wp:term":[{"taxonomy":"category","embeddable":true,"href":"https:\/\/insideamateurfussball-ffm.de\/index.php?rest_route=%2Fwp%2Fv2%2Fcategories&post=5979"},{"taxonomy":"post_tag","embeddable":true,"href":"https:\/\/insideamateurfussball-ffm.de\/index.php?rest_route=%2Fwp%2Fv2%2Ftags&post=5979"}],"curies":[{"name":"wp","href":"https:\/\/api.w.org\/{rel}","templated":true}]}}