{"id":5948,"date":"2023-03-07T18:50:16","date_gmt":"2023-03-07T16:50:16","guid":{"rendered":"http:\/\/insideamateurfussball-ffm.de\/?p=5948"},"modified":"2025-01-17T14:11:28","modified_gmt":"2025-01-17T13:11:28","slug":"oberrad-tut-das-31-gut","status":"publish","type":"post","link":"https:\/\/insideamateurfussball-ffm.de\/?p=5948","title":{"rendered":"Oberrad tut das 3:1 gut"},"content":{"rendered":"<h5><span style=\"font-size: 16px;\">Im ersten Punktspiel des neuen Jahres gewann die Spvgg. 05 Oberrad in der Gruppenliga Frankfurt West mit 3:1 (2:0) gegen Aufsteiger SG Ober-Erlenbach. Die eine Woche zuvor ausgefallene Begegnung beim SKV Beienheim wurde f\u00fcr Donnerstag, 30.M\u00e4rz (20 Uhr) neu angesetzt.\u00a0<\/span><\/h5>\n<figure id=\"attachment_5949\" aria-describedby=\"caption-attachment-5949\" style=\"width: 312px\" class=\"wp-caption alignleft\"><img loading=\"lazy\" decoding=\"async\" class=\"wp-image-5949\" src=\"http:\/\/insideamateurfussball-ffm.de\/wp-content\/uploads\/2023\/03\/oberr2-2-300x211.jpg\" alt=\"\" width=\"312\" height=\"219\" srcset=\"https:\/\/insideamateurfussball-ffm.de\/wp-content\/uploads\/2023\/03\/oberr2-2-300x211.jpg 300w, https:\/\/insideamateurfussball-ffm.de\/wp-content\/uploads\/2023\/03\/oberr2-2-768x539.jpg 768w, https:\/\/insideamateurfussball-ffm.de\/wp-content\/uploads\/2023\/03\/oberr2-2.jpg 986w\" sizes=\"auto, (max-width: 312px) 100vw, 312px\" \/><figcaption id=\"caption-attachment-5949\" class=\"wp-caption-text\">Die Spvgg. Oberrad bestritt endlich ihr erstes Punktspiel des Jahres. Foto: Mithat G\u00fcrser.\u00a0\u00a0<\/figcaption><\/figure>\n<h5><span style=\"font-size: 16px;\">Spvgg. 05 Oberrad &#8211; SG Ober-Erlenbach 3:1 (2:0)<\/span><\/h5>\n<p><img loading=\"lazy\" decoding=\"async\" class=\"alignnone size-full wp-image-137\" src=\"http:\/\/insideamateurfussball-ffm.de\/wp-content\/uploads\/2022\/05\/Oberrad05.jpg\" alt=\"\" width=\"79\" height=\"80\" \/><img loading=\"lazy\" decoding=\"async\" class=\"alignnone size-full wp-image-2186\" src=\"http:\/\/insideamateurfussball-ffm.de\/wp-content\/uploads\/2022\/08\/Ober-erl.jpg\" alt=\"\" width=\"76\" height=\"80\" \/><\/p>\n<p><span style=\"font-size: 16px;\"><span style=\"color: #008000;\">Zuvor wurde als Kooperationspartner von Eintracht Frankfurt im Jugendbereich der &#8222;Adlertag&#8220; an der Beckerwiese veranstaltet. Deswegen begann die Partie der Seniorenmannschaft erst um 15.45 Uhr. Nach einem Foul an Todi Vasilev verwandelte Ersan Rovcanin einen Foulelfmeter zum 1:0 (9.), <\/span><\/span><span style=\"font-size: 16px;\"><span style=\"color: #008000;\">Vasilev legte kurz darauf nach (10.).<\/span><\/span><\/p>\n<blockquote>\n<h5><span style=\"font-size: 16px;\">&#8222;Der Sieg tut uns gut&#8220; (Oberrads Trainer Josip Coric)<\/span><\/h5>\n<\/blockquote>\n<p><span style=\"font-size: 16px;\"><span style=\"color: #008000;\">Die G\u00e4ste verk\u00fcrzten durch Thomas Pottmeyer (76.), ehe Yousef Mohseni Habibabadi (89.) f\u00fcr die Entscheidung sorgte. &#8222;Der Sieg tut uns gut&#8220;, sagte Oberrads Trainer Josip Coric, der die Verletzung von Orkan Bati beklagte: &#8222;Er hat sich wohl die Adduktoren gerissen.&#8220; Die Oberr\u00e4der stehen nun mit 31 Punkten auf Rang acht und fahren am n\u00e4chsten Sonntag zur Usinger TSG.\u00a0<\/span><\/span><\/p>\n<h5><span style=\"font-size: 16px;\">Schiedsrichter: Emil Schwarz (SG Bruchk\u00f6bel). Zuschauer: 70. <\/span><\/h5>\n<h5><span style=\"font-size: 16px;\">Tore: 1:0 Ersan Rovcanin (9.\/Foulelfmeter), 2:0 Todi Vasilev (10.), 2:1 Thomas Pottmeyer (76.), 3:1 Yousef Mohseni Habibabadi (89.).\u00a0<\/span><\/h5>\n","protected":false},"excerpt":{"rendered":"<p>Im ersten Punktspiel des neuen Jahres gewann die Spvgg. 05 Oberrad in der Gruppenliga Frankfurt West mit 3:1 (2:0) gegen Aufsteiger SG Ober-Erlenbach. Die eine Woche zuvor ausgefallene Begegnung beim SKV Beienheim wurde f\u00fcr Donnerstag, 30.M\u00e4rz (20 Uhr) neu angesetzt.\u00a0 Spvgg. 05 Oberrad &#8211; SG Ober-Erlenbach 3:1 (2:0) Zuvor wurde als Kooperationspartner von Eintracht Frankfurt [&hellip;]<\/p>\n","protected":false},"author":1,"featured_media":5949,"comment_status":"open","ping_status":"open","sticky":false,"template":"","format":"standard","meta":{"footnotes":""},"categories":[13],"tags":[],"class_list":["post-5948","post","type-post","status-publish","format-standard","has-post-thumbnail","hentry","category-gruppenliga-frankfurt-west"],"_links":{"self":[{"href":"https:\/\/insideamateurfussball-ffm.de\/index.php?rest_route=\/wp\/v2\/posts\/5948","targetHints":{"allow":["GET"]}}],"collection":[{"href":"https:\/\/insideamateurfussball-ffm.de\/index.php?rest_route=\/wp\/v2\/posts"}],"about":[{"href":"https:\/\/insideamateurfussball-ffm.de\/index.php?rest_route=\/wp\/v2\/types\/post"}],"author":[{"embeddable":true,"href":"https:\/\/insideamateurfussball-ffm.de\/index.php?rest_route=\/wp\/v2\/users\/1"}],"replies":[{"embeddable":true,"href":"https:\/\/insideamateurfussball-ffm.de\/index.php?rest_route=%2Fwp%2Fv2%2Fcomments&post=5948"}],"version-history":[{"count":1,"href":"https:\/\/insideamateurfussball-ffm.de\/index.php?rest_route=\/wp\/v2\/posts\/5948\/revisions"}],"predecessor-version":[{"id":5950,"href":"https:\/\/insideamateurfussball-ffm.de\/index.php?rest_route=\/wp\/v2\/posts\/5948\/revisions\/5950"}],"wp:featuredmedia":[{"embeddable":true,"href":"https:\/\/insideamateurfussball-ffm.de\/index.php?rest_route=\/wp\/v2\/media\/5949"}],"wp:attachment":[{"href":"https:\/\/insideamateurfussball-ffm.de\/index.php?rest_route=%2Fwp%2Fv2%2Fmedia&parent=5948"}],"wp:term":[{"taxonomy":"category","embeddable":true,"href":"https:\/\/insideamateurfussball-ffm.de\/index.php?rest_route=%2Fwp%2Fv2%2Fcategories&post=5948"},{"taxonomy":"post_tag","embeddable":true,"href":"https:\/\/insideamateurfussball-ffm.de\/index.php?rest_route=%2Fwp%2Fv2%2Ftags&post=5948"}],"curies":[{"name":"wp","href":"https:\/\/api.w.org\/{rel}","templated":true}]}}