{"id":5945,"date":"2023-03-07T18:31:08","date_gmt":"2023-03-07T16:31:08","guid":{"rendered":"http:\/\/insideamateurfussball-ffm.de\/?p=5945"},"modified":"2025-01-17T14:11:34","modified_gmt":"2025-01-17T13:11:34","slug":"kalbach-bleibt-am-spitzenduo-dran","status":"publish","type":"post","link":"https:\/\/insideamateurfussball-ffm.de\/?p=5945","title":{"rendered":"Kalbach bleibt am Spitzenduo dran"},"content":{"rendered":"<h5><span style=\"font-size: 16px;\">Aufsteiger FC Kalbach gewann sein Ausw\u00e4rtsspiel in der Gruppenliga Frankfurt West bei Schlusslicht TSG Ober-W\u00f6llstadt mit 6:2 (2:1) und bleibt als Tabellendritter dem Spitzenduo Sportfreunde Friedrichsdorf und FC Neu-Anspach auf den Fersen. Der R\u00fcckstand zu den beiden Konkurrenten betr\u00e4gt lediglich zwei Punkte.\u00a0<\/span><\/h5>\n<figure id=\"attachment_5946\" aria-describedby=\"caption-attachment-5946\" style=\"width: 312px\" class=\"wp-caption alignleft\"><img loading=\"lazy\" decoding=\"async\" class=\"wp-image-5946\" src=\"http:\/\/insideamateurfussball-ffm.de\/wp-content\/uploads\/2023\/03\/FCK-SGB_230205-53-300x200.jpg\" alt=\"\" width=\"312\" height=\"208\" srcset=\"https:\/\/insideamateurfussball-ffm.de\/wp-content\/uploads\/2023\/03\/FCK-SGB_230205-53-300x200.jpg 300w, https:\/\/insideamateurfussball-ffm.de\/wp-content\/uploads\/2023\/03\/FCK-SGB_230205-53-1024x683.jpg 1024w, https:\/\/insideamateurfussball-ffm.de\/wp-content\/uploads\/2023\/03\/FCK-SGB_230205-53-768x512.jpg 768w, https:\/\/insideamateurfussball-ffm.de\/wp-content\/uploads\/2023\/03\/FCK-SGB_230205-53-1536x1024.jpg 1536w, https:\/\/insideamateurfussball-ffm.de\/wp-content\/uploads\/2023\/03\/FCK-SGB_230205-53-2048x1365.jpg 2048w\" sizes=\"auto, (max-width: 312px) 100vw, 312px\" \/><figcaption id=\"caption-attachment-5946\" class=\"wp-caption-text\">Kalbachs Alexander Azimpour (Nummer 5) feierte in Unterzahl einen Ausw\u00e4rtssieg in Ober-W\u00f6llstadt. Archivfoto: Andre Sturmeit.\u00a0\u00a0<\/figcaption><\/figure>\n<h5><span style=\"font-size: 16px;\">TSG Ober-W\u00f6llstadt &#8211; FC Kalbach 2:6 (1:2)<\/span><\/h5>\n<h5><span style=\"font-size: 16px;\"><img loading=\"lazy\" decoding=\"async\" class=\"alignnone size-full wp-image-1216\" src=\"http:\/\/insideamateurfussball-ffm.de\/wp-content\/uploads\/2022\/07\/TSG-OW.jpg\" alt=\"\" width=\"70\" height=\"80\" \/> <img loading=\"lazy\" decoding=\"async\" class=\"alignnone size-full wp-image-16\" src=\"http:\/\/insideamateurfussball-ffm.de\/wp-content\/uploads\/2021\/11\/kalbach-wappen.jpg\" alt=\"\" width=\"80\" height=\"80\" \/><\/span><\/h5>\n<p><span style=\"font-size: 16px;\"><span style=\"color: #008000;\">Wegen einer Notbremse flog der Kalbacher Samuel Adu fr\u00fch mit der Roten Karte vom Platz (9.). Den f\u00e4lligen Freisto\u00df versenkte Ober-W\u00f6llstadts Lars Menzel zur F\u00fchrung f\u00fcr das Schlusslicht (10.). Der Kalbacher Neuzugang Amin Asli erwies sich dann als sicherer Elfmetersch\u00fctze, denn zweimal war er vom Strafsto\u00dfpunkt erfolgreich (14.\/20.).<\/span><\/span><\/p>\n<blockquote>\n<h5><span style=\"font-size: 16px;\">&#8222;Wir haben sehr zielf\u00fchrend gespielt&#8220; (Kalbachs Sportlicher Leiter Manfred Meyer)<\/span><\/h5>\n<\/blockquote>\n<p><span style=\"font-size: 16px;\"><span style=\"color: #008000;\">In Unterzahl kontrollierte Kalbach weiter das Geschehen und zog im zweiten Abschnitt durch Tore von Aleksej Radulaski (55.) und Moritz Uppenkamp (57.) auf 4:1 davon. Menzel verwandelte erneut einen Freisto\u00df f\u00fcr die Wetterauer zum 2:4 (59.). Kalab Ghebremariam (83.) und Radulaski (85.) erzielten die weiteren Kalbacher Treffer. &#8222;Die Leistung ist der Mannschaft mit zehn Mann hoch anzurechnen. Wir haben sehr zielf\u00fchrend gespielt&#8220;, konstatierte der Sportliche Leiter Manfred Meyer.<\/span><\/span><\/p>\n<h5><span style=\"font-size: 16px;\">Schiedsrichter: Frederik Angermaier (SV Oberselters). Zuschauer: 60. <\/span><\/h5>\n<h5><span style=\"font-size: 16px;\">Tore: 1:0 Lars Menzel (10.), 1:1, 1:2 Amin Asli (14.\/20., beide Foulelfmeter), 1:3 Aleksej Radulaski (55.), 1:4 Moritz Uppenkamp (57.), 2:4 Lars Menzel (59.), 2:5 Kalab Ghebremariam (83.), 2:6 Aleksej Radulaski (85.).\u00a0<\/span><\/h5>\n","protected":false},"excerpt":{"rendered":"<p>Aufsteiger FC Kalbach gewann sein Ausw\u00e4rtsspiel in der Gruppenliga Frankfurt West bei Schlusslicht TSG Ober-W\u00f6llstadt mit 6:2 (2:1) und bleibt als Tabellendritter dem Spitzenduo Sportfreunde Friedrichsdorf und FC Neu-Anspach auf den Fersen. Der R\u00fcckstand zu den beiden Konkurrenten betr\u00e4gt lediglich zwei Punkte.\u00a0 TSG Ober-W\u00f6llstadt &#8211; FC Kalbach 2:6 (1:2) Wegen einer Notbremse flog der Kalbacher [&hellip;]<\/p>\n","protected":false},"author":1,"featured_media":5946,"comment_status":"open","ping_status":"open","sticky":false,"template":"","format":"standard","meta":{"footnotes":""},"categories":[13],"tags":[],"class_list":["post-5945","post","type-post","status-publish","format-standard","has-post-thumbnail","hentry","category-gruppenliga-frankfurt-west"],"_links":{"self":[{"href":"https:\/\/insideamateurfussball-ffm.de\/index.php?rest_route=\/wp\/v2\/posts\/5945","targetHints":{"allow":["GET"]}}],"collection":[{"href":"https:\/\/insideamateurfussball-ffm.de\/index.php?rest_route=\/wp\/v2\/posts"}],"about":[{"href":"https:\/\/insideamateurfussball-ffm.de\/index.php?rest_route=\/wp\/v2\/types\/post"}],"author":[{"embeddable":true,"href":"https:\/\/insideamateurfussball-ffm.de\/index.php?rest_route=\/wp\/v2\/users\/1"}],"replies":[{"embeddable":true,"href":"https:\/\/insideamateurfussball-ffm.de\/index.php?rest_route=%2Fwp%2Fv2%2Fcomments&post=5945"}],"version-history":[{"count":1,"href":"https:\/\/insideamateurfussball-ffm.de\/index.php?rest_route=\/wp\/v2\/posts\/5945\/revisions"}],"predecessor-version":[{"id":5947,"href":"https:\/\/insideamateurfussball-ffm.de\/index.php?rest_route=\/wp\/v2\/posts\/5945\/revisions\/5947"}],"wp:featuredmedia":[{"embeddable":true,"href":"https:\/\/insideamateurfussball-ffm.de\/index.php?rest_route=\/wp\/v2\/media\/5946"}],"wp:attachment":[{"href":"https:\/\/insideamateurfussball-ffm.de\/index.php?rest_route=%2Fwp%2Fv2%2Fmedia&parent=5945"}],"wp:term":[{"taxonomy":"category","embeddable":true,"href":"https:\/\/insideamateurfussball-ffm.de\/index.php?rest_route=%2Fwp%2Fv2%2Fcategories&post=5945"},{"taxonomy":"post_tag","embeddable":true,"href":"https:\/\/insideamateurfussball-ffm.de\/index.php?rest_route=%2Fwp%2Fv2%2Ftags&post=5945"}],"curies":[{"name":"wp","href":"https:\/\/api.w.org\/{rel}","templated":true}]}}