{"id":586,"date":"2022-06-06T18:48:17","date_gmt":"2022-06-06T18:48:17","guid":{"rendered":"http:\/\/insideamateurfussball-ffm.de\/?p=586"},"modified":"2025-01-03T18:20:58","modified_gmt":"2025-01-03T17:20:58","slug":"sg-hoechst-verliert-wichtiges-duell","status":"publish","type":"post","link":"https:\/\/insideamateurfussball-ffm.de\/?p=586","title":{"rendered":"SG Hoechst verliert wichtiges Duell"},"content":{"rendered":"<h5>SG Hoechst &#8211; TuRa Niederh\u00f6chstadt 0:1 (0:0)\u00a0<\/h5>\n<p><img loading=\"lazy\" decoding=\"async\" class=\"alignnone size-full wp-image-588\" src=\"http:\/\/insideamateurfussball-ffm.de\/wp-content\/uploads\/2022\/06\/Hoechst.jpg\" alt=\"\" width=\"77\" height=\"80\" \/><img loading=\"lazy\" decoding=\"async\" class=\"alignnone size-full wp-image-589\" src=\"http:\/\/insideamateurfussball-ffm.de\/wp-content\/uploads\/2022\/06\/TuRa.jpg\" alt=\"\" width=\"80\" height=\"80\" \/><\/p>\n<figure id=\"attachment_587\" aria-describedby=\"caption-attachment-587\" style=\"width: 300px\" class=\"wp-caption alignnone\"><img loading=\"lazy\" decoding=\"async\" class=\"wp-image-587 size-medium\" src=\"http:\/\/insideamateurfussball-ffm.de\/wp-content\/uploads\/2022\/06\/niederh5-300x223.jpg\" alt=\"\" width=\"300\" height=\"223\" \/><figcaption id=\"caption-attachment-587\" class=\"wp-caption-text\">Erst in der Nachspielzeit erzielten die G\u00e4ste aus Niederh\u00f6chstadt den Siegtreffer. Foto: Mithat G\u00fcrser.<\/figcaption><\/figure>\n<p>Dramatischer Ausgang im Abstiegskracher der Gruppenliga Wiesbaden! Im H\u00f6chster Stadtpark empfing die SG Hoechst mit drei Punkten Vorsprung die TuRa Niederh\u00f6chstadt. Mit einem Sieg w\u00e4ren die Gastgeber gerettet gewesen und die G\u00e4ste aus dem Eschborner Stadtteil in die Kreisoberliga Main-Taunus abgestiegen gewesen. Doch es kam anders. Zun\u00e4chst spielten die Hausherren ab der 37. Minute wegen einer Roten Karte gegen Stefan Enders in Unterzahl, dann bekam auch die TuRa in der 61. Minute einen Platzverweis.<\/p>\n<p>Torh\u00fcter Taiga Ozawa lie\u00df eine Flanke fallen und brachte Ex-Profi Michael Thurk zu Fall. Daraufhin sah der Japaner &#8222;Rot&#8220;. Ersatzmann Can Celik parierte den geschossenen Elfmeter. Bis weit in die Nachspielzeit hinein hatte das 0:0 Bestand, dann traf das Team von G\u00e4stecoach Bayram Mechmet in der sechsten Minute der Nachspielzeit durch Fabian Fries zum Siegtreffer, der die Konstellation vor dem letzten Spieltag ver\u00e4ndert.<\/p>\n<p>Niederh\u00f6chstadt kann mit einem Heimsieg gegen den Tabellenzweiten TuS Hornau den Klassenerhalt aus eigener Kraft schaffen. Hoechst reist im Kreisderby zur SG Nassau Diedenbergen, die selbst mit zwei Punkten mehr noch Punkte braucht. Ob es \u00fcberhaupt einen sechsten Absteiger aus der Gruppenliga Wiesbaden gibt, h\u00e4ngt aber davon ab, ob der FC Waldbrunn aus dem Kreis Limburg-Weilburg in der Verbandsliga Mitte den Klassenerhalt schafft.<\/p>\n<p>Denn der Club w\u00fcrde in die GL Wiesbaden absteigen und dann m\u00fcsste ein Club mehr nach unten weichen. Allerdings hat Waldbrunn am Mittwoch noch ein Nachholspiel in Eltville zu bestreiten und somit noch zwei Partien zu absolvieren.\u00a0<\/p>\n<p>\u00a0<\/p>\n\n\n<figure class=\"wp-block-gallery has-nested-images columns-default is-cropped wp-block-gallery-1 is-layout-flex wp-block-gallery-is-layout-flex\">\n<figure class=\"wp-block-image size-large is-style-default\"><img decoding=\"async\" data-id=\"590\" src=\"http:\/\/insideamateurfussball-ffm.de\/wp-content\/uploads\/2022\/06\/niederh10.jpg\" alt=\"\" class=\"wp-image-590\"\/><figcaption>Fotos: Mithat G\u00fcrser.<\/figcaption><\/figure>\n<\/figure>\n\n\n\n<div class=\"wp-block-columns is-layout-flex wp-container-core-columns-is-layout-28f84493 wp-block-columns-is-layout-flex\">\n<div class=\"wp-block-column is-layout-flow wp-block-column-is-layout-flow\">\n<figure class=\"wp-block-image size-full is-style-default\"><img decoding=\"async\" src=\"http:\/\/insideamateurfussball-ffm.de\/wp-content\/uploads\/2022\/06\/niederh16.jpg\" alt=\"\" class=\"wp-image-591\"\/><\/figure>\n<\/div>\n\n\n\n<div class=\"wp-block-column is-layout-flow wp-block-column-is-layout-flow\">\n<figure class=\"wp-block-image size-full is-style-default\"><img decoding=\"async\" src=\"http:\/\/insideamateurfussball-ffm.de\/wp-content\/uploads\/2022\/06\/niederh1.jpg\" alt=\"\" class=\"wp-image-592\"\/><\/figure>\n<\/div>\n\n\n\n<div class=\"wp-block-column is-layout-flow wp-block-column-is-layout-flow\">\n<figure class=\"wp-block-image size-full is-style-default\"><img decoding=\"async\" src=\"http:\/\/insideamateurfussball-ffm.de\/wp-content\/uploads\/2022\/06\/niederh6.jpg\" alt=\"\" class=\"wp-image-593\"\/><\/figure>\n<\/div>\n<\/div>\n\n\n\n<figure class=\"wp-block-image size-full is-style-default\"><img decoding=\"async\" src=\"http:\/\/insideamateurfussball-ffm.de\/wp-content\/uploads\/2022\/06\/niederh11.jpg\" alt=\"\" class=\"wp-image-594\"\/><\/figure>\n","protected":false},"excerpt":{"rendered":"<p>SG Hoechst &#8211; TuRa Niederh\u00f6chstadt 0:1 (0:0)\u00a0 Dramatischer Ausgang im Abstiegskracher der Gruppenliga Wiesbaden! Im H\u00f6chster Stadtpark empfing die SG Hoechst mit drei Punkten Vorsprung die TuRa Niederh\u00f6chstadt. Mit einem Sieg w\u00e4ren die Gastgeber gerettet gewesen und die G\u00e4ste aus dem Eschborner Stadtteil in die Kreisoberliga Main-Taunus abgestiegen gewesen. Doch es kam anders. Zun\u00e4chst spielten [&hellip;]<\/p>\n","protected":false},"author":1,"featured_media":0,"comment_status":"closed","ping_status":"open","sticky":false,"template":"","format":"standard","meta":{"footnotes":""},"categories":[16],"tags":[],"class_list":["post-586","post","type-post","status-publish","format-standard","hentry","category-gruppenliga-wiesbaden"],"_links":{"self":[{"href":"https:\/\/insideamateurfussball-ffm.de\/index.php?rest_route=\/wp\/v2\/posts\/586","targetHints":{"allow":["GET"]}}],"collection":[{"href":"https:\/\/insideamateurfussball-ffm.de\/index.php?rest_route=\/wp\/v2\/posts"}],"about":[{"href":"https:\/\/insideamateurfussball-ffm.de\/index.php?rest_route=\/wp\/v2\/types\/post"}],"author":[{"embeddable":true,"href":"https:\/\/insideamateurfussball-ffm.de\/index.php?rest_route=\/wp\/v2\/users\/1"}],"replies":[{"embeddable":true,"href":"https:\/\/insideamateurfussball-ffm.de\/index.php?rest_route=%2Fwp%2Fv2%2Fcomments&post=586"}],"version-history":[{"count":3,"href":"https:\/\/insideamateurfussball-ffm.de\/index.php?rest_route=\/wp\/v2\/posts\/586\/revisions"}],"predecessor-version":[{"id":645,"href":"https:\/\/insideamateurfussball-ffm.de\/index.php?rest_route=\/wp\/v2\/posts\/586\/revisions\/645"}],"wp:attachment":[{"href":"https:\/\/insideamateurfussball-ffm.de\/index.php?rest_route=%2Fwp%2Fv2%2Fmedia&parent=586"}],"wp:term":[{"taxonomy":"category","embeddable":true,"href":"https:\/\/insideamateurfussball-ffm.de\/index.php?rest_route=%2Fwp%2Fv2%2Fcategories&post=586"},{"taxonomy":"post_tag","embeddable":true,"href":"https:\/\/insideamateurfussball-ffm.de\/index.php?rest_route=%2Fwp%2Fv2%2Ftags&post=586"}],"curies":[{"name":"wp","href":"https:\/\/api.w.org\/{rel}","templated":true}]}}