{"id":576,"date":"2022-06-05T10:04:32","date_gmt":"2022-06-05T10:04:32","guid":{"rendered":"http:\/\/insideamateurfussball-ffm.de\/?p=576"},"modified":"2025-01-03T18:10:48","modified_gmt":"2025-01-03T17:10:48","slug":"bosnier-geben-fuehrung-in-muenster-aus-der-hand","status":"publish","type":"post","link":"https:\/\/insideamateurfussball-ffm.de\/?p=576","title":{"rendered":"Bosnier geben F\u00fchrung in M\u00fcnster aus der Hand"},"content":{"rendered":"<h5>SV M\u00fcnster &#8211; SV BKC Bosnien 2:1 (0:1)<\/h5>\n<p><img loading=\"lazy\" decoding=\"async\" class=\"alignnone size-full wp-image-577\" src=\"http:\/\/insideamateurfussball-ffm.de\/wp-content\/uploads\/2022\/06\/Muenster.jpg\" alt=\"\" width=\"72\" height=\"80\" \/><img loading=\"lazy\" decoding=\"async\" class=\"alignnone size-full wp-image-139\" src=\"http:\/\/insideamateurfussball-ffm.de\/wp-content\/uploads\/2022\/05\/Bosnien.jpg\" alt=\"\" width=\"79\" height=\"80\" \/><\/p>\n<figure id=\"attachment_578\" aria-describedby=\"caption-attachment-578\" style=\"width: 300px\" class=\"wp-caption alignnone\"><img loading=\"lazy\" decoding=\"async\" class=\"wp-image-578 size-medium\" src=\"http:\/\/insideamateurfussball-ffm.de\/wp-content\/uploads\/2022\/06\/Vucenovic-300x221.jpg\" alt=\"\" width=\"300\" height=\"221\" \/><figcaption id=\"caption-attachment-578\" class=\"wp-caption-text\">Bosniens Trainer Miodrag Vucenovic. Foto: Mithat G\u00fcrser.<\/figcaption><\/figure>\n<p>Obwohl M\u00fcnster laut BKC-Pressesprecher Admir Malohodzic &#8222;im ersten Abschnitt besser war&#8220;, gingen die als Absteiger feststehenden Bosnier fr\u00fch durch Adis Hacecic in F\u00fchrung (5.). Im zweiten Abschnitt hatten jedoch die Frankfurter mehr Spielanteile und Torm\u00f6glichkeiten, standen aber nach dem Schlusspfiff auf dem Rasenplatz am &#8222;M\u00e4usberg&#8220; mit leeren H\u00e4nden da. Marco Defigus hatte nach dem Seitenwechsel ausgeglichen (47.) und M\u00fcnsters Torj\u00e4ger Adrian Postall die Begegnung in der 85. Minute mit seinem 18. Saisontor entschieden. Matej Rugle und Hamza Reko waren davor und danach am gut reagierenden SVM-Torh\u00fcter Marcel Petrinec gescheitert.<\/p>\n<h5>Schiedrichter: Simon He\u00df (Heppenheim). Zuschauer: 150.<\/h5>\n<h5>Tore: 0:1 Adis Hacecic (5.), 1:1 Marco Defigus (47.), 2:1 Adrian Postall (85.).<\/h5>\n","protected":false},"excerpt":{"rendered":"<p>SV M\u00fcnster &#8211; SV BKC Bosnien 2:1 (0:1) Obwohl M\u00fcnster laut BKC-Pressesprecher Admir Malohodzic &#8222;im ersten Abschnitt besser war&#8220;, gingen die als Absteiger feststehenden Bosnier fr\u00fch durch Adis Hacecic in F\u00fchrung (5.). Im zweiten Abschnitt hatten jedoch die Frankfurter mehr Spielanteile und Torm\u00f6glichkeiten, standen aber nach dem Schlusspfiff auf dem Rasenplatz am &#8222;M\u00e4usberg&#8220; mit leeren [&hellip;]<\/p>\n","protected":false},"author":1,"featured_media":0,"comment_status":"open","ping_status":"open","sticky":false,"template":"","format":"standard","meta":{"footnotes":""},"categories":[10],"tags":[],"class_list":["post-576","post","type-post","status-publish","format-standard","hentry","category-verbandsliga-sued"],"_links":{"self":[{"href":"https:\/\/insideamateurfussball-ffm.de\/index.php?rest_route=\/wp\/v2\/posts\/576","targetHints":{"allow":["GET"]}}],"collection":[{"href":"https:\/\/insideamateurfussball-ffm.de\/index.php?rest_route=\/wp\/v2\/posts"}],"about":[{"href":"https:\/\/insideamateurfussball-ffm.de\/index.php?rest_route=\/wp\/v2\/types\/post"}],"author":[{"embeddable":true,"href":"https:\/\/insideamateurfussball-ffm.de\/index.php?rest_route=\/wp\/v2\/users\/1"}],"replies":[{"embeddable":true,"href":"https:\/\/insideamateurfussball-ffm.de\/index.php?rest_route=%2Fwp%2Fv2%2Fcomments&post=576"}],"version-history":[{"count":1,"href":"https:\/\/insideamateurfussball-ffm.de\/index.php?rest_route=\/wp\/v2\/posts\/576\/revisions"}],"predecessor-version":[{"id":579,"href":"https:\/\/insideamateurfussball-ffm.de\/index.php?rest_route=\/wp\/v2\/posts\/576\/revisions\/579"}],"wp:attachment":[{"href":"https:\/\/insideamateurfussball-ffm.de\/index.php?rest_route=%2Fwp%2Fv2%2Fmedia&parent=576"}],"wp:term":[{"taxonomy":"category","embeddable":true,"href":"https:\/\/insideamateurfussball-ffm.de\/index.php?rest_route=%2Fwp%2Fv2%2Fcategories&post=576"},{"taxonomy":"post_tag","embeddable":true,"href":"https:\/\/insideamateurfussball-ffm.de\/index.php?rest_route=%2Fwp%2Fv2%2Ftags&post=576"}],"curies":[{"name":"wp","href":"https:\/\/api.w.org\/{rel}","templated":true}]}}