{"id":542,"date":"2022-06-03T16:44:38","date_gmt":"2022-06-03T16:44:38","guid":{"rendered":"http:\/\/insideamateurfussball-ffm.de\/?p=542"},"modified":"2025-01-03T18:10:13","modified_gmt":"2025-01-03T17:10:13","slug":"seckbach-beendet-rueckrunde-mit-46-niederlage","status":"publish","type":"post","link":"https:\/\/insideamateurfussball-ffm.de\/?p=542","title":{"rendered":"Seckbach beendet R\u00fcckrunde mit 4:6-Niederlage"},"content":{"rendered":"<h5 dir=\"auto\">Die Saison endete f\u00fcr die FG Seckbach in der Gruppenliga Frankfurt West nach einer schwachen R\u00fcckrunde mit einer 4:6 Niederlage gegen den SKV Beienheim. Durch die drei kampflos hinzugewonnenen Punkte aus dem Ausw\u00e4rtsspiel beim zur\u00fcckgezogenen SV Steinfurth wurde der Klassenerhalt aber gesichert.&nbsp;<\/h5>\n<figure id=\"attachment_543\" aria-describedby=\"caption-attachment-543\" style=\"width: 300px\" class=\"wp-caption alignnone\"><img loading=\"lazy\" decoding=\"async\" class=\"wp-image-543 size-medium\" src=\"http:\/\/insideamateurfussball-ffm.de\/wp-content\/uploads\/2022\/06\/FGS-300x225.jpg\" alt=\"\" width=\"300\" height=\"225\"><figcaption id=\"caption-attachment-543\" class=\"wp-caption-text\">Tolles Wandbild an der Hochst\u00e4dter Stra\u00dfe.<\/figcaption><\/figure>\n<h5>FG Seckbach &#8211; SKV Beienheim 4:6 (2:4)<\/h5>\n<h5 dir=\"auto\"><img loading=\"lazy\" decoding=\"async\" class=\"alignnone size-full wp-image-544\" src=\"http:\/\/insideamateurfussball-ffm.de\/wp-content\/uploads\/2022\/06\/Seckbach.jpg\" alt=\"\" width=\"80\" height=\"80\"><img loading=\"lazy\" decoding=\"async\" class=\"alignnone size-full wp-image-545\" src=\"http:\/\/insideamateurfussball-ffm.de\/wp-content\/uploads\/2022\/06\/SKV-Beienh.jpg\" alt=\"\" width=\"79\" height=\"80\"><\/h5>\n<p dir=\"auto\">&#8222;Eine Saison die sich alle anders vorgestellt hatten. Vieles hat sich seit Corona ge\u00e4ndert. Das ist auch an unserem Team nicht vorbeigegangen. Priorit\u00e4ten waren andere, Urlaube wurden nat\u00fcrlich nachgeholt nach Corona und Verletzungen blieben auch nicht aus. Trotzdem einen gro\u00dfen Dank an jeden einzelnen, der uns in diesem Jahr wiedermal tatkr\u00e4ftig unterst\u00fctzt hat.Wir hoffen auf eine positive n\u00e4chste Saison mit mehr H\u00f6hen als Tiefen&#8220;, schrieb der dreifache Torsch\u00fctze Milad Wardak im Nachgang der torreichen Partie auf dem offiziellen Instagram-Profil des Vereins.&nbsp;<\/p>\n<blockquote>\n<p dir=\"auto\">&#8222;Ich h\u00e4tte lieber 2:0 als 6:4 gewonnen&#8220; (SKV Beienheims Trainer Maximilian Esposito)<\/p>\n<\/blockquote>\n<p dir=\"auto\">F\u00fcr Seckbach war es nach einer schlechten R\u00fcckrunde, in der die FGS fast noch in Abstiegsgefahr geraten w\u00e4re, das letzte Saisonspiel. In der Anfangsphase h\u00e4tten die Gastgeber durchaus in F\u00fchrung gehen k\u00f6nnen, lagen aber nach 18 Minuten mit 0:4 zur\u00fcck. In der Folge k\u00e4mpfte sich Seckbach ins Spiel und verk\u00fcrzte den Abstand zweimal auf zwei Tore. Die G\u00e4ste aus dem Reichelsheimer Ortsteil in der Wetterau sicherten sich aber auf dem Kunstrasenplatz den Ausw\u00e4rtssieg und den dritten Platz in der Abschlusstabelle.<\/p>\n<p dir=\"auto\">&#8222;Ich h\u00e4tte lieber 2:0 als 6:4 gewonnen&#8220;, \u00e4u\u00dferte sich hinterher G\u00e4stetrainer Maximilian Esposito deutlich. F\u00fcr Seckbachs Trainer Maik Rudolf war es das letzte Spiel. Er \u00fcbernimmt gemeinsam mit dem fr\u00fcheren Heddernheimer Trainer Torsten Hertz die SG Rosenh\u00f6he Offenbach in der Gruppenliga Frankfurt Ost.&nbsp;<\/p>\n<h5 dir=\"auto\">Schiedsrichter: Timo Hager (Ginsheim-Gustavsburg). Zuschauer: 100.<\/h5>\n<h5 dir=\"auto\">Tore: 0:1 Steffen M\u00fcnk (5.), 0:2, 0:3 Cristian-Vasile Bodea (10.\/14.), 0:4 Denis Ehrlicher (18.), 1:4 Wataru Murata (20.), 2:4 Milad Wardak (42.), 2:5 Steffen M\u00fcnk (53.), 3:5 Ali Wardak (64.), 3:6 Marius Bindewald (87.), 4:6 Milad Wardak (90.).<\/h5>\n<p><\/p>\n\n\n<div class=\"wp-block-columns is-layout-flex wp-container-core-columns-is-layout-28f84493 wp-block-columns-is-layout-flex\">\n<div class=\"wp-block-column is-layout-flow wp-block-column-is-layout-flow\" style=\"flex-basis:100%\">\n<figure class=\"wp-block-gallery has-nested-images columns-default is-cropped wp-block-gallery-1 is-layout-flex wp-block-gallery-is-layout-flex\">\n<figure class=\"wp-block-image size-large is-style-default\"><img decoding=\"async\" data-id=\"546\" src=\"http:\/\/insideamateurfussball-ffm.de\/wp-content\/uploads\/2022\/06\/seck1-1024x768.jpg\" alt=\"\" class=\"wp-image-546\"\/><\/figure>\n<\/figure>\n<\/div>\n<\/div>\n\n\n\n<figure class=\"wp-block-image size-large is-style-default\"><img decoding=\"async\" src=\"http:\/\/insideamateurfussball-ffm.de\/wp-content\/uploads\/2022\/06\/seck2-1024x768.jpg\" alt=\"\" class=\"wp-image-547\"\/><\/figure>\n\n\n\n<figure class=\"wp-block-image size-large is-style-default\"><img decoding=\"async\" src=\"http:\/\/insideamateurfussball-ffm.de\/wp-content\/uploads\/2022\/06\/seck3-1024x768.jpg\" alt=\"\" class=\"wp-image-548\"\/><\/figure>\n\n\n\n<figure class=\"wp-block-image size-large is-style-default\"><img decoding=\"async\" src=\"http:\/\/insideamateurfussball-ffm.de\/wp-content\/uploads\/2022\/06\/seck4-1024x768.jpg\" alt=\"\" class=\"wp-image-549\"\/><\/figure>\n\n\n\n<figure class=\"wp-block-image size-large is-style-default\"><img decoding=\"async\" src=\"http:\/\/insideamateurfussball-ffm.de\/wp-content\/uploads\/2022\/06\/seck5-1024x768.jpg\" alt=\"\" class=\"wp-image-550\"\/><\/figure>\n","protected":false},"excerpt":{"rendered":"<p>Die Saison endete f\u00fcr die FG Seckbach in der Gruppenliga Frankfurt West nach einer schwachen R\u00fcckrunde mit einer 4:6 Niederlage gegen den SKV Beienheim. Durch die drei kampflos hinzugewonnenen Punkte aus dem Ausw\u00e4rtsspiel beim zur\u00fcckgezogenen SV Steinfurth wurde der Klassenerhalt aber gesichert.&nbsp; FG Seckbach &#8211; SKV Beienheim 4:6 (2:4) &#8222;Eine Saison die sich alle anders [&hellip;]<\/p>\n","protected":false},"author":1,"featured_media":0,"comment_status":"open","ping_status":"open","sticky":false,"template":"","format":"standard","meta":{"footnotes":""},"categories":[13],"tags":[],"class_list":["post-542","post","type-post","status-publish","format-standard","hentry","category-gruppenliga-frankfurt-west"],"_links":{"self":[{"href":"https:\/\/insideamateurfussball-ffm.de\/index.php?rest_route=\/wp\/v2\/posts\/542","targetHints":{"allow":["GET"]}}],"collection":[{"href":"https:\/\/insideamateurfussball-ffm.de\/index.php?rest_route=\/wp\/v2\/posts"}],"about":[{"href":"https:\/\/insideamateurfussball-ffm.de\/index.php?rest_route=\/wp\/v2\/types\/post"}],"author":[{"embeddable":true,"href":"https:\/\/insideamateurfussball-ffm.de\/index.php?rest_route=\/wp\/v2\/users\/1"}],"replies":[{"embeddable":true,"href":"https:\/\/insideamateurfussball-ffm.de\/index.php?rest_route=%2Fwp%2Fv2%2Fcomments&post=542"}],"version-history":[{"count":2,"href":"https:\/\/insideamateurfussball-ffm.de\/index.php?rest_route=\/wp\/v2\/posts\/542\/revisions"}],"predecessor-version":[{"id":552,"href":"https:\/\/insideamateurfussball-ffm.de\/index.php?rest_route=\/wp\/v2\/posts\/542\/revisions\/552"}],"wp:attachment":[{"href":"https:\/\/insideamateurfussball-ffm.de\/index.php?rest_route=%2Fwp%2Fv2%2Fmedia&parent=542"}],"wp:term":[{"taxonomy":"category","embeddable":true,"href":"https:\/\/insideamateurfussball-ffm.de\/index.php?rest_route=%2Fwp%2Fv2%2Fcategories&post=542"},{"taxonomy":"post_tag","embeddable":true,"href":"https:\/\/insideamateurfussball-ffm.de\/index.php?rest_route=%2Fwp%2Fv2%2Ftags&post=542"}],"curies":[{"name":"wp","href":"https:\/\/api.w.org\/{rel}","templated":true}]}}