{"id":54,"date":"2022-05-04T15:22:57","date_gmt":"2022-05-04T15:22:57","guid":{"rendered":"http:\/\/insideamateurfussball-ffm.de\/?p=54"},"modified":"2022-05-09T20:29:25","modified_gmt":"2022-05-09T20:29:25","slug":"nieder-erlenbach-wahrt-theoretische-chance","status":"publish","type":"post","link":"https:\/\/insideamateurfussball-ffm.de\/?p=54","title":{"rendered":"Nieder-Erlenbach wahrt theoretische Chance"},"content":{"rendered":"<p><strong>SC Weiss-Blau &#8211; TSG Nieder-Erlenbach 3:6 (1:3)&nbsp;&nbsp;<\/strong><\/p>\n<p><img loading=\"lazy\" decoding=\"async\" class=\"alignnone size-full wp-image-32\" src=\"http:\/\/insideamateurfussball-ffm.de\/wp-content\/uploads\/2021\/11\/Weiss-Blau.jpg\" alt=\"\" width=\"56\" height=\"80\"><img loading=\"lazy\" decoding=\"async\" class=\"alignnone size-full wp-image-21\" src=\"http:\/\/insideamateurfussball-ffm.de\/wp-content\/uploads\/2021\/11\/Nieder-Erlenbach.jpg\" alt=\"\" width=\"80\" height=\"80\"><\/p>\n<p>In einem torreichen Kellerduell wahrten die G\u00e4ste an den Sandh\u00f6fer Wiesen ihre theoretische Chance auf den Klassenerhalt. Dazu m\u00fcsste Nieder-Erlenbach aber in den verbleibenden sieben Spielen 15 Punkte auf den FC Croatia aufholen, der den ersten Nichtabstiegsplatz belegt. Realistisch gesehen und angesichts des Restprogramms mit Spielen gegen Tempo und Kalbach nicht realistisch. Die Hausherren standen schon vor der Partie als erster Absteiger fest. Nieder-Erlenbach zeigte sich an den Sandh\u00f6fer Wiesen gegen\u00fcber der 2:7-Schlappe gegen Griesheim Tarik stark verbessert und legte mit herausgespielten Toren eine 3:0-F\u00fchrung vor.<\/p>\n<p>Weiss-Blau spielte permanent nach vorne, vernachl\u00e4ssigte aber die Abwehrarbeit. Nach dem Seitenwechsel zogen die G\u00e4ste gar auf 5:1 davon, aber in der Schlussphase kam WB auch dank des eingewechselten korpulenten Josip Romic, der dem Spiel Akzente verlieh und ein sch\u00f6nes Freisto\u00dftor markierte, auf 3:5 heran. Doch in der Nachspielzeit machte Paul Raboldt, der wie Paul Apel und Jakob M\u00fchlhans dreifach traf, den Sack zu.<\/p>\n<blockquote>\n<p>Das Spiel entsprach den Tabellenpl\u00e4tzen (Weiss-Blaus Co-Trainer Nils Benecke)<\/p>\n<\/blockquote>\n<p>WB-Coach Jamal Er-Rjah musste den Sportplatz beim Stande von 1:5 verlassen, da die Nachtschicht rief. Sein Co-Trainer Nils Benecke meinte: &#8222;Die erste Halbzeit war eine Katastrophe, die zweite war eine Leistungssteigerung da. Das Spiel entsprach den Tabellenpl\u00e4tzen 19 und 17.&#8220; Beide Teams werden in der A-Klasse einen Neuanfang starten. TSG-Coach Andreas Ludwig sagte: &#8222;Wir haben die Pflichtaufgabe erf\u00fcllt. Positiv war die Reaktion auf die zweite H\u00e4lfte gegen Griesheim Tarik. Beide Mannschaften waren offen wie ein Scheunentor, da fehlt es an Struktur. Weiss-Blau war fu\u00dfballerisch sogar st\u00e4rker. Wir haben aber die Tore gemacht, auch wenn das Spiel nicht sch\u00f6n aussah. Die R\u00fcckrunde ist wesentlich besser als die Hinrunde.&#8220;<\/p>\n<blockquote>\n<p>Wir planen f\u00fcr die A-Liga. Der Klassenerhalt ist nicht realisierbar (Nieder-Erlenbachs Trainer Andreas Ludwig)<\/p>\n<\/blockquote>\n<p>Zur rechnerischen Chance sagte Ludwig: &#8222;Wir wollen jedes Spiel punkten, aber planen f\u00fcr die A-Liga. Alles andere w\u00e4re Sch\u00f6ndenkerei. Das wird nicht realisierbar sein.&#8220;&nbsp;&nbsp;<\/p>\n<h3>Schiedsrichter: Diego Dossena (Offenbach). Zuschauer: 32.<br>0:1, 0:2 Paul Apel (10.\/30.), 0:3 Paul Raboldt (32.), 1:3 Timur Berkant \u00d6zdemir (38.), 1:4, 1:5 Jakob M\u00fchlhans (62.\/67.), 2:5 Josip Romic (87.), 3:5 Hatem Fekih (90.), 3:6 Paul Raboldt (90.\/+3).<\/h3>\n<p><\/p>\n\n\n<figure class=\"wp-block-gallery has-nested-images columns-default is-cropped wp-block-gallery-1 is-layout-flex wp-block-gallery-is-layout-flex\">\n<figure class=\"wp-block-image size-large\"><img decoding=\"async\" data-id=\"55\" src=\"http:\/\/insideamateurfussball-ffm.de\/wp-content\/uploads\/2022\/05\/WB1-1-1024x768.jpg\" alt=\"\" class=\"wp-image-55\"\/><\/figure>\n\n\n\n<figure class=\"wp-block-image size-large\"><img decoding=\"async\" data-id=\"56\" src=\"http:\/\/insideamateurfussball-ffm.de\/wp-content\/uploads\/2022\/05\/WB2-1024x768.jpg\" alt=\"\" class=\"wp-image-56\"\/><\/figure>\n\n\n\n<figure class=\"wp-block-image size-large\"><img decoding=\"async\" data-id=\"57\" src=\"http:\/\/insideamateurfussball-ffm.de\/wp-content\/uploads\/2022\/05\/WB3-1024x768.jpg\" alt=\"\" class=\"wp-image-57\"\/><\/figure>\n<\/figure>\n","protected":false},"excerpt":{"rendered":"<p>SC Weiss-Blau &#8211; TSG Nieder-Erlenbach 3:6 (1:3)&nbsp;&nbsp; In einem torreichen Kellerduell wahrten die G\u00e4ste an den Sandh\u00f6fer Wiesen ihre theoretische Chance auf den Klassenerhalt. Dazu m\u00fcsste Nieder-Erlenbach aber in den verbleibenden sieben Spielen 15 Punkte auf den FC Croatia aufholen, der den ersten Nichtabstiegsplatz belegt. Realistisch gesehen und angesichts des Restprogramms mit Spielen gegen Tempo [&hellip;]<\/p>\n","protected":false},"author":1,"featured_media":0,"comment_status":"open","ping_status":"open","sticky":false,"template":"","format":"standard","meta":{"footnotes":""},"categories":[2],"tags":[],"class_list":["post-54","post","type-post","status-publish","format-standard","hentry","category-kreisoberliga-frankfurt"],"_links":{"self":[{"href":"https:\/\/insideamateurfussball-ffm.de\/index.php?rest_route=\/wp\/v2\/posts\/54","targetHints":{"allow":["GET"]}}],"collection":[{"href":"https:\/\/insideamateurfussball-ffm.de\/index.php?rest_route=\/wp\/v2\/posts"}],"about":[{"href":"https:\/\/insideamateurfussball-ffm.de\/index.php?rest_route=\/wp\/v2\/types\/post"}],"author":[{"embeddable":true,"href":"https:\/\/insideamateurfussball-ffm.de\/index.php?rest_route=\/wp\/v2\/users\/1"}],"replies":[{"embeddable":true,"href":"https:\/\/insideamateurfussball-ffm.de\/index.php?rest_route=%2Fwp%2Fv2%2Fcomments&post=54"}],"version-history":[{"count":5,"href":"https:\/\/insideamateurfussball-ffm.de\/index.php?rest_route=\/wp\/v2\/posts\/54\/revisions"}],"predecessor-version":[{"id":163,"href":"https:\/\/insideamateurfussball-ffm.de\/index.php?rest_route=\/wp\/v2\/posts\/54\/revisions\/163"}],"wp:attachment":[{"href":"https:\/\/insideamateurfussball-ffm.de\/index.php?rest_route=%2Fwp%2Fv2%2Fmedia&parent=54"}],"wp:term":[{"taxonomy":"category","embeddable":true,"href":"https:\/\/insideamateurfussball-ffm.de\/index.php?rest_route=%2Fwp%2Fv2%2Fcategories&post=54"},{"taxonomy":"post_tag","embeddable":true,"href":"https:\/\/insideamateurfussball-ffm.de\/index.php?rest_route=%2Fwp%2Fv2%2Ftags&post=54"}],"curies":[{"name":"wp","href":"https:\/\/api.w.org\/{rel}","templated":true}]}}