{"id":539,"date":"2022-06-03T16:20:59","date_gmt":"2022-06-03T16:20:59","guid":{"rendered":"http:\/\/insideamateurfussball-ffm.de\/?p=539"},"modified":"2025-01-03T18:10:04","modified_gmt":"2025-01-03T17:10:04","slug":"roedelheim-will-tolle-saison-auf-rang-zwei-beenden","status":"publish","type":"post","link":"https:\/\/insideamateurfussball-ffm.de\/?p=539","title":{"rendered":"R\u00f6delheim will tolle Saison auf Rang zwei beenden"},"content":{"rendered":"<h5 data-canvas-width=\"592.636\">Mit sechs Punkten aus zwei Ausw\u00e4rtsspielen demonstrierte der R\u00f6delheimer &#8222;Club&#8220; noch einmal, dass er eigentlich f\u00fcr die A-Klasse zu stark ist. In gleichem Ma\u00dfe gilt das f\u00fcr die SG Harheim, die sich verdienterma\u00dfen endg\u00fcltig die Meisterschaft sicherte und erstmals in die Kreisoberliga Frankfurt aufsteigt.<\/h5>\n<figure id=\"attachment_540\" aria-describedby=\"caption-attachment-540\" style=\"width: 300px\" class=\"wp-caption alignnone\"><img loading=\"lazy\" decoding=\"async\" class=\"wp-image-540 size-medium\" src=\"http:\/\/insideamateurfussball-ffm.de\/wp-content\/uploads\/2022\/06\/RFC-Z-300x197.jpg\" alt=\"\" width=\"300\" height=\"197\" \/><figcaption id=\"caption-attachment-540\" class=\"wp-caption-text\">Foto: Dago Reinprecht.<\/figcaption><\/figure>\n<h5>Der R\u00f6delheimer FC schickte uns eine \u00dcbersicht zu den letzten beiden Spielen aus Vereinssicht. Texte: Norbert Gehlen.<\/h5>\n<h5>SV Blau-Gelb &#8211; 1. R\u00f6delheimer FC 02 0:4 (0:2)<\/h5>\n<p><img loading=\"lazy\" decoding=\"async\" class=\"alignnone size-full wp-image-355\" src=\"http:\/\/insideamateurfussball-ffm.de\/wp-content\/uploads\/2022\/05\/Blau-Gelb.jpg\" alt=\"\" width=\"79\" height=\"80\" \/><img loading=\"lazy\" decoding=\"async\" class=\"alignnone size-full wp-image-333\" src=\"http:\/\/insideamateurfussball-ffm.de\/wp-content\/uploads\/2022\/05\/Roedelheim.jpg\" alt=\"\" width=\"80\" height=\"73\" \/><\/p>\n<div data-canvas-width=\"603.3133333333333\">Der RFC lie\u00df von Anfang an keinen Zweifel daran dass man die drei Punkte mitnehmen wollte. Jeweils<\/div>\n<div data-canvas-width=\"601.1279999999999\">nach Eckb\u00e4llen von Jonas Friedrich erzielten Alexander Schubert (22.) und Alexander Ulitzka (33.) die<\/div>\n<div data-canvas-width=\"567.4826666666665\">F\u00fchrung. Die Gastgeber kamen zwar immer wieder mit schnellen Angriffen in den R\u00f6delheimer<\/div>\n<div data-canvas-width=\"597.2413333333332\">Strafraum, konnten Torh\u00fcter Gianni Gioia jedoch nicht \u00fcberwinden. Als Schubert drei Minuten nach<\/div>\n<div data-canvas-width=\"575.1093333333334\">dem Seitenwechsel im Nachschuss das 0:3 erzielte war die Messe im Prinzip gesungen. Schubert<\/div>\n<div data-canvas-width=\"358.51200000000006\">legte mit seinem vierten Treffer (63.) per Foulelfmeter nach.<\/div>\n<div data-canvas-width=\"358.51200000000006\"><\/div>\n<div data-canvas-width=\"358.51200000000006\">\n<div data-canvas-width=\"324.76400000000007\">Aufstellung: Gioia, Jakob, Belhadji, Ulitzka, R\u00f6mer (66. Zanandrea), A. Razdar, Temizsoy, Mesghina (76. Pzerwok), N. Razdar (66. Tefera), Friedrich, Schubert.<\/div>\n<\/div>\n<div data-canvas-width=\"324.76400000000007\"><\/div>\n<h5 data-canvas-width=\"324.76400000000007\">SV Bonames \u2013 1. R\u00f6delheimer FC 02 3:5 (1:3)<\/h5>\n<p><img loading=\"lazy\" decoding=\"async\" class=\"alignnone size-full wp-image-281\" src=\"http:\/\/insideamateurfussball-ffm.de\/wp-content\/uploads\/2022\/05\/Bonames.png\" alt=\"\" width=\"80\" height=\"80\" \/><img loading=\"lazy\" decoding=\"async\" class=\"alignnone size-full wp-image-333\" src=\"http:\/\/insideamateurfussball-ffm.de\/wp-content\/uploads\/2022\/05\/Roedelheim.jpg\" alt=\"\" width=\"80\" height=\"73\" \/><\/p>\n<div data-canvas-width=\"537.1813333333332\">Der Club begann konzentriert und dr\u00e4ngte die Gastgeber weit in die eigene H\u00e4lfte, Es kam<\/div>\n<div data-canvas-width=\"592.7973333333332\">zwangsl\u00e4ufig zu Chancen, Abel Tefera stand zweimal goldrichtig (10.\/14.) und netzte ein. Nach dem<\/div>\n<div data-canvas-width=\"570.5333333333331\">0:3, das Alexander Schubert nach einem Alleingang (26.) erzielte, schien die Partie entschieden,<\/div>\n<div data-canvas-width=\"597.3733333333333\">zumal sich weitere Chancen im Minutentakt ergaben. Doch pl\u00f6tzlich kippte die Partie. Stellungsspiel<\/div>\n<div data-canvas-width=\"596.3026666666666\">und Laufbereitschaft in der Defensive lie\u00dfen nun zu w\u00fcnschen \u00fcbrig, und bereits nach dem 1:3 (39.)<\/div>\n<div data-canvas-width=\"573.5106666666665\">h\u00e4tten die Bonameser ausgleichen m\u00fcssen, lie\u00dfen jedoch klarste Chancen liegen. In der zweiten<\/div>\n<div data-canvas-width=\"602.096\">Halbzeit ging es genauso weiter. Torh\u00fcter Daniel Gude, von seinen Vorderleuten ein ums andere mal<\/div>\n<div data-canvas-width=\"603.1666666666665\">alleingelassen, avancierte nun zum besten Spieler seiner Mannschaft und sorgte mit starken Paraden<\/div>\n<div data-canvas-width=\"572.1906666666665\">daf\u00fcr dass nicht mehr passierte als \u201enur\u201c der Ausgleich (52.\/67.). Die Einwechslung von Mathias<\/div>\n<div data-canvas-width=\"586.8279999999999\">Pzerwok brachte dann wieder mehr Struktur in das R\u00f6delheimer Spiel, und er war es auch der den<\/div>\n<div data-canvas-width=\"582.4573333333333\">Club nach einem Eckball (72.) wieder per Kopf in F\u00fchrung brachte. Elias Belhadji machte dann per<\/div>\n<div data-canvas-width=\"389.39999999999986\">Abstauber nach Schubert-Kopfball (78.) den Deckel auf die Partie.<\/div>\n<div data-canvas-width=\"389.39999999999986\"><\/div>\n<div data-canvas-width=\"389.39999999999986\">\n<div data-canvas-width=\"592.3719999999998\">Aufstellung: Gioia, Belhadji, Ulitzka, R\u00f6mer, Arslan, A. Razdar, Temizsoy, N. Razdar (60. Zanandrea),<\/div>\n<div data-canvas-width=\"242.6160000000001\">Friedrich, Tefera (69. Pzerwok), Schubert.<\/div>\n<\/div>\n<div data-canvas-width=\"242.6160000000001\"><\/div>\n<div data-canvas-width=\"242.6160000000001\">\n<div data-canvas-width=\"552.2146666666664\">Am Pfingstsamstag bestreitet die 1. Mannschaft um 18:00 Uhr ihre letzte Saisonpartie bei der SG<\/div>\n<div data-canvas-width=\"445.3386666666666\">Harheim. Die Reserve empf\u00e4ngt am selben Tag um 13:00 den FC Croatia II.<\/div>\n<\/div>\n<div data-canvas-width=\"324.76400000000007\"><\/div>\n","protected":false},"excerpt":{"rendered":"<p>Mit sechs Punkten aus zwei Ausw\u00e4rtsspielen demonstrierte der R\u00f6delheimer &#8222;Club&#8220; noch einmal, dass er eigentlich f\u00fcr die A-Klasse zu stark ist. In gleichem Ma\u00dfe gilt das f\u00fcr die SG Harheim, die sich verdienterma\u00dfen endg\u00fcltig die Meisterschaft sicherte und erstmals in die Kreisoberliga Frankfurt aufsteigt. Der R\u00f6delheimer FC schickte uns eine \u00dcbersicht zu den letzten beiden [&hellip;]<\/p>\n","protected":false},"author":1,"featured_media":0,"comment_status":"open","ping_status":"open","sticky":false,"template":"","format":"standard","meta":{"footnotes":""},"categories":[12],"tags":[],"class_list":["post-539","post","type-post","status-publish","format-standard","hentry","category-kreisliga-a1"],"_links":{"self":[{"href":"https:\/\/insideamateurfussball-ffm.de\/index.php?rest_route=\/wp\/v2\/posts\/539","targetHints":{"allow":["GET"]}}],"collection":[{"href":"https:\/\/insideamateurfussball-ffm.de\/index.php?rest_route=\/wp\/v2\/posts"}],"about":[{"href":"https:\/\/insideamateurfussball-ffm.de\/index.php?rest_route=\/wp\/v2\/types\/post"}],"author":[{"embeddable":true,"href":"https:\/\/insideamateurfussball-ffm.de\/index.php?rest_route=\/wp\/v2\/users\/1"}],"replies":[{"embeddable":true,"href":"https:\/\/insideamateurfussball-ffm.de\/index.php?rest_route=%2Fwp%2Fv2%2Fcomments&post=539"}],"version-history":[{"count":1,"href":"https:\/\/insideamateurfussball-ffm.de\/index.php?rest_route=\/wp\/v2\/posts\/539\/revisions"}],"predecessor-version":[{"id":541,"href":"https:\/\/insideamateurfussball-ffm.de\/index.php?rest_route=\/wp\/v2\/posts\/539\/revisions\/541"}],"wp:attachment":[{"href":"https:\/\/insideamateurfussball-ffm.de\/index.php?rest_route=%2Fwp%2Fv2%2Fmedia&parent=539"}],"wp:term":[{"taxonomy":"category","embeddable":true,"href":"https:\/\/insideamateurfussball-ffm.de\/index.php?rest_route=%2Fwp%2Fv2%2Fcategories&post=539"},{"taxonomy":"post_tag","embeddable":true,"href":"https:\/\/insideamateurfussball-ffm.de\/index.php?rest_route=%2Fwp%2Fv2%2Ftags&post=539"}],"curies":[{"name":"wp","href":"https:\/\/api.w.org\/{rel}","templated":true}]}}