{"id":534,"date":"2022-06-02T16:37:06","date_gmt":"2022-06-02T16:37:06","guid":{"rendered":"http:\/\/insideamateurfussball-ffm.de\/?p=534"},"modified":"2025-01-03T18:09:56","modified_gmt":"2025-01-03T17:09:56","slug":"ex-ofc-trainer-steven-kessler-uebernimmt-makkabi","status":"publish","type":"post","link":"https:\/\/insideamateurfussball-ffm.de\/?p=534","title":{"rendered":"Ex-OFC-Trainer Steven Kessler \u00fcbernimmt Makkabi"},"content":{"rendered":"<h5>Kreisoberligist TuS Makkabi pr\u00e4sentiert f\u00fcr die kommende Saison mit Steven Kessler einen in der Region bekannten Trainer. Der 47-j\u00e4hrige war Coach der U19 von Kickers Offenbach in der A-Junioren-Bundesliga und bekleidete in der Saison 2019\/20 f\u00fcr einige Wochen in einer Doppelrolle auch das Amt des Interimstrainers bei der Ersten Mannschaft des OFC in der Regionalliga S\u00fcdwest.<\/h5>\n<figure id=\"attachment_535\" aria-describedby=\"caption-attachment-535\" style=\"width: 225px\" class=\"wp-caption alignnone\"><img loading=\"lazy\" decoding=\"async\" class=\"wp-image-535 size-medium\" src=\"http:\/\/insideamateurfussball-ffm.de\/wp-content\/uploads\/2022\/06\/kessler-225x300.jpg\" alt=\"\" width=\"225\" height=\"300\" srcset=\"https:\/\/insideamateurfussball-ffm.de\/wp-content\/uploads\/2022\/06\/kessler-225x300.jpg 225w, https:\/\/insideamateurfussball-ffm.de\/wp-content\/uploads\/2022\/06\/kessler.jpg 672w\" sizes=\"auto, (max-width: 225px) 100vw, 225px\" \/><figcaption id=\"caption-attachment-535\" class=\"wp-caption-text\">Steven Kessler (links) posiert mit Sportdirektor Roy Rozenek und dem T-Shirt &#8222;100 % Makkabi&#8220;. Foto: Verein.<\/figcaption><\/figure>\n<p><img loading=\"lazy\" decoding=\"async\" class=\"alignnone size-full wp-image-90\" src=\"http:\/\/insideamateurfussball-ffm.de\/wp-content\/uploads\/2022\/05\/makkabi-neu.jpg\" alt=\"\" width=\"80\" height=\"80\" \/><\/p>\n<p>Was hat Kessler dazu bewogen, das Angebot des Frankfurter Kreisoberligisten anzunehmen und die Nachfolge des scheidenden Trainers Hakan Tekin zu \u00fcbernehmen, der nach eigenen Angaben &#8222;keine Signale bekommen&#8220; hatte, um mit der Mannschaft in der kommenden Saison um den Aufstieg zu spielen? Der Kontakt sei \u00fcber Sportdirektor Roy Rozenek zustande gekommen. &#8222;Er hat mir vom neuen Jugendkonzept und dem Projekt erz\u00e4hlt, das der Verein in Zukunft in Angriff nehmen m\u00f6chte. Ich habe mir das angeh\u00f6rt und fand es interessant. Ich habe dann zwei Tage \u00fcberlegt und dann zugesagt.&#8220;<\/p>\n<p>Rozenek betont: &#8222;Wir haben den Grundstein f\u00fcr unser Projekt gelegt und m\u00f6chten es mit der Verpflichtung von Steven Kessler weiterentwickeln.&#8220; Kessler war schon bei einigen Spielen vor Ort, um Kontakte zu seinen k\u00fcnftigen Spielern zu kn\u00fcpfen. &#8222;Die Jungs haben mich gut aufgenommen und von daher ist es eine sch\u00f6ne Sache, bei den Spielen als Zuschauer dabei zu sein&#8220;, verdeutlicht Kessler. Wie lauten nun Kesslers Ziele und Visionen?<\/p>\n<blockquote><p>&#8222;Meine Ideen und Visionen decken sich mit dem Konzept des Vereins&#8220; (Steven Kessler, neuer Trainer des TuS Makkabi).<\/p><\/blockquote>\n<p>&#8222;Meine Ideen und Visionen decken sich mit dem Konzept des Vereins. Wir wollen bei Makkabi eine junge Mannschaft aufbauen, die perspektivisch die KOL verl\u00e4sst. Wann das passiert liegt an den Entwicklungsschritten, wie wir uns finden. Wir wollen uns nat\u00fcrlich in diese Richtung nach oben entwickeln.&#8220; Der Tabellenvierte spielte vor 20 Jahren in der damaligen Landesliga Hessen S\u00fcd, ehe es in wenigen Jahren \u00fcber die seinerzeitige Bezirksoberliga Frankfurt West (heute Gruppenliga) zur\u00fcck in die Kreisebene ging.<\/p>\n<p>Mit den Trainingsbedingungen auf der neuen Sportanlage in Preungesheim, wo Makkabi seine Heimspiele als Gastverein austr\u00e4gt, ist Kessler zufrieden: &#8222;Das ist eine sch\u00f6ne Anlage, da hat man viele M\u00f6glichkeiten drumherum mit Laufbahn, Soccer-Courts. Das macht Lust auf Fu\u00dfball.&#8220; Den Start der Vorbereitung plant Kessler aufgrund der verk\u00fcrzten Sommerpause f\u00fcr Anfang Juli: &#8222;Wir m\u00fcssen bis zum ersten Pokalspiel am 31.7. mit einer vierw\u00f6chigen Vorbereitung auskommen. Da beginnen ja erst die Sommerferien, insofern m\u00fcssen wir auch mit Urlaubern kalkulieren&#8220;, so Kessler.<\/p>\n","protected":false},"excerpt":{"rendered":"<p>Kreisoberligist TuS Makkabi pr\u00e4sentiert f\u00fcr die kommende Saison mit Steven Kessler einen in der Region bekannten Trainer. Der 47-j\u00e4hrige war Coach der U19 von Kickers Offenbach in der A-Junioren-Bundesliga und bekleidete in der Saison 2019\/20 f\u00fcr einige Wochen in einer Doppelrolle auch das Amt des Interimstrainers bei der Ersten Mannschaft des OFC in der Regionalliga [&hellip;]<\/p>\n","protected":false},"author":1,"featured_media":535,"comment_status":"open","ping_status":"open","sticky":false,"template":"","format":"standard","meta":{"footnotes":""},"categories":[2],"tags":[],"class_list":["post-534","post","type-post","status-publish","format-standard","has-post-thumbnail","hentry","category-kreisoberliga-frankfurt"],"_links":{"self":[{"href":"https:\/\/insideamateurfussball-ffm.de\/index.php?rest_route=\/wp\/v2\/posts\/534","targetHints":{"allow":["GET"]}}],"collection":[{"href":"https:\/\/insideamateurfussball-ffm.de\/index.php?rest_route=\/wp\/v2\/posts"}],"about":[{"href":"https:\/\/insideamateurfussball-ffm.de\/index.php?rest_route=\/wp\/v2\/types\/post"}],"author":[{"embeddable":true,"href":"https:\/\/insideamateurfussball-ffm.de\/index.php?rest_route=\/wp\/v2\/users\/1"}],"replies":[{"embeddable":true,"href":"https:\/\/insideamateurfussball-ffm.de\/index.php?rest_route=%2Fwp%2Fv2%2Fcomments&post=534"}],"version-history":[{"count":3,"href":"https:\/\/insideamateurfussball-ffm.de\/index.php?rest_route=\/wp\/v2\/posts\/534\/revisions"}],"predecessor-version":[{"id":538,"href":"https:\/\/insideamateurfussball-ffm.de\/index.php?rest_route=\/wp\/v2\/posts\/534\/revisions\/538"}],"wp:featuredmedia":[{"embeddable":true,"href":"https:\/\/insideamateurfussball-ffm.de\/index.php?rest_route=\/wp\/v2\/media\/535"}],"wp:attachment":[{"href":"https:\/\/insideamateurfussball-ffm.de\/index.php?rest_route=%2Fwp%2Fv2%2Fmedia&parent=534"}],"wp:term":[{"taxonomy":"category","embeddable":true,"href":"https:\/\/insideamateurfussball-ffm.de\/index.php?rest_route=%2Fwp%2Fv2%2Fcategories&post=534"},{"taxonomy":"post_tag","embeddable":true,"href":"https:\/\/insideamateurfussball-ffm.de\/index.php?rest_route=%2Fwp%2Fv2%2Ftags&post=534"}],"curies":[{"name":"wp","href":"https:\/\/api.w.org\/{rel}","templated":true}]}}