{"id":517,"date":"2022-06-01T16:39:58","date_gmt":"2022-06-01T16:39:58","guid":{"rendered":"http:\/\/insideamateurfussball-ffm.de\/?p=517"},"modified":"2025-01-03T18:09:37","modified_gmt":"2025-01-03T17:09:37","slug":"pavic-haelt-posavina-sieg-fest","status":"publish","type":"post","link":"https:\/\/insideamateurfussball-ffm.de\/?p=517","title":{"rendered":"Pavic h\u00e4lt Posavina-Sieg fest"},"content":{"rendered":"<h5>SV Griesheim Tarik &#8211; FC Posavina 3:5 (2:2)<\/h5>\n<p><img loading=\"lazy\" decoding=\"async\" class=\"alignnone size-full wp-image-34\" src=\"http:\/\/insideamateurfussball-ffm.de\/wp-content\/uploads\/2021\/11\/Tarik.jpg\" alt=\"\" width=\"80\" height=\"80\" \/><img loading=\"lazy\" decoding=\"async\" class=\"alignnone size-full wp-image-22\" src=\"http:\/\/insideamateurfussball-ffm.de\/wp-content\/uploads\/2021\/11\/posavina.jpg\" alt=\"\" width=\"63\" height=\"80\" \/><\/p>\n<figure id=\"attachment_518\" aria-describedby=\"caption-attachment-518\" style=\"width: 300px\" class=\"wp-caption alignnone\"><img loading=\"lazy\" decoding=\"async\" class=\"wp-image-518 size-medium\" src=\"http:\/\/insideamateurfussball-ffm.de\/wp-content\/uploads\/2022\/06\/Pavic-300x225.jpg\" alt=\"\" width=\"300\" height=\"225\" \/><figcaption id=\"caption-attachment-518\" class=\"wp-caption-text\">Pressewart und Torh\u00fcter: Danijel Pavic vom FC Posavina. Foto: Mithat G\u00fcrser.<\/figcaption><\/figure>\n<p>Die l\u00e4ngst abgestiegenen Gastgeber befanden sich zur angesetzten Ansto\u00dfzeit um 20.15 Uhr noch in der Kabine, da sie nicht vollst\u00e4ndig waren. Die Begegnung wurde eine Viertelstunde sp\u00e4ter angepfiffen, um den Nachz\u00fcglern noch das Umziehen zu erm\u00f6glichen. Es war ein typisches Spiel am Ende einer langen Saison, in dem f\u00fcr die Kreisoberliga typisch viele Tore fielen. Mittlerweile muss man konstatieren, dass es f\u00fcr die Gastgeber selbst mit zw\u00f6lf Punkten mehr sportlich nicht zum Klassenerhalt gereicht h\u00e4tte. Zwar gingen die Hausherren zweimal im ersten Abschnitt in F\u00fchrung, vernachl\u00e4ssigten aber auch stark die Abwehrarbeit.<\/p>\n<p>In der Summe 105 Gegentore sprechen B\u00e4nde \u00fcber die Defensivschw\u00e4chen. Auch die G\u00e4ste m\u00fcssen nun mit sechs Punkten Abzug aus dem Griesheim-Urteil klar kommen, was Posavina ein paar Pl\u00e4tze nach unten durchreicht, aber nicht mehr in Abstiegsgefahr bringt. Nach dem Seitenwechsel zogen die Kroaten auf 4:2 davon und verschossen noch einen Foulelfmeter, als Danijel Koturic an Abdelaziz Bouyiri scheiterte (57.). Bedanken konnten sich die Kroaten mal wieder bei ihrem Pressewart Danijel Pavic, der nicht nur in der Druckphase der Tarik-Elf den Sieg mit seinen Paraden festhielt, sondern nach dem Abpfiff bereitwillig zum Interview bereit stand.<\/p>\n<blockquote><p>&#8222;Es kommt ein neuer Trainer, Sportdirektor und ein neuer Vorstand&#8220; (FCP-Pressewart Danijel Pavic).<\/p><\/blockquote>\n<p>&#8222;Wie die letzten Wochen haben wir mit einer Rumpfelf gespielt. Wir haben derzeit vier gesperrte Spieler und Leute von der Zweiten Mannschaft geholt. Wir wollten den Sieg und hatten auch etwas Gl\u00fcck im Spiel&#8220;, so Pavic. Im Nachhinein stellten sich die drei Siege in Folge als megawichtig heraus, denn sonst h\u00e4tten die G\u00e4ste noch in den Abstiegsstrudel geraten k\u00f6nnen. &#8222;Nach dem letzten Saisonspiel gegen Tempo, wo wir viele Freunde haben, f\u00e4ngt die Arbeit im Hinblick auf die neue Saison an. Es wird ein neuer Trainer, ein neuer Sportdirektor und ein neuer Vorstand kommen&#8220;, k\u00fcndigte Pavic einen kompletten Umbruch an.<\/p>\n<p>Statements vom Heimclub sowie fundamentale Informationen f\u00fcr den Spielbericht wurden hingegen keine abgegeben. Gerne h\u00e4tten wir gefragt, wie es bei Griesheim Tarik in der n\u00e4chsten Saison in der Kreisliga A weiter geht. Doch nicht einmal Torsch\u00fctzen konnten durch die Sperrung der Spielernamen in Fussball.de ermittelt werden. Ein solch unkooperatives Verhalten bildet gl\u00fccklicherweise nur die gro\u00dfe Ausnahme. Insgesamt muss man die restlichen Vereine der Kreisoberliga Frankfurt f\u00fcr den vorz\u00fcglichen Informationsfluss im Rahmen der Berichterstattung loben.<\/p>\n<h5>Schiedsrichter: Atta Ul Waheed Rana (Reichelsheim). Zuschauer: 76.<\/h5>\n<h5>Tore: 1:0 Nr.14 (5.), 1:1 Danijel Koturic (13.), 2:1 Nr.13 (31.), 2:2 David Kosec (42.), 2:3 Matija Zivkovic (50.), 2:4 Eigentor Nr.3 (53.), 3:4 Nr.13 (65.), 3:5 Sasa Cancarevic (90.\/+3).<\/h5>\n<p><img loading=\"lazy\" decoding=\"async\" class=\"alignnone size-medium wp-image-519\" src=\"http:\/\/insideamateurfussball-ffm.de\/wp-content\/uploads\/2022\/06\/GT1-300x225.jpg\" alt=\"\" width=\"300\" height=\"225\" \/><img loading=\"lazy\" decoding=\"async\" class=\"alignnone size-medium wp-image-520\" src=\"http:\/\/insideamateurfussball-ffm.de\/wp-content\/uploads\/2022\/06\/GT2-300x225.jpg\" alt=\"\" width=\"300\" height=\"225\" \/><img loading=\"lazy\" decoding=\"async\" class=\"alignnone size-medium wp-image-521\" src=\"http:\/\/insideamateurfussball-ffm.de\/wp-content\/uploads\/2022\/06\/GT3-300x225.jpg\" alt=\"\" width=\"300\" height=\"225\" \/><img loading=\"lazy\" decoding=\"async\" class=\"alignnone size-medium wp-image-522\" src=\"http:\/\/insideamateurfussball-ffm.de\/wp-content\/uploads\/2022\/06\/GT4-300x225.jpg\" alt=\"\" width=\"300\" height=\"225\" \/><img loading=\"lazy\" decoding=\"async\" class=\"alignnone size-medium wp-image-523\" src=\"http:\/\/insideamateurfussball-ffm.de\/wp-content\/uploads\/2022\/06\/GT5-300x225.jpg\" alt=\"\" width=\"300\" height=\"225\" \/><\/p>\n","protected":false},"excerpt":{"rendered":"<p>SV Griesheim Tarik &#8211; FC Posavina 3:5 (2:2) Die l\u00e4ngst abgestiegenen Gastgeber befanden sich zur angesetzten Ansto\u00dfzeit um 20.15 Uhr noch in der Kabine, da sie nicht vollst\u00e4ndig waren. Die Begegnung wurde eine Viertelstunde sp\u00e4ter angepfiffen, um den Nachz\u00fcglern noch das Umziehen zu erm\u00f6glichen. Es war ein typisches Spiel am Ende einer langen Saison, in [&hellip;]<\/p>\n","protected":false},"author":1,"featured_media":0,"comment_status":"open","ping_status":"open","sticky":false,"template":"","format":"standard","meta":{"footnotes":""},"categories":[2],"tags":[],"class_list":["post-517","post","type-post","status-publish","format-standard","hentry","category-kreisoberliga-frankfurt"],"_links":{"self":[{"href":"https:\/\/insideamateurfussball-ffm.de\/index.php?rest_route=\/wp\/v2\/posts\/517","targetHints":{"allow":["GET"]}}],"collection":[{"href":"https:\/\/insideamateurfussball-ffm.de\/index.php?rest_route=\/wp\/v2\/posts"}],"about":[{"href":"https:\/\/insideamateurfussball-ffm.de\/index.php?rest_route=\/wp\/v2\/types\/post"}],"author":[{"embeddable":true,"href":"https:\/\/insideamateurfussball-ffm.de\/index.php?rest_route=\/wp\/v2\/users\/1"}],"replies":[{"embeddable":true,"href":"https:\/\/insideamateurfussball-ffm.de\/index.php?rest_route=%2Fwp%2Fv2%2Fcomments&post=517"}],"version-history":[{"count":2,"href":"https:\/\/insideamateurfussball-ffm.de\/index.php?rest_route=\/wp\/v2\/posts\/517\/revisions"}],"predecessor-version":[{"id":525,"href":"https:\/\/insideamateurfussball-ffm.de\/index.php?rest_route=\/wp\/v2\/posts\/517\/revisions\/525"}],"wp:attachment":[{"href":"https:\/\/insideamateurfussball-ffm.de\/index.php?rest_route=%2Fwp%2Fv2%2Fmedia&parent=517"}],"wp:term":[{"taxonomy":"category","embeddable":true,"href":"https:\/\/insideamateurfussball-ffm.de\/index.php?rest_route=%2Fwp%2Fv2%2Fcategories&post=517"},{"taxonomy":"post_tag","embeddable":true,"href":"https:\/\/insideamateurfussball-ffm.de\/index.php?rest_route=%2Fwp%2Fv2%2Ftags&post=517"}],"curies":[{"name":"wp","href":"https:\/\/api.w.org\/{rel}","templated":true}]}}