{"id":513,"date":"2022-05-31T17:22:04","date_gmt":"2022-05-31T17:22:04","guid":{"rendered":"http:\/\/insideamateurfussball-ffm.de\/?p=513"},"modified":"2025-01-03T18:09:28","modified_gmt":"2025-01-03T17:09:28","slug":"jeff-thielmann-von-bad-vilbel-nach-friedberg","status":"publish","type":"post","link":"https:\/\/insideamateurfussball-ffm.de\/?p=513","title":{"rendered":"Jeff Thielmann von Bad Vilbel nach Friedberg"},"content":{"rendered":"<h5>Innerhalb der Wetterau wechselt Jeff Thielmann vom k\u00fcnftigen Verbandsligisten FV Bad Vilbel zum Kreisrivalen T\u00fcrk G\u00fcc\u00fc Friedberg und bleibt somit der Hessenliga erhalten.<\/h5>\n<figure id=\"attachment_514\" aria-describedby=\"caption-attachment-514\" style=\"width: 225px\" class=\"wp-caption alignnone\"><img loading=\"lazy\" decoding=\"async\" class=\"size-medium wp-image-514\" src=\"http:\/\/insideamateurfussball-ffm.de\/wp-content\/uploads\/2022\/05\/Jeff-Thielmann-225x300.jpg\" alt=\"\" width=\"225\" height=\"300\" srcset=\"https:\/\/insideamateurfussball-ffm.de\/wp-content\/uploads\/2022\/05\/Jeff-Thielmann-225x300.jpg 225w, https:\/\/insideamateurfussball-ffm.de\/wp-content\/uploads\/2022\/05\/Jeff-Thielmann-768x1024.jpg 768w, https:\/\/insideamateurfussball-ffm.de\/wp-content\/uploads\/2022\/05\/Jeff-Thielmann-1152x1536.jpg 1152w, https:\/\/insideamateurfussball-ffm.de\/wp-content\/uploads\/2022\/05\/Jeff-Thielmann.jpg 1536w\" sizes=\"auto, (max-width: 225px) 100vw, 225px\" \/><figcaption id=\"caption-attachment-514\" class=\"wp-caption-text\">Jeff Thielmann bei seiner Pr\u00e4sentation mit seinem neuen Trikot. Foto: TGF.<\/figcaption><\/figure>\n<p>Der 22-j\u00e4hrige geb\u00fcrtige D\u00fcsseldorfer kam 2020 zum FV Bad Vilbel, nachdem er zuvor in der Verbandsliga S\u00fcd beim TSV Vatanspor Bad Homburg und in den USA im College-Team der Saint Francis University gespielt hatte. In der abgelaufenen Saison kam der Linksau\u00dfen auf acht Eins\u00e4tze im Trikot der Gr\u00fcn-Wei\u00dfen und erzielte ein Tor. Im letzten Herbst hatte Thielmann erneut f\u00fcr einige Monate einen USA-Aufenthalt eingelegt.<\/p>\n<blockquote>\n<div dir=\"auto\">&#8222;Ich bin sehr dankbar, dass Sinan Karanfil und Enis Dzihic den Wechsel so unkompliziert abgewickelt haben. Die Mannschaft macht einen tollen Eindruck und ich freue mich auf die kommende Zusammenarbeit.&#8220; (TGF-Neuzugang Jeff Thielmann)<\/div>\n<\/blockquote>\n","protected":false},"excerpt":{"rendered":"<p>Innerhalb der Wetterau wechselt Jeff Thielmann vom k\u00fcnftigen Verbandsligisten FV Bad Vilbel zum Kreisrivalen T\u00fcrk G\u00fcc\u00fc Friedberg und bleibt somit der Hessenliga erhalten. Der 22-j\u00e4hrige geb\u00fcrtige D\u00fcsseldorfer kam 2020 zum FV Bad Vilbel, nachdem er zuvor in der Verbandsliga S\u00fcd beim TSV Vatanspor Bad Homburg und in den USA im College-Team der Saint Francis University [&hellip;]<\/p>\n","protected":false},"author":1,"featured_media":514,"comment_status":"open","ping_status":"open","sticky":false,"template":"","format":"standard","meta":{"footnotes":""},"categories":[8],"tags":[],"class_list":["post-513","post","type-post","status-publish","format-standard","has-post-thumbnail","hentry","category-hessenliga"],"_links":{"self":[{"href":"https:\/\/insideamateurfussball-ffm.de\/index.php?rest_route=\/wp\/v2\/posts\/513","targetHints":{"allow":["GET"]}}],"collection":[{"href":"https:\/\/insideamateurfussball-ffm.de\/index.php?rest_route=\/wp\/v2\/posts"}],"about":[{"href":"https:\/\/insideamateurfussball-ffm.de\/index.php?rest_route=\/wp\/v2\/types\/post"}],"author":[{"embeddable":true,"href":"https:\/\/insideamateurfussball-ffm.de\/index.php?rest_route=\/wp\/v2\/users\/1"}],"replies":[{"embeddable":true,"href":"https:\/\/insideamateurfussball-ffm.de\/index.php?rest_route=%2Fwp%2Fv2%2Fcomments&post=513"}],"version-history":[{"count":2,"href":"https:\/\/insideamateurfussball-ffm.de\/index.php?rest_route=\/wp\/v2\/posts\/513\/revisions"}],"predecessor-version":[{"id":516,"href":"https:\/\/insideamateurfussball-ffm.de\/index.php?rest_route=\/wp\/v2\/posts\/513\/revisions\/516"}],"wp:featuredmedia":[{"embeddable":true,"href":"https:\/\/insideamateurfussball-ffm.de\/index.php?rest_route=\/wp\/v2\/media\/514"}],"wp:attachment":[{"href":"https:\/\/insideamateurfussball-ffm.de\/index.php?rest_route=%2Fwp%2Fv2%2Fmedia&parent=513"}],"wp:term":[{"taxonomy":"category","embeddable":true,"href":"https:\/\/insideamateurfussball-ffm.de\/index.php?rest_route=%2Fwp%2Fv2%2Fcategories&post=513"},{"taxonomy":"post_tag","embeddable":true,"href":"https:\/\/insideamateurfussball-ffm.de\/index.php?rest_route=%2Fwp%2Fv2%2Ftags&post=513"}],"curies":[{"name":"wp","href":"https:\/\/api.w.org\/{rel}","templated":true}]}}