{"id":495,"date":"2022-05-30T21:30:11","date_gmt":"2022-05-30T21:30:11","guid":{"rendered":"http:\/\/insideamateurfussball-ffm.de\/?p=495"},"modified":"2025-01-03T18:03:21","modified_gmt":"2025-01-03T17:03:21","slug":"gruppe-2-bosnien-ii-mit-drei-tagen-verspaetung-am-ziel","status":"publish","type":"post","link":"https:\/\/insideamateurfussball-ffm.de\/?p=495","title":{"rendered":"Gruppe 2: Bosnien II mit drei Tagen Versp\u00e4tung am Ziel"},"content":{"rendered":"<h5>In der Gruppe 2 der Fu\u00dfball-Kreisliga B Frankfurt steigt neben dem souver\u00e4nen Meister SV Frankfurt Nord auch die Reserve von Verbandsliga-Absteiger SV BKC Bosnien auf. Nachdem die Mannschaft von Trainer Mustafa Omerovic die Punkte vom 5:0-Sieg bei der SG Riederwald wegen eines Formfehlers am gr\u00fcnen Tisch wieder abgeben musste, machten die Bosnier drei Tage sp\u00e4ter mit dem 10:1 \u00fcber den FC Korea den erstmaligen Sprung in die A-Klasse perfekt. Da der drittplatzierte FC Posavina II vier Punkte zur\u00fcck liegt und nur noch eine Partie zu absolvieren hat, ist Bosnien II nicht mehr vom zweiten Aufstiegsplatz zu verdr\u00e4ngen. In einer der entscheidenden Partien im Abstiegskampf kam es zwischen dem FC Kosova II und Germania 94 II zu einem Spielabbruch.<\/h5>\n<figure id=\"attachment_496\" aria-describedby=\"caption-attachment-496\" style=\"width: 300px\" class=\"wp-caption alignnone\"><img loading=\"lazy\" decoding=\"async\" class=\"wp-image-496 size-medium\" src=\"http:\/\/insideamateurfussball-ffm.de\/wp-content\/uploads\/2022\/05\/korea5-300x237.jpg\" alt=\"\" width=\"300\" height=\"237\"><figcaption id=\"caption-attachment-496\" class=\"wp-caption-text\">Spielszene aus dem B-Liga-Spiel Bosnien II &#8211; FC Korea (10:1). Foto: Mithat G\u00fcrser.<\/figcaption><\/figure>\n<h5>SV BKC Bosnien II &#8211; FC Korea 10:1 (5:0)<\/h5>\n<p><img loading=\"lazy\" decoding=\"async\" class=\"alignnone size-full wp-image-139\" src=\"http:\/\/insideamateurfussball-ffm.de\/wp-content\/uploads\/2022\/05\/Bosnien.jpg\" alt=\"\" width=\"79\" height=\"80\"><img loading=\"lazy\" decoding=\"async\" class=\"alignnone size-full wp-image-497\" src=\"http:\/\/insideamateurfussball-ffm.de\/wp-content\/uploads\/2022\/05\/Korea.jpg\" alt=\"\" width=\"61\" height=\"80\"><\/p>\n<p>Torj\u00e4ger Alessio Burgio schraubte seine Trefferquote auf 31 hoch (1.\/16.\/50.\/73.), Safet Mujkic (3.\/45.\/85.), Admir Muratcehajic (38.), Elvedin Jasic (46.) und Salih Tabak (71.) trafen au\u00dferdem f\u00fcr den Aufsteiger. Eun-Yul Yee markierte den Ehrentreffer f\u00fcr die weiterhin abstiegsbedrohten Koreaner (48.). BKC-Pressesprecher Admir Malohodzic hob die Wichtigkeit des Aufstieges der Reserve hervor: &#8222;Nach dem Abstieg unserer Verbandsliga-Mannschaft brauchen wir einen starken Unterbau in der A-Klasse. Wir haben immer an uns geglaubt, auch als wir vor Monaten abgeschlagen auf Rang acht standen.&#8220;<\/p>\n<p><img loading=\"lazy\" decoding=\"async\" class=\"alignnone size-medium wp-image-498\" src=\"http:\/\/insideamateurfussball-ffm.de\/wp-content\/uploads\/2022\/05\/korea1-300x212.jpg\" alt=\"\" width=\"300\" height=\"212\"><img loading=\"lazy\" decoding=\"async\" class=\"alignnone size-medium wp-image-499\" src=\"http:\/\/insideamateurfussball-ffm.de\/wp-content\/uploads\/2022\/05\/korea2-300x215.jpg\" alt=\"\" width=\"300\" height=\"215\"><img loading=\"lazy\" decoding=\"async\" class=\"alignnone size-medium wp-image-500\" src=\"http:\/\/insideamateurfussball-ffm.de\/wp-content\/uploads\/2022\/05\/korea3-300x218.jpg\" alt=\"\" width=\"300\" height=\"218\"><img loading=\"lazy\" decoding=\"async\" class=\"alignnone size-medium wp-image-501\" src=\"http:\/\/insideamateurfussball-ffm.de\/wp-content\/uploads\/2022\/05\/korea4-300x208.jpg\" alt=\"\" width=\"300\" height=\"208\"><img loading=\"lazy\" decoding=\"async\" class=\"alignnone size-medium wp-image-503\" src=\"http:\/\/insideamateurfussball-ffm.de\/wp-content\/uploads\/2022\/05\/korea7-300x228.jpg\" alt=\"\" width=\"300\" height=\"228\"><img loading=\"lazy\" decoding=\"async\" class=\"alignnone size-medium wp-image-504\" src=\"http:\/\/insideamateurfussball-ffm.de\/wp-content\/uploads\/2022\/05\/korea8-300x233.jpg\" alt=\"\" width=\"300\" height=\"233\"><img loading=\"lazy\" decoding=\"async\" class=\"alignnone size-medium wp-image-505\" src=\"http:\/\/insideamateurfussball-ffm.de\/wp-content\/uploads\/2022\/05\/korea9-300x199.jpg\" alt=\"\" width=\"300\" height=\"199\"><img loading=\"lazy\" decoding=\"async\" class=\"alignnone size-medium wp-image-506\" src=\"http:\/\/insideamateurfussball-ffm.de\/wp-content\/uploads\/2022\/05\/korea10-300x199.jpg\" alt=\"\" width=\"300\" height=\"199\"><img loading=\"lazy\" decoding=\"async\" class=\"alignnone size-medium wp-image-507\" src=\"http:\/\/insideamateurfussball-ffm.de\/wp-content\/uploads\/2022\/05\/korea11-300x201.jpg\" alt=\"\" width=\"300\" height=\"201\">Fotos: Mithat G\u00fcrser.<\/p>\n<h5>FC Kosova II &#8211; VfL Germania 94 II 0:1 (0:0) abgebrochen<\/h5>\n<p><img loading=\"lazy\" decoding=\"async\" class=\"alignnone size-full wp-image-9\" src=\"http:\/\/insideamateurfussball-ffm.de\/wp-content\/uploads\/2021\/11\/Kosova.jpg\" alt=\"\" width=\"65\" height=\"80\"><img loading=\"lazy\" decoding=\"async\" class=\"alignnone size-full wp-image-508\" src=\"http:\/\/insideamateurfussball-ffm.de\/wp-content\/uploads\/2022\/05\/Germania-94.jpg\" alt=\"\" width=\"80\" height=\"80\"><\/p>\n<p>Das Schlusslicht f\u00fchrte durch Bilal Khalid Dad (50.) und stand kurz davor, nach Punkten mit den Gastgebern gleichzuziehen. Doch dann gab es nach einer Roten Karte gegen einen Kosova-Spieler Tumulte im Schatten des Fernsehturms, sodass der Schiedsrichter die Partie abbrach (81.). Spieler beider Teams gingen aufeinander los, auch der Unparteiische soll in Mitleidenschaft gezogen worden sein. Nun muss das Kreissportgericht t\u00e4tig werden und ein Urteil f\u00e4llen, wer diesen Spielabbruch verursacht hat. Kosovas Spielausschuss-Chef Rudi Statovci bedauerte die Vorf\u00e4lle und k\u00fcndigte interne Konsequenzen an: &#8222;Einer unserer Spieler hat den Schiri geschubst. Das ist vereinssch\u00e4digendes Verhalten. Dieser Spieler wird f\u00fcr uns nicht mehr spielen, so wahr ich hier stehe.&#8220;<\/p>\n","protected":false},"excerpt":{"rendered":"<p>In der Gruppe 2 der Fu\u00dfball-Kreisliga B Frankfurt steigt neben dem souver\u00e4nen Meister SV Frankfurt Nord auch die Reserve von Verbandsliga-Absteiger SV BKC Bosnien auf. Nachdem die Mannschaft von Trainer Mustafa Omerovic die Punkte vom 5:0-Sieg bei der SG Riederwald wegen eines Formfehlers am gr\u00fcnen Tisch wieder abgeben musste, machten die Bosnier drei Tage sp\u00e4ter [&hellip;]<\/p>\n","protected":false},"author":1,"featured_media":0,"comment_status":"open","ping_status":"open","sticky":false,"template":"","format":"standard","meta":{"footnotes":""},"categories":[11],"tags":[],"class_list":["post-495","post","type-post","status-publish","format-standard","hentry","category-kreisliga-b"],"_links":{"self":[{"href":"https:\/\/insideamateurfussball-ffm.de\/index.php?rest_route=\/wp\/v2\/posts\/495","targetHints":{"allow":["GET"]}}],"collection":[{"href":"https:\/\/insideamateurfussball-ffm.de\/index.php?rest_route=\/wp\/v2\/posts"}],"about":[{"href":"https:\/\/insideamateurfussball-ffm.de\/index.php?rest_route=\/wp\/v2\/types\/post"}],"author":[{"embeddable":true,"href":"https:\/\/insideamateurfussball-ffm.de\/index.php?rest_route=\/wp\/v2\/users\/1"}],"replies":[{"embeddable":true,"href":"https:\/\/insideamateurfussball-ffm.de\/index.php?rest_route=%2Fwp%2Fv2%2Fcomments&post=495"}],"version-history":[{"count":2,"href":"https:\/\/insideamateurfussball-ffm.de\/index.php?rest_route=\/wp\/v2\/posts\/495\/revisions"}],"predecessor-version":[{"id":510,"href":"https:\/\/insideamateurfussball-ffm.de\/index.php?rest_route=\/wp\/v2\/posts\/495\/revisions\/510"}],"wp:attachment":[{"href":"https:\/\/insideamateurfussball-ffm.de\/index.php?rest_route=%2Fwp%2Fv2%2Fmedia&parent=495"}],"wp:term":[{"taxonomy":"category","embeddable":true,"href":"https:\/\/insideamateurfussball-ffm.de\/index.php?rest_route=%2Fwp%2Fv2%2Fcategories&post=495"},{"taxonomy":"post_tag","embeddable":true,"href":"https:\/\/insideamateurfussball-ffm.de\/index.php?rest_route=%2Fwp%2Fv2%2Ftags&post=495"}],"curies":[{"name":"wp","href":"https:\/\/api.w.org\/{rel}","templated":true}]}}