{"id":491,"date":"2022-05-30T21:12:26","date_gmt":"2022-05-30T21:12:26","guid":{"rendered":"http:\/\/insideamateurfussball-ffm.de\/?p=491"},"modified":"2025-01-03T18:03:31","modified_gmt":"2025-01-03T17:03:31","slug":"gruppe-1-makkabi-steigt-ohne-training-auf","status":"publish","type":"post","link":"https:\/\/insideamateurfussball-ffm.de\/?p=491","title":{"rendered":"Gruppe 1: Makkabi II steigt ohne Training auf"},"content":{"rendered":"<h5>In der Fu\u00dfball-Kreisliga B Frankfurt (Gruppe 1) kam der TuS Makkabi II kampflos zu drei Punkten, da der SV Blau-Gelb II aus Personalmangel nicht antrat. Damit steht der Tabellenf\u00fchrer als erster Aufsteiger in die A-Klasse fest. Die SG Harheim II hat nach dem 4:0 gegen den FC Dynamo nun bei f\u00fcnf Punkten Vorsprung auf den Riedberger SV sehr gute Chancen, Makkabis Reserve eine Etage h\u00f6her zu begleiten. Der RSV leistete sich eine 1:2-Heimniederlage gegen den BSC Schwarz-Wei\u00df 19 II, damit sind die Chancen des selbst ernannten Aufstiegsanw\u00e4rters auf ein Minimum gesunken.<\/h5>\n<figure id=\"attachment_492\" aria-describedby=\"caption-attachment-492\" style=\"width: 300px\" class=\"wp-caption alignnone\"><img loading=\"lazy\" decoding=\"async\" class=\"wp-image-492 size-medium\" src=\"http:\/\/insideamateurfussball-ffm.de\/wp-content\/uploads\/2022\/05\/Makkabi-II-300x147.jpg\" alt=\"\" width=\"300\" height=\"147\"><figcaption id=\"caption-attachment-492\" class=\"wp-caption-text\">Das Aufstiegsteam des TuS Makkabi II. Foto: Verein.<\/figcaption><\/figure>\n<p><img loading=\"lazy\" decoding=\"async\" class=\"alignnone size-full wp-image-90\" src=\"http:\/\/insideamateurfussball-ffm.de\/wp-content\/uploads\/2022\/05\/makkabi-neu.jpg\" alt=\"\" width=\"80\" height=\"80\"><\/p>\n<p>Makkabis Reserve hatte im Saisonverlauf nicht einmal das Wort Aufstieg in den Mund genommen. Das Team von Trainer Marlon Hubermann konzentrierte sich mit Disziplin und Willenskraft auf die Spieltage und kassierte in bislang 28 Partien nur 25 Gegentore. &#8222;Die Defensive hat diesen Aufstieg garantiert, aber es war vor allem eine Teamleistung&#8220;, sagt Pressesprecher Yan Gurevych, der selbst aktiv auf dem Platz steht. Bemerkenswert sein Gest\u00e4ndnis: &#8222;Wir haben in dieser Saison keine einzige Trainingseinheit absolviert.&#8220; Trotzdem gab es nur eine Niederlage zu Saisonbeginn Ende August, als der diesmal im R\u00fcckspiel nicht angetretene SV Blau-Gelb II gegen Makkabis &#8222;Zweite&#8220; mit 3:1 gewann. Seitdem sind die Makkab\u00e4er in 24 Spielen ohne Niederlage geblieben und haben 102 Treffer markiert, dazu belegen sie Rang eins in der Fairnesstabelle. Es gab keine einzige Rote Karte. Beste Torsch\u00fctzen des Aufstiegsteams sind Ben Ari Sch\u00fcler (12), Santiago Alejandro Gamez Camaran (11) und Lukas Grolle (10).<\/p>\n<h5>SG Harheim II &#8211; FC Dynamo 4:0 (0:0)<\/h5>\n<p><img loading=\"lazy\" decoding=\"async\" class=\"alignnone size-full wp-image-284\" src=\"http:\/\/insideamateurfussball-ffm.de\/wp-content\/uploads\/2022\/05\/Harheim.jpg\" alt=\"\" width=\"78\" height=\"80\"><img loading=\"lazy\" decoding=\"async\" class=\"alignnone size-full wp-image-169\" src=\"http:\/\/insideamateurfussball-ffm.de\/wp-content\/uploads\/2022\/05\/Dynamo.png\" alt=\"\" width=\"73\" height=\"80\"><\/p>\n<p>Durch den feststehenden Aufstieg der Ersten Mannschaft in die Kreisoberliga kann auch die Harheimer Reserve ihr Aufstiegsrecht wahrnehmen. Im ersten Abschnitt tat sich die Mannschaft von Trainer Thomas Zampach aber gegen die gut verteidigenden &#8222;Dynamos&#8220; noch schwer. &#8222;Nach der Niederlage am Frankfurter Berg war das vielleicht ein mentales Problem. Wir waren im Abschluss zu \u00fcberhastet&#8220;, meinte Zampach. Das \u00e4nderte sich nach dem Seitenwechsel. Patrick Rhodes (52.\/73.) und Michael Rhodes (69.\/79.) trafen doppelt und brachten Harheim II in eine g\u00fcnstige Ausgangsposition. Gewinnt die Zampach-Elf am Samstag bei Schwarz-Wei\u00df Griesheim, w\u00e4re der Aufstieg perfekt.<\/p>\n<h5>Riedberger SV &#8211; BSC Schwarz-Wei\u00df 19 II 1:2 (1:1)<\/h5>\n<p><img loading=\"lazy\" decoding=\"async\" class=\"alignnone size-full wp-image-286\" src=\"http:\/\/insideamateurfussball-ffm.de\/wp-content\/uploads\/2022\/05\/RSV.jpg\" alt=\"\" width=\"80\" height=\"80\"><img loading=\"lazy\" decoding=\"async\" class=\"alignnone size-full wp-image-285\" src=\"http:\/\/insideamateurfussball-ffm.de\/wp-content\/uploads\/2022\/05\/BSC-19.jpg\" alt=\"\" width=\"80\" height=\"61\"><\/p>\n<p>Tom Angenendt sorgte f\u00fcr einen guten Auftakt der Gastgeber (4.), doch dann kamen die engagierten G\u00e4ste st\u00e4rker auf. Yassin Chaouki (42.) glich aus und Marcel Arend (48.) brachte den Tabellenvierten nach vorne (48.), der dann weiter dominant auftrat. &#8222;Wir h\u00e4tten auch 6:1 verlieren k\u00f6nnen, hatten kaum Torsch\u00fcsse abgegeben und kein gutes Spiel gezeigt&#8220;, war RSV-Coach Mike D\u00f6llinger \u00fcber die schwache Leistung entt\u00e4uscht. BSC-Co-Trainer Ararat Akkus lobte den Riedberger Torh\u00fcter Thomas Berger: &#8222;Ohne ihn w\u00e4re es deutlicher geworden.&#8220;<\/p>\n","protected":false},"excerpt":{"rendered":"<p>In der Fu\u00dfball-Kreisliga B Frankfurt (Gruppe 1) kam der TuS Makkabi II kampflos zu drei Punkten, da der SV Blau-Gelb II aus Personalmangel nicht antrat. Damit steht der Tabellenf\u00fchrer als erster Aufsteiger in die A-Klasse fest. Die SG Harheim II hat nach dem 4:0 gegen den FC Dynamo nun bei f\u00fcnf Punkten Vorsprung auf den [&hellip;]<\/p>\n","protected":false},"author":1,"featured_media":0,"comment_status":"open","ping_status":"open","sticky":false,"template":"","format":"standard","meta":{"footnotes":""},"categories":[11],"tags":[],"class_list":["post-491","post","type-post","status-publish","format-standard","hentry","category-kreisliga-b"],"_links":{"self":[{"href":"https:\/\/insideamateurfussball-ffm.de\/index.php?rest_route=\/wp\/v2\/posts\/491","targetHints":{"allow":["GET"]}}],"collection":[{"href":"https:\/\/insideamateurfussball-ffm.de\/index.php?rest_route=\/wp\/v2\/posts"}],"about":[{"href":"https:\/\/insideamateurfussball-ffm.de\/index.php?rest_route=\/wp\/v2\/types\/post"}],"author":[{"embeddable":true,"href":"https:\/\/insideamateurfussball-ffm.de\/index.php?rest_route=\/wp\/v2\/users\/1"}],"replies":[{"embeddable":true,"href":"https:\/\/insideamateurfussball-ffm.de\/index.php?rest_route=%2Fwp%2Fv2%2Fcomments&post=491"}],"version-history":[{"count":2,"href":"https:\/\/insideamateurfussball-ffm.de\/index.php?rest_route=\/wp\/v2\/posts\/491\/revisions"}],"predecessor-version":[{"id":494,"href":"https:\/\/insideamateurfussball-ffm.de\/index.php?rest_route=\/wp\/v2\/posts\/491\/revisions\/494"}],"wp:attachment":[{"href":"https:\/\/insideamateurfussball-ffm.de\/index.php?rest_route=%2Fwp%2Fv2%2Fmedia&parent=491"}],"wp:term":[{"taxonomy":"category","embeddable":true,"href":"https:\/\/insideamateurfussball-ffm.de\/index.php?rest_route=%2Fwp%2Fv2%2Fcategories&post=491"},{"taxonomy":"post_tag","embeddable":true,"href":"https:\/\/insideamateurfussball-ffm.de\/index.php?rest_route=%2Fwp%2Fv2%2Ftags&post=491"}],"curies":[{"name":"wp","href":"https:\/\/api.w.org\/{rel}","templated":true}]}}