{"id":473,"date":"2022-05-29T21:46:56","date_gmt":"2022-05-29T21:46:56","guid":{"rendered":"http:\/\/insideamateurfussball-ffm.de\/?p=473"},"modified":"2025-01-03T18:04:08","modified_gmt":"2025-01-03T17:04:08","slug":"oberrad-muss-auch-absteigen","status":"publish","type":"post","link":"https:\/\/insideamateurfussball-ffm.de\/?p=473","title":{"rendered":"Oberrad muss auch absteigen"},"content":{"rendered":"<h5>Schon nach dem drittletzten Spieltag stehen in der Fu\u00dfball-Verbandsliga S\u00fcd die f\u00fcnf Absteiger fest. Neben dem VfB Ginsheim II, Germania Gro\u00dfkrotzenburg und dem SV BKC Bosnien m\u00fcssen auch der SV Pars Neu-Isenburg und mit der Spvgg. Oberrad ein zweiter Frankfurter Vertreter in die Gruppenliga runter. Damit haben der VfR\/Dersim R\u00fcsselsheim, der durch das 2:0 gegen Pars den direkten Konkurrenten nach unten bef\u00f6rderte und Rot-Weiss Frankfurt, das schon am Donnerstag mit 3:1 gegen den JSK Rodgau gewann, den Klassenerhalt gesichert. Durch die 2:3-Niederlage bei Mitabsteiger Bosnien kann Oberrad bei sechs Punkten R\u00fcckstand aufgrund des verlorenen direkten Vergleiches R\u00fcsselsheim nicht mehr einholen.<\/h5>\n<figure id=\"attachment_474\" aria-describedby=\"caption-attachment-474\" style=\"width: 300px\" class=\"wp-caption alignnone\"><img loading=\"lazy\" decoding=\"async\" class=\"wp-image-474 size-medium\" src=\"http:\/\/insideamateurfussball-ffm.de\/wp-content\/uploads\/2022\/05\/oberr5-300x218.jpg\" alt=\"\" width=\"300\" height=\"218\" \/><figcaption id=\"caption-attachment-474\" class=\"wp-caption-text\">N\u00e4chste Saison ein Duell in der Gruppenliga Frankfurt West: Bosnien &#8211; Oberrad. Foto: Mithat G\u00fcrser.<\/figcaption><\/figure>\n<h5>Germania Gro\u00dfkrotzenburg &#8211; FFV Sportfreunde 3:1 (0:1)<\/h5>\n<p><img loading=\"lazy\" decoding=\"async\" class=\"alignnone size-full wp-image-475\" src=\"http:\/\/insideamateurfussball-ffm.de\/wp-content\/uploads\/2022\/05\/GKK.jpg\" alt=\"\" width=\"80\" height=\"76\" \/><img loading=\"lazy\" decoding=\"async\" class=\"alignnone size-full wp-image-141\" src=\"http:\/\/insideamateurfussball-ffm.de\/wp-content\/uploads\/2022\/05\/Speuzer.jpg\" alt=\"\" width=\"80\" height=\"80\" \/><\/p>\n<p>Der Absteiger gab durch den Sieg den letzten Tabellenplatz an den VfB Ginsheim II weiter. Die Sportfreunde verpassten es nach der F\u00fchrung durch Giuseppe Signorelli (16.) im Oberwaldstadion weitere Treffer nachzulegen. So standen Danyal Tekin, Bilal Zerouali und Ersan Rovcanin im Laufe des ersten Abschnitts vor Gro\u00dfkrotzenburgs Torh\u00fcter Sadra Sememy und brachten den Ball nicht im Tor unter. &#8222;Wir hatten ein Kopfproblem, denn wir haben den Gegner nicht ernst genommen. Als wir mit der 1:0-F\u00fchrung in die Halbzeit sind, hat man noch \u00fcber die H\u00f6he des Sieges diskutiert&#8220;, erkl\u00e4rte FFV-Trainer Artug \u00d6zbakir. Doch nach dem Seitenwechsel erlebten die &#8222;Speuzer&#8220; eine b\u00f6se \u00dcberraschung. Die Gastgeber erzielten innerhalb von zehn Minuten drei Tore. Erst glich Max Grammel aus (62.), dann brachte Timucin Sen Gro\u00dfkrotzenburg in F\u00fchrung (67.). Schlie\u00dflich besorgte Grammel den Endstand (72.)<\/p>\n<h5>SC 1960 Hanau &#8211; SG Bornheim\/Gr\u00fcn-Wei\u00df 4:2 (1:1)<\/h5>\n<p><img loading=\"lazy\" decoding=\"async\" class=\"alignnone size-full wp-image-138\" src=\"http:\/\/insideamateurfussball-ffm.de\/wp-content\/uploads\/2022\/05\/Hanau-1960.jpg\" alt=\"\" width=\"63\" height=\"80\" \/><img loading=\"lazy\" decoding=\"async\" class=\"alignnone size-full wp-image-119\" src=\"http:\/\/insideamateurfussball-ffm.de\/wp-content\/uploads\/2022\/05\/Bornheim.jpg\" alt=\"\" width=\"80\" height=\"80\" \/><\/p>\n<p>Durch die zweite Ausw\u00e4rtsniederlage in Folge zogen die Hanauer mit Bornheim nach Punkten gleich. Bei den G\u00e4sten gab der aus der eigenen Jugend stammende Torh\u00fcter Patrick Romisch sein Verbandsliga-Deb\u00fct. &#8222;Er war an den Gegentoren schuldlos und hat einige B\u00e4lle gut pariert&#8220;, erkl\u00e4rte Bornheims Trainer Sascha Volk. &#8222;Der Sieg der Gastgeber ist verdient. F\u00fcr uns w\u00e4re mit etwas mehr Spielgl\u00fcck mehr drin gewesen&#8220;, erg\u00e4nzte Volk. In der 79. Minute traf Marius Troll mit einem Foulelfmeter die Latte. Bei den Hanauern erhielt Kapit\u00e4n \u00d6zcan Aydin wegen Beleidigung die Rote Karte (88.). Die Tore: 1:0 Kohei Suzuki (25.), 1:1 Og\u00fcn \u00dcnal (45.), 2:1 Valerio Marcello Mickley (53.), 3:1 Ronaldo Dos Santos Ferreira (63.), 4:1 Leon Wronski (68.), 4:2 Benny Lafortune (90.).<\/p>\n<h5>SV BKC Bosnien &#8211; Spvgg. 05 Oberrad 3:2 (2:2)<\/h5>\n<p><img loading=\"lazy\" decoding=\"async\" class=\"alignnone size-full wp-image-139\" src=\"http:\/\/insideamateurfussball-ffm.de\/wp-content\/uploads\/2022\/05\/Bosnien.jpg\" alt=\"\" width=\"79\" height=\"80\" \/><img loading=\"lazy\" decoding=\"async\" class=\"alignnone size-full wp-image-137\" src=\"http:\/\/insideamateurfussball-ffm.de\/wp-content\/uploads\/2022\/05\/Oberrad05.jpg\" alt=\"\" width=\"79\" height=\"80\" \/><\/p>\n<p>Die Gastgeber zeigten sich im Frankfurter Stadtduell nach dem feststehenden Abstieg vom Druck befreit und boten ihrem Publikum nach wochenlanger Erfolglosigkeit noch einmal ein gutes und von Erfolg gekr\u00f6ntes Spiel. Hauptdarsteller war der zuletzt wegen leichten Verletzungen au\u00dfer Form gekommene japanische Torj\u00e4ger Kodai Hayashi, der die Bosnier dreimal in F\u00fchrung brachte (4.\/34.\/86.) und somit ma\u00dfgeblich am Sieg beteiligt war. Die ersten beiden Tore wurden von Kapit\u00e4n Husejn Mevkic vorbereitet, dem Siegtreffer ging eine Flanke von Adis Hasecic voraus. Oberrad glich zweimal durch Masse Bell Bell (13.) und Filip Mitrovic aus (42.). &#8222;Dieser Sieg ist f\u00fcr unsere K\u00f6pfe ganz wichtig, das waren wir auch den anderen Vereinen im Abstiegskampf schuldig&#8220;; betonte BKC-Pressesprecher Admir Malohodzic. In der Schlussphase hatten Kaan K\u00f6ksal und der bei einem Eckball nach vorne geeilte Torh\u00fcter Nikola Bazina f\u00fcr die G\u00e4ste noch den Ausgleich auf dem Fu\u00df. Beide Vereine werden sich in der kommenden Saison eine Etage tiefer in der Gruppenliga Frankfurt West duellieren, denn nach einer beispiellosen Talfahrt muss auch Oberrad trotz zwei Trainerwechseln absteigen. Ende November stand die Mannschaft noch auf Platz acht und hatte 13 Punkte Vorsprung auf die Abstiegszone. Seitdem blieben die &#8222;05er&#8220; ein halbes Jahr sieglos und holten nur vier Unentschieden. Der neue Trainer Sascha Amst\u00e4tter stellte fest: &#8222;Ein Punkt h\u00e4tte uns nicht geholfen, wir wollten unbedingt gewinnen. Aber wir sind nicht durch die Ergebnisse in dieser Woche abgestiegen, sondern durch die Resultate der Wochen und Monate davor.&#8220;<\/p>\n<p>\u00a0<\/p>\n\n\n<div class=\"wp-block-columns is-layout-flex wp-container-core-columns-is-layout-28f84493 wp-block-columns-is-layout-flex\">\n<div class=\"wp-block-column is-layout-flow wp-block-column-is-layout-flow\" style=\"flex-basis:100%\">\n<div class=\"wp-block-columns is-layout-flex wp-container-core-columns-is-layout-28f84493 wp-block-columns-is-layout-flex\">\n<div class=\"wp-block-column is-layout-flow wp-block-column-is-layout-flow\" style=\"flex-basis:100%\">\n<figure class=\"wp-block-gallery has-nested-images columns-default is-cropped wp-block-gallery-1 is-layout-flex wp-block-gallery-is-layout-flex\">\n<figure class=\"wp-block-image size-large is-style-default\"><img decoding=\"async\" data-id=\"476\" src=\"http:\/\/insideamateurfussball-ffm.de\/wp-content\/uploads\/2022\/05\/oberr11.jpg\" alt=\"\" class=\"wp-image-476\"\/><figcaption>Fotos: Mithat G\u00fcrser.<\/figcaption><\/figure>\n<\/figure>\n<\/div>\n<\/div>\n<\/div>\n<\/div>\n\n\n\n<div class=\"wp-block-columns is-layout-flex wp-container-core-columns-is-layout-28f84493 wp-block-columns-is-layout-flex\">\n<div class=\"wp-block-column is-layout-flow wp-block-column-is-layout-flow\">\n<figure class=\"wp-block-image size-full is-style-default\"><img decoding=\"async\" src=\"http:\/\/insideamateurfussball-ffm.de\/wp-content\/uploads\/2022\/05\/oberr16.jpg\" alt=\"\" class=\"wp-image-477\"\/><\/figure>\n<\/div>\n\n\n\n<div class=\"wp-block-column is-layout-flow wp-block-column-is-layout-flow\">\n<figure class=\"wp-block-image size-full is-style-default\"><img decoding=\"async\" src=\"http:\/\/insideamateurfussball-ffm.de\/wp-content\/uploads\/2022\/05\/sach1.jpg\" alt=\"\" class=\"wp-image-478\"\/><\/figure>\n<\/div>\n\n\n\n<div class=\"wp-block-column is-layout-flow wp-block-column-is-layout-flow\">\n<figure class=\"wp-block-image size-full is-style-default\"><img decoding=\"async\" src=\"http:\/\/insideamateurfussball-ffm.de\/wp-content\/uploads\/2022\/05\/oberr1.jpg\" alt=\"\" class=\"wp-image-479\"\/><\/figure>\n<\/div>\n<\/div>\n\n\n\n<div class=\"wp-block-columns is-layout-flex wp-container-core-columns-is-layout-28f84493 wp-block-columns-is-layout-flex\">\n<div class=\"wp-block-column is-layout-flow wp-block-column-is-layout-flow\">\n<figure class=\"wp-block-image size-full is-style-default\"><img decoding=\"async\" src=\"http:\/\/insideamateurfussball-ffm.de\/wp-content\/uploads\/2022\/05\/oberr6.jpg\" alt=\"\" class=\"wp-image-480\"\/><\/figure>\n<\/div>\n\n\n\n<div class=\"wp-block-column is-layout-flow wp-block-column-is-layout-flow\"><\/div>\n\n\n\n<div class=\"wp-block-column is-layout-flow wp-block-column-is-layout-flow\"><\/div>\n<\/div>\n","protected":false},"excerpt":{"rendered":"<p>Schon nach dem drittletzten Spieltag stehen in der Fu\u00dfball-Verbandsliga S\u00fcd die f\u00fcnf Absteiger fest. Neben dem VfB Ginsheim II, Germania Gro\u00dfkrotzenburg und dem SV BKC Bosnien m\u00fcssen auch der SV Pars Neu-Isenburg und mit der Spvgg. Oberrad ein zweiter Frankfurter Vertreter in die Gruppenliga runter. Damit haben der VfR\/Dersim R\u00fcsselsheim, der durch das 2:0 gegen [&hellip;]<\/p>\n","protected":false},"author":1,"featured_media":0,"comment_status":"open","ping_status":"open","sticky":false,"template":"","format":"standard","meta":{"footnotes":""},"categories":[10],"tags":[],"class_list":["post-473","post","type-post","status-publish","format-standard","hentry","category-verbandsliga-sued"],"_links":{"self":[{"href":"https:\/\/insideamateurfussball-ffm.de\/index.php?rest_route=\/wp\/v2\/posts\/473","targetHints":{"allow":["GET"]}}],"collection":[{"href":"https:\/\/insideamateurfussball-ffm.de\/index.php?rest_route=\/wp\/v2\/posts"}],"about":[{"href":"https:\/\/insideamateurfussball-ffm.de\/index.php?rest_route=\/wp\/v2\/types\/post"}],"author":[{"embeddable":true,"href":"https:\/\/insideamateurfussball-ffm.de\/index.php?rest_route=\/wp\/v2\/users\/1"}],"replies":[{"embeddable":true,"href":"https:\/\/insideamateurfussball-ffm.de\/index.php?rest_route=%2Fwp%2Fv2%2Fcomments&post=473"}],"version-history":[{"count":1,"href":"https:\/\/insideamateurfussball-ffm.de\/index.php?rest_route=\/wp\/v2\/posts\/473\/revisions"}],"predecessor-version":[{"id":481,"href":"https:\/\/insideamateurfussball-ffm.de\/index.php?rest_route=\/wp\/v2\/posts\/473\/revisions\/481"}],"wp:attachment":[{"href":"https:\/\/insideamateurfussball-ffm.de\/index.php?rest_route=%2Fwp%2Fv2%2Fmedia&parent=473"}],"wp:term":[{"taxonomy":"category","embeddable":true,"href":"https:\/\/insideamateurfussball-ffm.de\/index.php?rest_route=%2Fwp%2Fv2%2Fcategories&post=473"},{"taxonomy":"post_tag","embeddable":true,"href":"https:\/\/insideamateurfussball-ffm.de\/index.php?rest_route=%2Fwp%2Fv2%2Ftags&post=473"}],"curies":[{"name":"wp","href":"https:\/\/api.w.org\/{rel}","templated":true}]}}