{"id":466,"date":"2022-05-29T21:28:38","date_gmt":"2022-05-29T21:28:38","guid":{"rendered":"http:\/\/insideamateurfussball-ffm.de\/?p=466"},"modified":"2025-01-03T18:04:22","modified_gmt":"2025-01-03T17:04:22","slug":"bad-vilbel-verabschiedet-sich-nach-vier-jahren-in-die-verbandsliga-sued","status":"publish","type":"post","link":"https:\/\/insideamateurfussball-ffm.de\/?p=466","title":{"rendered":"Bad Vilbel verabschiedet sich nach vier Jahren in die Verbandsliga"},"content":{"rendered":"<h5>FV Bad Vilbel &#8211; H\u00fcnfelder SV 0:2 (0:2)<\/h5>\n<p><img loading=\"lazy\" decoding=\"async\" class=\"alignnone size-full wp-image-146\" src=\"http:\/\/insideamateurfussball-ffm.de\/wp-content\/uploads\/2022\/05\/FV-Bad-Vilbel.jpg\" alt=\"\" width=\"80\" height=\"80\"><img loading=\"lazy\" decoding=\"async\" class=\"alignnone size-full wp-image-232\" src=\"http:\/\/insideamateurfussball-ffm.de\/wp-content\/uploads\/2022\/05\/Huenfeld.jpg\" alt=\"\" width=\"80\" height=\"80\"><\/p>\n<h5 data-canvas-width=\"603.137333333333\">Das vorerst letzte Heimspiel des FV Bad Vilbel in der Lotto Hessenliga ging nach schwacher Leistung mit 0:2 (0:2) an den ebenso bereits vor der Partie abgestiegenen H\u00fcnfelder SV. Man merkte allen in gr\u00fcn und wei\u00df deutlich an, dass die Luft nach einer langen Saison und dem seit Sonntag feststehenden Abstieg raus war. Sp\u00e4testens nach dem 0:2 ging nichts mehr.<\/h5>\n<figure id=\"attachment_467\" aria-describedby=\"caption-attachment-467\" style=\"width: 300px\" class=\"wp-caption alignnone\"><img loading=\"lazy\" decoding=\"async\" class=\"size-medium wp-image-467\" src=\"http:\/\/insideamateurfussball-ffm.de\/wp-content\/uploads\/2022\/05\/IMG_0003-2-300x225.jpg\" alt=\"\" width=\"300\" height=\"225\"><figcaption id=\"caption-attachment-467\" class=\"wp-caption-text\">Die Mannschaft des FV Bad Vilbel spielt nach vier Jahren Hessenliga n\u00e4chste Saison wieder in der Verbandsliga S\u00fcd. Foto: Jan W.<\/figcaption><\/figure>\n<div data-canvas-width=\"602.6826666666661\">Trainer Amir Mustafic gab wie angek\u00fcndigt dem ein oder anderen Spieler, der im Laufe der Spielzeit<\/div>\n<div data-canvas-width=\"603.1666666666664\">weniger zum Zug kam, heute mehr Einsatzzeit. So standen mit Torwart Niklas Schulze,<\/div>\n<div data-canvas-width=\"603.5626666666666\">Mittelfeldspieler Dominik Budic und dem heute zun\u00e4chst im Angriff aufgestellten Denis Hadzimusic<\/div>\n<div data-canvas-width=\"181.63199999999998\">drei Spieler gar in der Startelf. <span style=\"color: initial;\">Der Gast aus Osthessen reiste wie schon in den vergangenen Wochen stark ersatzgeschw\u00e4cht mit nur <\/span><span style=\"color: initial;\">14 Spielern an. Trainer Johannes Helmke r\u00fcckte kurzfristig f\u00fcr den angeschlagenen Kapit\u00e4n Julian <\/span><span style=\"color: initial;\">Rohde in die Startelf. Als Einwechselspieler standen zudem nur Co-Trainer Simon Grosch und der <\/span><span style=\"color: initial;\">etatm\u00e4\u00dfige Torh\u00fcter Benedikt Kaiser als Feldspieler zur Verf\u00fcgung. <\/span><\/div>\n<div data-canvas-width=\"181.63199999999998\">&nbsp;<\/div>\n<div data-canvas-width=\"181.63199999999998\"><span style=\"color: initial;\">Beide kamen im zweiten <\/span><span style=\"color: initial;\">Durchgang zum Einsatz. <\/span><span style=\"color: initial;\">Die Vilbeler Mannschaft legte zun\u00e4chst recht ordentlich los und war mehr in Ballbesitz. Wie so oft <\/span><span style=\"color: initial;\">fehlte es vorne aber an Durchschlagskraft. So war es bezeichnend, dass Innenverteidiger Adnan Alik <\/span><span style=\"color: initial;\">nach tollem Doppelpass mit Kaito Shimoda f\u00fcr erste leichte Gefahr sorgte. Sein Rechtsschuss <\/span><span style=\"color: initial;\">verfehlte aber ebenso das Tor (10.) wie der Schuss von Kaito Shimoda in der 22. Minute, der \u00fcber das <\/span><span style=\"color: initial;\">Tor ging. H\u00fcnfeld stand hinten enggestaffelt und versuchte es mit schnellen Kontern. Die erste gute <\/span><span style=\"color: initial;\">M\u00f6glichkeit hatte dabei Maximilian Froehlich, der an Schulze scheiterte. Besser machte es nach rund <\/span><span style=\"color: initial;\">einer halben Stunde Kevin Krieger, der einen Pass von Froehlich im R\u00fcckraum freistehend <\/span><span style=\"color: initial;\">verwandelte \u2013 0:1.<\/span><\/div>\n<h5 data-canvas-width=\"181.63199999999998\">Interessante Derbys am Freitagabend in der Verbandsliga<\/h5>\n<div data-canvas-width=\"141.19600000000003\">\n<div data-canvas-width=\"114.29733333333334\"><span style=\"color: initial;\">M\u00f6glichkeiten zum schnellen Ausgleich gab es, doch Hadzimusic wurde einmal geblockt und <\/span><span style=\"color: initial;\">brauchte beim zweiten Mal zu lange f\u00fcr den Abschluss. H\u00fcnfeld hatte eine gr\u00f6\u00dfere M\u00f6glichkeit, zu <\/span><span style=\"color: initial;\">erh\u00f6hen als Fr\u00f6hlich frei durch war und querlegte. Doch der mitgelaufene Nicolas H\u00e4user jagte den <\/span><span style=\"color: initial;\">Ball rechts am leeren Tor vorbei. In der 42. Minuten erzielten die G\u00e4ste dann tats\u00e4chlich das 0:2, <\/span><span style=\"color: initial;\">Aaron Gadermann hielt den Fu\u00df in der Mitte hin und schon zappelte der Ball erneute in unserem <\/span><span style=\"color: initial;\">Netz. <\/span><span style=\"color: initial;\">In der zweiten H\u00e4lfte passierte nicht viel. Beim FVBV kam au\u00dfer einem Kopfball von Visar Gashi nach <\/span><span style=\"color: initial;\">Ecke und einem harmlosen Schuss von Ayoub Lahchaychi innerhalb der ersten f\u00fcnf Minuten nach <\/span><span style=\"color: initial;\">Wiederbeginn nichts und auch die H\u00fcnfelder machte nicht mehr viel nach vorne, sodass die zweite <\/span><span style=\"color: initial;\">Halbzeit teils schwere Kost war. <\/span><\/div>\n<div data-canvas-width=\"114.29733333333334\">&nbsp;<\/div>\n<div data-canvas-width=\"114.29733333333334\"><span style=\"color: initial;\">Die Luft war g\u00e4nzlich raus und so ging es schiedlich-friedlich zu Ende. <\/span><span style=\"color: initial;\">F\u00fcr die Gr\u00fcn-Wei\u00dfen geht k<\/span><span style=\"color: initial;\">ommende Saison in der Verbandsliga weiter. Dort warten u.a. Duelle <\/span><span style=\"color: initial;\">gegen die Frankfurter Nachbarn von Bornheim Gr\u00fcn-Weiss, FFV Sportfreunde 04 (\u201eSpeuzer\u201c) und SG <\/span><span style=\"color: initial;\">Rot-Weiss Frankfurt. Und wahrscheinlich wird es auch ein Vilbeler Stadtduell geben, wenn der SC <\/span><span style=\"color: initial;\">Dortelweil aufsteigt. Die Heimspiele sollen m\u00f6glichst am f\u00fcr Vilbel traditionellen Freitagabend <\/span><span style=\"color: initial;\">stattfinden.<\/span><\/div>\n<\/div>\n<div data-canvas-width=\"105.10133333333334\">&nbsp;<\/div>\n<h5 data-canvas-width=\"480.77333333333337\">Aufstellung FVBV: 22 Niklas Schulze \u2013 13 Dominik Emmel (46. 4 Takahiro Okuno), 5 Adnan Alik, 17 Vladimiros Safaridis, 3 Taiyo Ushiyama (46. 15 Santiago Babovic) \u2013 6 Visar Gashi \u2013 8 Dominik Budic, 11 Kaito Shimoda \u2013 10 Alexander Bauscher (c) \u2013 16 Denis Hadzimusic, 19 Ayoub Lahchaychi.<\/h5>\n<h5>Schiedsrichter: Timo Hager (Ginsheim). Zuschauer: 59.<\/h5>\n<h5>Tore: 0:1 Krieger (29.), 0:2 Gadermann (42.).<\/h5>\n<p>Spielbericht mit Fazit der Saison und R\u00fcckblick auf vier Hessenliga-Jahre:<\/p>\n<p><a href=\"http:\/\/www.fv-bad-vilbel.de\/index.php\/senioren\/1-mannschaft\/news\/341-huenfeld-bericht\">http:\/\/www.fv-bad-vilbel.de\/index.php\/senioren\/1-mannschaft\/news\/341-huenfeld-bericht<\/a><\/p>\n<p>Bericht und Fotos: Vielen Dank an Jan W. (FV Bad Vilbel).<\/p>\n<p><\/p>\n\n\n<div class=\"wp-block-columns is-layout-flex wp-container-core-columns-is-layout-28f84493 wp-block-columns-is-layout-flex\">\n<div class=\"wp-block-column is-layout-flow wp-block-column-is-layout-flow\" style=\"flex-basis:100%\">\n<figure class=\"wp-block-gallery has-nested-images columns-default is-cropped wp-block-gallery-1 is-layout-flex wp-block-gallery-is-layout-flex\">\n<figure class=\"wp-block-image size-large is-style-default\"><img decoding=\"async\" data-id=\"468\" src=\"http:\/\/insideamateurfussball-ffm.de\/wp-content\/uploads\/2022\/05\/IMG_0049-2.jpg\" alt=\"\" class=\"wp-image-468\"\/><\/figure>\n<\/figure>\n<\/div>\n<\/div>\n\n\n\n<div class=\"wp-block-columns is-layout-flex wp-container-core-columns-is-layout-28f84493 wp-block-columns-is-layout-flex\">\n<div class=\"wp-block-column is-layout-flow wp-block-column-is-layout-flow\">\n<figure class=\"wp-block-image size-full is-style-default\"><img decoding=\"async\" src=\"http:\/\/insideamateurfussball-ffm.de\/wp-content\/uploads\/2022\/05\/IMG_0008-2.jpg\" alt=\"\" class=\"wp-image-469\"\/><\/figure>\n<\/div>\n\n\n\n<div class=\"wp-block-column is-layout-flow wp-block-column-is-layout-flow\">\n<figure class=\"wp-block-image size-large is-style-default\"><img decoding=\"async\" src=\"http:\/\/insideamateurfussball-ffm.de\/wp-content\/uploads\/2022\/05\/IMG_0024-3-1024x682.jpg\" alt=\"\" class=\"wp-image-470\"\/><\/figure>\n<\/div>\n\n\n\n<div class=\"wp-block-column is-layout-flow wp-block-column-is-layout-flow\"><\/div>\n<\/div>\n","protected":false},"excerpt":{"rendered":"<p>FV Bad Vilbel &#8211; H\u00fcnfelder SV 0:2 (0:2) Das vorerst letzte Heimspiel des FV Bad Vilbel in der Lotto Hessenliga ging nach schwacher Leistung mit 0:2 (0:2) an den ebenso bereits vor der Partie abgestiegenen H\u00fcnfelder SV. Man merkte allen in gr\u00fcn und wei\u00df deutlich an, dass die Luft nach einer langen Saison und dem [&hellip;]<\/p>\n","protected":false},"author":1,"featured_media":0,"comment_status":"open","ping_status":"open","sticky":false,"template":"","format":"standard","meta":{"footnotes":""},"categories":[8],"tags":[],"class_list":["post-466","post","type-post","status-publish","format-standard","hentry","category-hessenliga"],"_links":{"self":[{"href":"https:\/\/insideamateurfussball-ffm.de\/index.php?rest_route=\/wp\/v2\/posts\/466","targetHints":{"allow":["GET"]}}],"collection":[{"href":"https:\/\/insideamateurfussball-ffm.de\/index.php?rest_route=\/wp\/v2\/posts"}],"about":[{"href":"https:\/\/insideamateurfussball-ffm.de\/index.php?rest_route=\/wp\/v2\/types\/post"}],"author":[{"embeddable":true,"href":"https:\/\/insideamateurfussball-ffm.de\/index.php?rest_route=\/wp\/v2\/users\/1"}],"replies":[{"embeddable":true,"href":"https:\/\/insideamateurfussball-ffm.de\/index.php?rest_route=%2Fwp%2Fv2%2Fcomments&post=466"}],"version-history":[{"count":2,"href":"https:\/\/insideamateurfussball-ffm.de\/index.php?rest_route=\/wp\/v2\/posts\/466\/revisions"}],"predecessor-version":[{"id":472,"href":"https:\/\/insideamateurfussball-ffm.de\/index.php?rest_route=\/wp\/v2\/posts\/466\/revisions\/472"}],"wp:attachment":[{"href":"https:\/\/insideamateurfussball-ffm.de\/index.php?rest_route=%2Fwp%2Fv2%2Fmedia&parent=466"}],"wp:term":[{"taxonomy":"category","embeddable":true,"href":"https:\/\/insideamateurfussball-ffm.de\/index.php?rest_route=%2Fwp%2Fv2%2Fcategories&post=466"},{"taxonomy":"post_tag","embeddable":true,"href":"https:\/\/insideamateurfussball-ffm.de\/index.php?rest_route=%2Fwp%2Fv2%2Ftags&post=466"}],"curies":[{"name":"wp","href":"https:\/\/api.w.org\/{rel}","templated":true}]}}