{"id":456,"date":"2022-05-29T02:08:24","date_gmt":"2022-05-29T02:08:24","guid":{"rendered":"http:\/\/insideamateurfussball-ffm.de\/?p=456"},"modified":"2025-01-03T18:04:37","modified_gmt":"2025-01-03T17:04:37","slug":"dreieicher-mentalitaet-siegt-stadtallendorf-muss-nachsitzen","status":"publish","type":"post","link":"https:\/\/insideamateurfussball-ffm.de\/?p=456","title":{"rendered":"Dreieicher Mentalit\u00e4t siegt &#8211; Stadtallendorf muss nachsitzen"},"content":{"rendered":"<h5>SC Hessen Dreieich &#8211; TSV Eintracht Stadtallendorf 2:1 (0:0)<\/h5>\n<p><img loading=\"lazy\" decoding=\"async\" class=\"alignnone size-full wp-image-457\" src=\"http:\/\/insideamateurfussball-ffm.de\/wp-content\/uploads\/2022\/05\/Hessen-dreieich.jpg\" alt=\"\" width=\"80\" height=\"80\" \/><img loading=\"lazy\" decoding=\"async\" class=\"alignnone size-full wp-image-458\" src=\"http:\/\/insideamateurfussball-ffm.de\/wp-content\/uploads\/2022\/05\/Stadtall.jpg\" alt=\"\" width=\"63\" height=\"80\" \/><\/p>\n<h5>Nach nur neun Jahren Existenz stellt der SC Hessen Dreieich den Spielbetrieb im Seniorenbereich ein und zieht sich aus der Hessenliga zur\u00fcck. Zum Abschluss gab es unter der Regie des sehr emotionalen Trainers Taner Yalcin einen 2:1-Sieg gegen Eintracht Stadtallendorf, das einen Sieg zum direkten Wiederaufstieg in die Regionalliga S\u00fcdwest ben\u00f6tigt h\u00e4tte. In der n\u00e4chsten Saison tr\u00e4gt die nach acht Jahren Abstinenz wieder eingegliederte U23 von Eintracht Frankfurt unabh\u00e4ngig vom Dreieicher R\u00fcckzug ihre Heimspiele im Sportpark aus.\u00a0<\/h5>\n<figure id=\"attachment_459\" aria-describedby=\"caption-attachment-459\" style=\"width: 300px\" class=\"wp-caption alignnone\"><img loading=\"lazy\" decoding=\"async\" class=\"size-medium wp-image-459\" src=\"http:\/\/insideamateurfussball-ffm.de\/wp-content\/uploads\/2022\/05\/Stadtall-Fans-300x225.jpg\" alt=\"\" width=\"300\" height=\"225\" srcset=\"https:\/\/insideamateurfussball-ffm.de\/wp-content\/uploads\/2022\/05\/Stadtall-Fans-300x225.jpg 300w, https:\/\/insideamateurfussball-ffm.de\/wp-content\/uploads\/2022\/05\/Stadtall-Fans-1024x768.jpg 1024w, https:\/\/insideamateurfussball-ffm.de\/wp-content\/uploads\/2022\/05\/Stadtall-Fans-768x576.jpg 768w, https:\/\/insideamateurfussball-ffm.de\/wp-content\/uploads\/2022\/05\/Stadtall-Fans-1536x1152.jpg 1536w, https:\/\/insideamateurfussball-ffm.de\/wp-content\/uploads\/2022\/05\/Stadtall-Fans.jpg 2048w\" sizes=\"auto, (max-width: 300px) 100vw, 300px\" \/><figcaption id=\"caption-attachment-459\" class=\"wp-caption-text\">Rund 200 Fans waren aus Stadtallendorf angereist.<\/figcaption><\/figure>\n<p>In seinem vorerst letzten Spiel verausgabte sich die Mannschaft von Trainer Taner Yalcin mit einer bemerkenswerten Mentalit\u00e4t. Die G\u00e4ste aus Stadtallendorf brauchten einen Sieg, um als Meister den direkten Wiederaufstieg in die Regionalliga S\u00fcdwest zu schaffen. Nach der F\u00fchrung durch Timo Cecen (66.) sah es auch danach aus, aber Dreieich glich durch Marc Wachs (76.) aus und kam in der Nachspielzeit mit Ljubisa Gavric (90.\/+3) sogar noch zum Siegtreffer. Parallel gewann die SG Barockstadt Fulda-Lehnerz mit 3:2 beim FC Eddersheim und musste noch einige Minuten zittern, da die Partie in Dreieich versp\u00e4tet angepfiffen wurde. Eigentlich ein Ding der Unm\u00f6glichkeit, dass dieses Spiel mit acht Minuten Verz\u00f6gerung gegen\u00fcber dem Parallelspiel \u00fcber die B\u00fchne ging.<\/p>\n<p>Das Fuldaer Fusionskonstrukt steigt damit direkt in die Regionalliga auf, Stadtallendorf muss in eine zus\u00e4tzliche Aufstiegsrunde gegen die Vizemeister der Oberligen Baden-W\u00fcrttemberg (SGV Freiberg oder die Stuttgarter Kickers) und Rheinland-Pfalz\/Saar (Eintracht Trier oder Wormatia Worms). In Dreieich gibt es hingegen durch den R\u00fcckzug vorerst keinen Seniorenfu\u00dfball mehr, sondern man fokussiert sich auf die f\u00fcnfj\u00e4hrige Kooperation mit dem Frankfurter Bundesligisten. Zum Abschluss kamen noch mal 640 Zuschauer, davon 200 G\u00e4steanh\u00e4nger, die eine megaspannende Konstellation erlebten. Wechselnde Spielst\u00e4nde im anderen Spiel trugen zum erh\u00f6hten Adrenalinspiegel bei.<\/p>\n<blockquote>\n<p>Diese Jungs haben mich vor Gl\u00fcck besoffen gemacht (Hessen Dreieichs Trainer Taner Yalcin)<\/p>\n<\/blockquote>\n<p>&#8222;Klar sind wir entt\u00e4uscht, wenn man kurz vor dem Ziel scheitert. Trotzdem muss ich die Fassung bewahren und sagen: Der Gegner war heute besser. Ich habe keine Erkl\u00e4rung, warum wir so gehemmt waren. Respekt an die Sportlichkeit von Taner und seinen Jungs. Das ist sportlich&#8220;, sagte Stadtallendorfs Trainer Dragan Sicaja hinterher. Taner Yalcins Diskurs ging zum Abschluss seiner T\u00e4tigkeit in die emotionale Bahn: &#8222;Wir haben eine andere Geschichte geschrieben: F\u00fcr uns war das eine brutale Saison. Wir sind mit Euphorie und der Zielsetzung Aufstieg in die Regionalliga in die Runde gestartet. Dann kamen die ersten Ger\u00fcchte auf und wir wurden auf sportlicher Ebene mit Entt\u00e4uschungen konfrontiert. Wir haben es immer geschafft, jede durchlaufene Emotion &#8211; Entt\u00e4uschung, Gl\u00fcck, Ehre, Stolz &#8211; auf den Platz zu bringen mit taktischer Disziplin und Leidenschaft. Dieser beeindruckende Teamgeist und der Zusammenhalt hat uns durch diese Zeit getragen. Jede schwierige Situation haben wir akzeptiert und unser bestes gegeben. Auch heute mit Spielwitz, Moral: Ein Sinnbild der Saison. Ich danke allen Unterst\u00fctzern und den Verantwortlichen um den Sportlichen Leiter Patrick Ochs. Diese Jungs haben mich vor Gl\u00fcck besoffen gemacht. Ich bin sehr stolz, dass wir unsere Arbeit in allen Dimensionen so toll beendet haben. Wir sind nicht aufgestiegen, aber auf emotionaler Ebene wird es uns tragen. Solche Spieler, solche Charaktere findet man nicht \u00fcberall. Unsere Jugend wird diese besondere Mannschaft nicht vergessen&#8220;, schloss Yalcin seine Ausf\u00fchrungen.\u00a0<\/p>\n<h5>Schiedsrichter: Gahis Safi (Ober-W\u00f6llstadt). Zuschauer: 640.<\/h5>\n<h5>Tore: 0:1 Timo Cecen (66.), 1:1 Marc Wachs (76.), 2:1 Ljubisa Gavric (90.\/+3).\u00a0<\/h5>\n<p>\u00a0<\/p>\n<h5>\u00a0<\/h5>\n\n\n<div class=\"wp-block-columns is-layout-flex wp-container-core-columns-is-layout-28f84493 wp-block-columns-is-layout-flex\">\n<div class=\"wp-block-column is-layout-flow wp-block-column-is-layout-flow\" style=\"flex-basis:100%\">\n<figure class=\"wp-block-gallery has-nested-images columns-default is-cropped wp-block-gallery-1 is-layout-flex wp-block-gallery-is-layout-flex\">\n<figure class=\"wp-block-image size-large is-style-default\"><img decoding=\"async\" data-id=\"460\" src=\"http:\/\/insideamateurfussball-ffm.de\/wp-content\/uploads\/2022\/05\/SCHD-TSVES-1024x768.jpg\" alt=\"\" class=\"wp-image-460\"\/><\/figure>\n<figcaption class=\"blocks-gallery-caption\">N\u00e4chstes Jahr gibt es keinen Seniorenfu\u00dfball mehr in Dreieich. <\/figcaption><\/figure>\n<\/div>\n<\/div>\n\n\n\n<figure class=\"wp-block-gallery has-nested-images columns-default is-cropped wp-block-gallery-2 is-layout-flex wp-block-gallery-is-layout-flex\">\n<figure class=\"wp-block-image size-large is-style-default\"><img loading=\"lazy\" decoding=\"async\" width=\"1024\" height=\"768\" data-id=\"461\" src=\"http:\/\/insideamateurfussball-ffm.de\/wp-content\/uploads\/2022\/05\/SCHD-TSVESII-1024x768.jpg\" alt=\"\" class=\"wp-image-461\" srcset=\"https:\/\/insideamateurfussball-ffm.de\/wp-content\/uploads\/2022\/05\/SCHD-TSVESII-1024x768.jpg 1024w, https:\/\/insideamateurfussball-ffm.de\/wp-content\/uploads\/2022\/05\/SCHD-TSVESII-300x225.jpg 300w, https:\/\/insideamateurfussball-ffm.de\/wp-content\/uploads\/2022\/05\/SCHD-TSVESII-768x576.jpg 768w, https:\/\/insideamateurfussball-ffm.de\/wp-content\/uploads\/2022\/05\/SCHD-TSVESII-1536x1152.jpg 1536w, https:\/\/insideamateurfussball-ffm.de\/wp-content\/uploads\/2022\/05\/SCHD-TSVESII.jpg 2048w\" sizes=\"auto, (max-width: 1024px) 100vw, 1024px\" \/><\/figure>\n<\/figure>\n\n\n\n<figure class=\"wp-block-gallery has-nested-images columns-default is-cropped wp-block-gallery-3 is-layout-flex wp-block-gallery-is-layout-flex\">\n<figure class=\"wp-block-image size-large is-style-default\"><img decoding=\"async\" data-id=\"462\" src=\"http:\/\/insideamateurfussball-ffm.de\/wp-content\/uploads\/2022\/05\/SCHD-TSVESIII-1024x768.jpg\" alt=\"\" class=\"wp-image-462\"\/><\/figure>\n<\/figure>\n\n\n\n<figure class=\"wp-block-gallery has-nested-images columns-default is-cropped wp-block-gallery-4 is-layout-flex wp-block-gallery-is-layout-flex\">\n<figure class=\"wp-block-image size-large is-style-default\"><img decoding=\"async\" data-id=\"463\" src=\"http:\/\/insideamateurfussball-ffm.de\/wp-content\/uploads\/2022\/05\/SCHD-TSVESIIII-1024x768.jpg\" alt=\"\" class=\"wp-image-463\"\/><\/figure>\n<\/figure>\n\n\n\n<figure class=\"wp-block-gallery has-nested-images columns-default is-cropped wp-block-gallery-5 is-layout-flex wp-block-gallery-is-layout-flex\">\n<figure class=\"wp-block-image size-large is-style-default\"><img decoding=\"async\" data-id=\"464\" src=\"http:\/\/insideamateurfussball-ffm.de\/wp-content\/uploads\/2022\/05\/SCHD-TSVESIIIII-1024x768.jpg\" alt=\"\" class=\"wp-image-464\"\/><\/figure>\n<\/figure>\n\n\n\n<figure class=\"wp-block-gallery has-nested-images columns-default is-cropped wp-block-gallery-6 is-layout-flex wp-block-gallery-is-layout-flex\"><\/figure>\n","protected":false},"excerpt":{"rendered":"<p>SC Hessen Dreieich &#8211; TSV Eintracht Stadtallendorf 2:1 (0:0) Nach nur neun Jahren Existenz stellt der SC Hessen Dreieich den Spielbetrieb im Seniorenbereich ein und zieht sich aus der Hessenliga zur\u00fcck. Zum Abschluss gab es unter der Regie des sehr emotionalen Trainers Taner Yalcin einen 2:1-Sieg gegen Eintracht Stadtallendorf, das einen Sieg zum direkten Wiederaufstieg [&hellip;]<\/p>\n","protected":false},"author":1,"featured_media":459,"comment_status":"open","ping_status":"open","sticky":false,"template":"","format":"standard","meta":{"footnotes":""},"categories":[8],"tags":[],"class_list":["post-456","post","type-post","status-publish","format-standard","has-post-thumbnail","hentry","category-hessenliga"],"_links":{"self":[{"href":"https:\/\/insideamateurfussball-ffm.de\/index.php?rest_route=\/wp\/v2\/posts\/456","targetHints":{"allow":["GET"]}}],"collection":[{"href":"https:\/\/insideamateurfussball-ffm.de\/index.php?rest_route=\/wp\/v2\/posts"}],"about":[{"href":"https:\/\/insideamateurfussball-ffm.de\/index.php?rest_route=\/wp\/v2\/types\/post"}],"author":[{"embeddable":true,"href":"https:\/\/insideamateurfussball-ffm.de\/index.php?rest_route=\/wp\/v2\/users\/1"}],"replies":[{"embeddable":true,"href":"https:\/\/insideamateurfussball-ffm.de\/index.php?rest_route=%2Fwp%2Fv2%2Fcomments&post=456"}],"version-history":[{"count":1,"href":"https:\/\/insideamateurfussball-ffm.de\/index.php?rest_route=\/wp\/v2\/posts\/456\/revisions"}],"predecessor-version":[{"id":465,"href":"https:\/\/insideamateurfussball-ffm.de\/index.php?rest_route=\/wp\/v2\/posts\/456\/revisions\/465"}],"wp:featuredmedia":[{"embeddable":true,"href":"https:\/\/insideamateurfussball-ffm.de\/index.php?rest_route=\/wp\/v2\/media\/459"}],"wp:attachment":[{"href":"https:\/\/insideamateurfussball-ffm.de\/index.php?rest_route=%2Fwp%2Fv2%2Fmedia&parent=456"}],"wp:term":[{"taxonomy":"category","embeddable":true,"href":"https:\/\/insideamateurfussball-ffm.de\/index.php?rest_route=%2Fwp%2Fv2%2Fcategories&post=456"},{"taxonomy":"post_tag","embeddable":true,"href":"https:\/\/insideamateurfussball-ffm.de\/index.php?rest_route=%2Fwp%2Fv2%2Ftags&post=456"}],"curies":[{"name":"wp","href":"https:\/\/api.w.org\/{rel}","templated":true}]}}