{"id":433,"date":"2022-05-29T00:44:46","date_gmt":"2022-05-29T00:44:46","guid":{"rendered":"http:\/\/insideamateurfussball-ffm.de\/?p=433"},"modified":"2024-12-17T12:47:08","modified_gmt":"2024-12-17T10:47:08","slug":"dortelweil-bleibt-in-fechenheim-ungeschlagen","status":"publish","type":"post","link":"https:\/\/insideamateurfussball-ffm.de\/?p=433","title":{"rendered":"Dortelweil bleibt in Fechenheim ungeschlagen"},"content":{"rendered":"\n<div class=\"wp-block-columns alignwide are-vertically-aligned-center is-layout-flex wp-container-core-columns-is-layout-28f84493 wp-block-columns-is-layout-flex\">\n<div class=\"wp-block-column is-vertically-aligned-center is-layout-flow wp-block-column-is-layout-flow\" style=\"flex-basis:100%\">\n<figure class=\"wp-block-gallery has-nested-images columns-default is-cropped wp-block-gallery-1 is-layout-flex wp-block-gallery-is-layout-flex\">\n<figure class=\"wp-block-image size-large is-style-default\"><img decoding=\"async\" data-id=\"437\" src=\"http:\/\/insideamateurfussball-ffm.de\/wp-content\/uploads\/2022\/05\/Fech-Dor2.jpg\" alt=\"\" class=\"wp-image-437\"\/><\/figure>\n<\/figure>\n<\/div>\n\n\n\n<div class=\"wp-block-column has-vivid-red-color has-pale-cyan-blue-background-color has-text-color has-background is-layout-flow wp-block-column-is-layout-flow\"><\/div>\n<\/div>\n\n\n\n<figure class=\"wp-block-gallery has-nested-images columns-default is-cropped wp-block-gallery-2 is-layout-flex wp-block-gallery-is-layout-flex\">\n<figure class=\"wp-block-image size-large is-style-default\"><img decoding=\"async\" data-id=\"438\" src=\"http:\/\/insideamateurfussball-ffm.de\/wp-content\/uploads\/2022\/05\/Fech-Dor3.jpg\" alt=\"\" class=\"wp-image-438\"\/><figcaption>Fotos: Jan W.<\/figcaption><\/figure>\n<\/figure>\n\n\n<h5>Spvgg. Fechenheim &#8211; SC Dortelweil 3:3 (1:1)<\/h5>\n<p><img loading=\"lazy\" decoding=\"async\" class=\"alignnone size-full wp-image-434\" src=\"http:\/\/insideamateurfussball-ffm.de\/wp-content\/uploads\/2022\/05\/Fech03.jpg\" alt=\"\" width=\"52\" height=\"80\"><img loading=\"lazy\" decoding=\"async\" class=\"alignnone size-full wp-image-435\" src=\"http:\/\/insideamateurfussball-ffm.de\/wp-content\/uploads\/2022\/05\/Dortelweil.jpg\" alt=\"\" width=\"80\" height=\"80\"><\/p>\n<h5>In der Gruppenliga Frankfurt West gastierte der unangefochtene Tabellenf\u00fchrer SC Dortelweil im Frankfurter Osten bei der formstarken Spvgg. Fechenheim. Die Gastgeber hatten die G\u00e4ste aus der Wetterau mit einer 3:1-F\u00fchrung am Rande der ersten Niederlage, am Ende blieb Dortelweil aber auch im 33. Saisonspiel ungeschlagen.&nbsp;<\/h5>\n<figure id=\"attachment_436\" aria-describedby=\"caption-attachment-436\" style=\"width: 300px\" class=\"wp-caption alignnone\"><img loading=\"lazy\" decoding=\"async\" class=\"wp-image-436 size-medium\" src=\"http:\/\/insideamateurfussball-ffm.de\/wp-content\/uploads\/2022\/05\/Fech-Dor-300x225.jpg\" alt=\"\" width=\"300\" height=\"225\"><figcaption id=\"caption-attachment-436\" class=\"wp-caption-text\">Freisto\u00df f\u00fcr Dortelweil an der Pfortenstra\u00dfe. Foto: Jan W.<\/figcaption><\/figure>\n<p>Sechs Punkte Vorsprung hat der SC Dortelweil noch auf Verfolger Sportfreunde Friedrichsdorf. Am letzten Spieltag treffen die beiden Ausnahmeteams der Klasse am 10. Juni aufeinander. Bis dahin will der Spitzenreiter aber den Verbandsliga-Aufstieg klar gemacht haben, zumal die Friedrichsdorfer am Sonntag die Ausw\u00e4rtsreise in den Frankfurter Osten antreten. Moritz Feiler und Goalgetter Marvin Strenger verhinderten an der Pfortenstra\u00dfe die erste Schlappe der G\u00e4ste, die seit Jahren \u00fcber eine eingespielte Truppe verf\u00fcgen. Mostafa Youssef hatte Fechenheim in F\u00fchrung gebracht, die Oliver Steffen egalisierte. Durch Ouassim Ouass war Fechenheim auf 3:1 davon gezogen, doch am Ende musste sich das Team von Trainer Maximilian Schmidt mit dem Remis begn\u00fcgen.&nbsp;<\/p>\n<h5>Schiedsrichter: Jannis J\u00e4schke (Nieder-Roden). Zuschauer: 109. Tore: 1:0 Mostafa Youssef (13.), 1:1 Oliver Steffen (43.), 2:1, 3:1 Ouassim Ouass (48.\/52.), 3:2 Moritz Feiler (73.), 3:3 Marvin Strenger (81.).<\/h5>\n<h5>&nbsp;<\/h5>\n<p><\/p>","protected":false},"excerpt":{"rendered":"<p>Spvgg. Fechenheim &#8211; SC Dortelweil 3:3 (1:1) In der Gruppenliga Frankfurt West gastierte der unangefochtene Tabellenf\u00fchrer SC Dortelweil im Frankfurter Osten bei der formstarken Spvgg. Fechenheim. Die Gastgeber hatten die G\u00e4ste aus der Wetterau mit einer 3:1-F\u00fchrung am Rande der ersten Niederlage, am Ende blieb Dortelweil aber auch im 33. Saisonspiel ungeschlagen.&nbsp; Sechs Punkte Vorsprung [&hellip;]<\/p>\n","protected":false},"author":1,"featured_media":0,"comment_status":"open","ping_status":"open","sticky":false,"template":"","format":"standard","meta":{"footnotes":""},"categories":[13],"tags":[],"class_list":["post-433","post","type-post","status-publish","format-standard","hentry","category-gruppenliga-frankfurt-west"],"_links":{"self":[{"href":"https:\/\/insideamateurfussball-ffm.de\/index.php?rest_route=\/wp\/v2\/posts\/433","targetHints":{"allow":["GET"]}}],"collection":[{"href":"https:\/\/insideamateurfussball-ffm.de\/index.php?rest_route=\/wp\/v2\/posts"}],"about":[{"href":"https:\/\/insideamateurfussball-ffm.de\/index.php?rest_route=\/wp\/v2\/types\/post"}],"author":[{"embeddable":true,"href":"https:\/\/insideamateurfussball-ffm.de\/index.php?rest_route=\/wp\/v2\/users\/1"}],"replies":[{"embeddable":true,"href":"https:\/\/insideamateurfussball-ffm.de\/index.php?rest_route=%2Fwp%2Fv2%2Fcomments&post=433"}],"version-history":[{"count":3,"href":"https:\/\/insideamateurfussball-ffm.de\/index.php?rest_route=\/wp\/v2\/posts\/433\/revisions"}],"predecessor-version":[{"id":441,"href":"https:\/\/insideamateurfussball-ffm.de\/index.php?rest_route=\/wp\/v2\/posts\/433\/revisions\/441"}],"wp:attachment":[{"href":"https:\/\/insideamateurfussball-ffm.de\/index.php?rest_route=%2Fwp%2Fv2%2Fmedia&parent=433"}],"wp:term":[{"taxonomy":"category","embeddable":true,"href":"https:\/\/insideamateurfussball-ffm.de\/index.php?rest_route=%2Fwp%2Fv2%2Fcategories&post=433"},{"taxonomy":"post_tag","embeddable":true,"href":"https:\/\/insideamateurfussball-ffm.de\/index.php?rest_route=%2Fwp%2Fv2%2Ftags&post=433"}],"curies":[{"name":"wp","href":"https:\/\/api.w.org\/{rel}","templated":true}]}}