{"id":422,"date":"2022-05-26T20:51:29","date_gmt":"2022-05-26T20:51:29","guid":{"rendered":"http:\/\/insideamateurfussball-ffm.de\/?p=422"},"modified":"2024-12-17T12:47:30","modified_gmt":"2024-12-17T10:47:30","slug":"cigdem-reicht-ruecktritt-bei-djk-bad-homburg-ein","status":"publish","type":"post","link":"https:\/\/insideamateurfussball-ffm.de\/?p=422","title":{"rendered":"Cigdem reicht R\u00fccktritt bei DJK Bad Homburg ein"},"content":{"rendered":"<h5>Vor dem 1:1 bei der SG Westend ist Ibrahim Cigdem bei der DJK Bad Homburg aus der Gruppenliga Frankfurt West zur\u00fcckgetreten. Der Coach hat Inside Amateurfu\u00dfball Ffm eine Pressemitteilung zukommen lassen, die wir hiermit ver\u00f6ffentlichen.<\/h5>\n<p><img loading=\"lazy\" decoding=\"async\" class=\"alignnone size-medium wp-image-428\" src=\"http:\/\/insideamateurfussball-ffm.de\/wp-content\/uploads\/2022\/05\/cigdem1-300x249.jpg\" alt=\"\" width=\"300\" height=\"249\" \/><\/p>\n<p><img loading=\"lazy\" decoding=\"async\" class=\"alignnone size-full wp-image-423\" src=\"http:\/\/insideamateurfussball-ffm.de\/wp-content\/uploads\/2022\/05\/DJK-Bad-Homburg.jpg\" alt=\"\" width=\"68\" height=\"80\" \/><\/p>\n<div>In erster Linie m\u00f6chte ich mich bei meiner Mannschaft f\u00fcr die 3 Jahre bedanken. Ich bin mega stolz ein Teil von einer Mannschaft gewesen zu sein, die zu einem Mentalit\u00e4ts Monster gereift ist und in schwierigen Phasen immer weiter an sich gearbeitet hat. Jeder Au\u00dfenstehende hat erkannt, dass wir eine Familie geworden sind. Ich bedanke mich bei Goran der immer zu mir stand, mich in Ruhe arbeiten lie\u00df und immer offen ehrlich zu mir war.<\/div>\n<div><\/div>\n<div>Des Weiteren bedanke ich mich bei den ganzen Ehren\u00e4mtern im Verein, die jeden Tag voller Herzblut alles gegeben haben. Sei bei der Jugend (Britta, Nadia, J\u00fcrgen, Carlo) oder bei den Senioren (Luba, Birgit, Marcus, Werner, Ante). Mit ihnen habe ich wundervolle Menschen kennengelernt. Sie erledigten alles! Von Platz abstreuen bis den Gegner empfangen, denn das alles geh\u00f6rt zu einer Vereinsarbeit.<\/div>\n<div><\/div>\n<div>Genau diese Menschen haben mich dazu motiviert in den letzten 3 Jahren jeden Tag alles f\u00fcr den Verein zu geben und selbst Opfer zu bringen. Ob privat oder beruflich, denn in den 3 Jahren habe ich keinen einzigen Tag verpasst. Wir waren auf einem tollen Weg, da mittlerweile sehr viele junge Spieler den Verein kontaktieren um Teil der DJK zu werden. Doch mit dem heutigen Tag erkl\u00e4re ich meinen sofortigen R\u00fccktritt, da mir zwei Vorstandsmitglieder \u00fcber mehrere Wochen m\u00fcndlich und schriftlich die Zusage f\u00fcr die kommende Saison gegeben, jedoch nach dem letztem Sieg und dem gef\u00fchlten Klassenerhalt, alles widerrufen haben.<\/div>\n<div><\/div>\n<div>Den wahren Grund werdet ihr in den kommenden Tagen erfahren\u2026Ich bedanke mich nochmal sehr herzlichen bei Allen, es ist toller Verein mit super Bedingungen und tollen Menschen und ich sage schweren Herzens: Danke und auf Wiedersehen!<\/div>\n","protected":false},"excerpt":{"rendered":"<p>Vor dem 1:1 bei der SG Westend ist Ibrahim Cigdem bei der DJK Bad Homburg aus der Gruppenliga Frankfurt West zur\u00fcckgetreten. Der Coach hat Inside Amateurfu\u00dfball Ffm eine Pressemitteilung zukommen lassen, die wir hiermit ver\u00f6ffentlichen. In erster Linie m\u00f6chte ich mich bei meiner Mannschaft f\u00fcr die 3 Jahre bedanken. Ich bin mega stolz ein Teil [&hellip;]<\/p>\n","protected":false},"author":1,"featured_media":0,"comment_status":"open","ping_status":"open","sticky":false,"template":"","format":"standard","meta":{"footnotes":""},"categories":[13],"tags":[],"class_list":["post-422","post","type-post","status-publish","format-standard","hentry","category-gruppenliga-frankfurt-west"],"_links":{"self":[{"href":"https:\/\/insideamateurfussball-ffm.de\/index.php?rest_route=\/wp\/v2\/posts\/422","targetHints":{"allow":["GET"]}}],"collection":[{"href":"https:\/\/insideamateurfussball-ffm.de\/index.php?rest_route=\/wp\/v2\/posts"}],"about":[{"href":"https:\/\/insideamateurfussball-ffm.de\/index.php?rest_route=\/wp\/v2\/types\/post"}],"author":[{"embeddable":true,"href":"https:\/\/insideamateurfussball-ffm.de\/index.php?rest_route=\/wp\/v2\/users\/1"}],"replies":[{"embeddable":true,"href":"https:\/\/insideamateurfussball-ffm.de\/index.php?rest_route=%2Fwp%2Fv2%2Fcomments&post=422"}],"version-history":[{"count":3,"href":"https:\/\/insideamateurfussball-ffm.de\/index.php?rest_route=\/wp\/v2\/posts\/422\/revisions"}],"predecessor-version":[{"id":429,"href":"https:\/\/insideamateurfussball-ffm.de\/index.php?rest_route=\/wp\/v2\/posts\/422\/revisions\/429"}],"wp:attachment":[{"href":"https:\/\/insideamateurfussball-ffm.de\/index.php?rest_route=%2Fwp%2Fv2%2Fmedia&parent=422"}],"wp:term":[{"taxonomy":"category","embeddable":true,"href":"https:\/\/insideamateurfussball-ffm.de\/index.php?rest_route=%2Fwp%2Fv2%2Fcategories&post=422"},{"taxonomy":"post_tag","embeddable":true,"href":"https:\/\/insideamateurfussball-ffm.de\/index.php?rest_route=%2Fwp%2Fv2%2Ftags&post=422"}],"curies":[{"name":"wp","href":"https:\/\/api.w.org\/{rel}","templated":true}]}}