{"id":4157,"date":"2022-12-04T02:19:07","date_gmt":"2022-12-04T00:19:07","guid":{"rendered":"http:\/\/insideamateurfussball-ffm.de\/?p=4157"},"modified":"2025-01-14T11:13:01","modified_gmt":"2025-01-14T10:13:01","slug":"eintracht-ii-ueberspringt-huerde-eddersheim","status":"publish","type":"post","link":"https:\/\/insideamateurfussball-ffm.de\/?p=4157","title":{"rendered":"Eintracht II \u00fcberspringt H\u00fcrde Eddersheim"},"content":{"rendered":"<h4>Die U21 von Eintracht Frankfurt hatte am Freitagabend die schwierige Ausw\u00e4rtsh\u00fcrde beim FC Eddersheim \u00fcbersprungen und durch den 2:0 (1:0)-Sieg an der Tabellenspitze der Hessenliga drei Punkte Vorsprung gegen\u00fcber dem FC Gie\u00dfen vorgelegt. Der Regionalliga-Absteiger zog am Samstag mit dem klaren 6:1 (3:0)-Sieg gegen den SV Neuhof gleich.\u00a0<\/h4>\n<figure id=\"attachment_4158\" aria-describedby=\"caption-attachment-4158\" style=\"width: 2048px\" class=\"wp-caption alignnone\"><img loading=\"lazy\" decoding=\"async\" class=\"wp-image-4158 size-full\" src=\"http:\/\/insideamateurfussball-ffm.de\/wp-content\/uploads\/2022\/12\/FCE-SGEII.jpg\" alt=\"\" width=\"2048\" height=\"1536\" srcset=\"https:\/\/insideamateurfussball-ffm.de\/wp-content\/uploads\/2022\/12\/FCE-SGEII.jpg 2048w, https:\/\/insideamateurfussball-ffm.de\/wp-content\/uploads\/2022\/12\/FCE-SGEII-300x225.jpg 300w, https:\/\/insideamateurfussball-ffm.de\/wp-content\/uploads\/2022\/12\/FCE-SGEII-1024x768.jpg 1024w, https:\/\/insideamateurfussball-ffm.de\/wp-content\/uploads\/2022\/12\/FCE-SGEII-768x576.jpg 768w, https:\/\/insideamateurfussball-ffm.de\/wp-content\/uploads\/2022\/12\/FCE-SGEII-1536x1152.jpg 1536w\" sizes=\"auto, (max-width: 2048px) 100vw, 2048px\" \/><figcaption id=\"caption-attachment-4158\" class=\"wp-caption-text\"><\/strong> <strong>Einlaufen an der Staustufe vor 800 Zuschauern. Foto: PA.<\/strong><\/figcaption><\/figure>\n<h4>FC Eddersheim &#8211; Eintracht Frankfurt II 0:2 (0:1)<\/h4>\n<p><img loading=\"lazy\" decoding=\"async\" class=\"alignnone size-full wp-image-1485\" src=\"http:\/\/insideamateurfussball-ffm.de\/wp-content\/uploads\/2022\/07\/Eddersh.jpg\" alt=\"\" width=\"71\" height=\"80\" \/><img loading=\"lazy\" decoding=\"async\" class=\"alignnone size-full wp-image-836\" src=\"http:\/\/insideamateurfussball-ffm.de\/wp-content\/uploads\/2022\/06\/SGE.jpg\" alt=\"\" width=\"79\" height=\"80\" \/><\/p>\n<p><span style=\"color: #000080;\">Bei eiskalten Temperaturen an der Staustufe und auf einem sehr tiefen Rasenplatz war die Eintracht gewarnt vor der defensiven Stabilit\u00e4t, die vom Main-Taunus-Club im Laufe dieser Runde an den Tag gelegt worden war. In den letzten neun Partien gab es nur sechs Gegentreffer, noch beeindruckender ist die \u201eZu null\u201c-Statistik des FC Eddersheim. In acht von elf Heimspielen gab es bis dato \u00fcberhaupt keinen Gegentreffer, z\u00e4hlt man den 1:0-Sieg bei Eintracht Stadtallendorf mit, kommt man auf neun Spiele ohne Gegentor.<\/span><\/p>\n<p><span style=\"color: #000080;\">Die \u201eZweite\u201c der SGE wollte diese ungew\u00f6hnliche Bilanz der Hausherren mit dem besten Sturm der Liga (63) nat\u00fcrlich beflecken, kam aber zun\u00e4chst vor rund 800 Zuschauern mit dem Gel\u00e4uf nicht zurecht. \u201eWir mussten heute die Gegebenheiten einfach annehmen, das war ganz wichtig, denn es war nicht einfach auf dem Platz\u201c, erkl\u00e4rte Eintracht-Trainer Kristjan Glibo. \u201eWir haben die Umschaltmomente nicht gut ausgespielt und viele M\u00f6glichkeiten liegen lassen. Ich bin aber zufrieden, denn es war wichtig, dass wir den Dreier holen, egal wie. In der Abwehr standen wir sehr gut und haben die Null gehalten. Dazu konnten wir in den entscheidenden Momenten zuschlagen\u201c, f\u00fcgte Glibo hinzu. In der ereignisarmen Partie hatten aber auch die Eddersheimer diverse Umschaltsituationen, die auch sie jedoch nicht gut umsetzten.<\/span><\/p>\n<blockquote>\n<h4>&#8222;Ich habe Eintracht Frankfurts U21 nicht \u00fcberzeugend gesehen&#8220; (Eddersheim-Trainer Christian L\u00fcllig)<\/h4>\n<\/blockquote>\n<p><span style=\"color: #000080;\">Zeitweise war zu sehen, warum die Mannschaft in jetzt 21 Partien nur 26 Treffer erzielt hat. Eddersheims Trainer Christian L\u00fcllig befand, dass \u201edie Rahmenbedingungen so waren, dass der Tabellenf\u00fchrer zu schlagen war. Ich habe Eintracht Frankfurts U21 nicht \u00fcberzeugend gesehen, deswegen war f\u00fcr uns heute etwas drin. Tats\u00e4chlich hatten wir in der ersten Halbzeit einige Umschaltmomente, wenn wir aber im letzten Drittel waren, haben wir es nicht geschafft, den Ball in die Box zu bringen. Da war die Eintracht klarer und abgekl\u00e4rter.\u201c So wie kurz vor der Pause, als der diesmal von Beginn an spielende afghanische Nationalspieler Zubayr Amiri eine Hereingabe von der linken Seite einschoss, die Gastgeber konnten die Situation nicht kl\u00e4ren (42.). Oder nach dem Seitenwechsel, als nach einem Eckball Innenverteidiger Ben-Luca Fisher unbehelligt zum zweiten Treffer einschieben konnte (65.).<\/span><\/p>\n<p><span style=\"color: #000080;\">Eddersheim versuchte durch zwei Doppelwechsel noch einmal Kr\u00e4fte zu mobilisieren, mehr als ein gef\u00e4hrlicher Kopfball von Abwehrmann Mathias Hille (78.), den Eintracht-Tormann Matteo Bignetti abfing, sprang f\u00fcr den Tabellenelften aber nicht heraus. Farid Affo und Luftrim Kodraliu drangen noch in den Strafraum ein, aber es kam nichts Z\u00e4hlbares heraus. \u201eDie erste Halbzeit hatten wir kaum zwingende Aktionen, nach der Pause waren zweimal in der Box. Das sind dann die Nuancen, die Eintracht setzt mit ihrer individuellen Klasse die zwei Tore und spielt es routiniert runter. Jetzt gilt es, die 30-Punkte-Marke bei Viktoria Griesheim zu nehmen, das wird n\u00e4chsten Freitag ein ganz wichtiges Spiel.\u201c\u00a0\u00a0<\/span><\/p>\n<h4>FC Eddersheim: Zeaiter; Dechert, Hille, Lang, Finger &#8211; L\u00fcders (83. Kodraliu), Kummer (83. Schur) &#8211; Scholl (65. Rottenau), Demirbas (65. Kohlbacher), Affo &#8211; Pandza.<\/h4>\n<h4>Eintracht Frankfurt U21: Bignetti; Otto, Gebuhr, Fisher, Schr\u00f6der &#8211; Ghotra (59. Wachs), Dejanovic &#8211; Amiri (63. Bobson), Loune (83. Sejdovic), Brauburger (90.+1 Sch\u00e4fer) &#8211; Ferri.\u00a0<\/h4>\n<h4>\u00a0<\/h4>\n<h4>Schiedsrichter: Nicklas Rau (FC Kaichen). Zuschauer: 800.\u00a0<\/h4>\n<h4>Tore: 0:1 Zubayr Amiri (42.), 0:2 Ben-Luca Fisher (65.).<\/h4>\n<p>\u00a0<\/p>\n\n\n<figure class=\"wp-block-gallery has-nested-images columns-default is-cropped wp-block-gallery-1 is-layout-flex wp-block-gallery-is-layout-flex\">\n<figure class=\"wp-block-image size-large is-style-rounded\"><img loading=\"lazy\" decoding=\"async\" width=\"1024\" height=\"768\" data-id=\"4159\" src=\"http:\/\/insideamateurfussball-ffm.de\/wp-content\/uploads\/2022\/12\/fce1-1024x768.jpg\" alt=\"\" class=\"wp-image-4159\" srcset=\"https:\/\/insideamateurfussball-ffm.de\/wp-content\/uploads\/2022\/12\/fce1-1024x768.jpg 1024w, https:\/\/insideamateurfussball-ffm.de\/wp-content\/uploads\/2022\/12\/fce1-300x225.jpg 300w, https:\/\/insideamateurfussball-ffm.de\/wp-content\/uploads\/2022\/12\/fce1-768x576.jpg 768w, https:\/\/insideamateurfussball-ffm.de\/wp-content\/uploads\/2022\/12\/fce1-1536x1152.jpg 1536w, https:\/\/insideamateurfussball-ffm.de\/wp-content\/uploads\/2022\/12\/fce1.jpg 2048w\" sizes=\"auto, (max-width: 1024px) 100vw, 1024px\" \/><\/figure>\n<\/figure>\n\n\n\n<figure class=\"wp-block-image size-large is-style-rounded\"><img loading=\"lazy\" decoding=\"async\" width=\"1024\" height=\"768\" src=\"http:\/\/insideamateurfussball-ffm.de\/wp-content\/uploads\/2022\/12\/fce2-1024x768.jpg\" alt=\"\" class=\"wp-image-4160\" srcset=\"https:\/\/insideamateurfussball-ffm.de\/wp-content\/uploads\/2022\/12\/fce2-1024x768.jpg 1024w, https:\/\/insideamateurfussball-ffm.de\/wp-content\/uploads\/2022\/12\/fce2-300x225.jpg 300w, https:\/\/insideamateurfussball-ffm.de\/wp-content\/uploads\/2022\/12\/fce2-768x576.jpg 768w, https:\/\/insideamateurfussball-ffm.de\/wp-content\/uploads\/2022\/12\/fce2-1536x1152.jpg 1536w, https:\/\/insideamateurfussball-ffm.de\/wp-content\/uploads\/2022\/12\/fce2.jpg 2048w\" sizes=\"auto, (max-width: 1024px) 100vw, 1024px\" \/><\/figure>\n\n\n\n<figure class=\"wp-block-image size-large is-style-rounded\"><img loading=\"lazy\" decoding=\"async\" width=\"1024\" height=\"768\" src=\"http:\/\/insideamateurfussball-ffm.de\/wp-content\/uploads\/2022\/12\/fce3-1024x768.jpg\" alt=\"\" class=\"wp-image-4161\" srcset=\"https:\/\/insideamateurfussball-ffm.de\/wp-content\/uploads\/2022\/12\/fce3-1024x768.jpg 1024w, https:\/\/insideamateurfussball-ffm.de\/wp-content\/uploads\/2022\/12\/fce3-300x225.jpg 300w, https:\/\/insideamateurfussball-ffm.de\/wp-content\/uploads\/2022\/12\/fce3-768x576.jpg 768w, https:\/\/insideamateurfussball-ffm.de\/wp-content\/uploads\/2022\/12\/fce3-1536x1152.jpg 1536w, https:\/\/insideamateurfussball-ffm.de\/wp-content\/uploads\/2022\/12\/fce3.jpg 2048w\" sizes=\"auto, (max-width: 1024px) 100vw, 1024px\" \/><\/figure>\n\n\n\n<figure class=\"wp-block-image size-large is-style-rounded\"><img loading=\"lazy\" decoding=\"async\" width=\"1024\" height=\"768\" src=\"http:\/\/insideamateurfussball-ffm.de\/wp-content\/uploads\/2022\/12\/fce4-1024x768.jpg\" alt=\"\" class=\"wp-image-4162\" srcset=\"https:\/\/insideamateurfussball-ffm.de\/wp-content\/uploads\/2022\/12\/fce4-1024x768.jpg 1024w, https:\/\/insideamateurfussball-ffm.de\/wp-content\/uploads\/2022\/12\/fce4-300x225.jpg 300w, https:\/\/insideamateurfussball-ffm.de\/wp-content\/uploads\/2022\/12\/fce4-768x576.jpg 768w, https:\/\/insideamateurfussball-ffm.de\/wp-content\/uploads\/2022\/12\/fce4-1536x1152.jpg 1536w, https:\/\/insideamateurfussball-ffm.de\/wp-content\/uploads\/2022\/12\/fce4.jpg 2048w\" sizes=\"auto, (max-width: 1024px) 100vw, 1024px\" \/><\/figure>\n","protected":false},"excerpt":{"rendered":"<p>Die U21 von Eintracht Frankfurt hatte am Freitagabend die schwierige Ausw\u00e4rtsh\u00fcrde beim FC Eddersheim \u00fcbersprungen und durch den 2:0 (1:0)-Sieg an der Tabellenspitze der Hessenliga drei Punkte Vorsprung gegen\u00fcber dem FC Gie\u00dfen vorgelegt. Der Regionalliga-Absteiger zog am Samstag mit dem klaren 6:1 (3:0)-Sieg gegen den SV Neuhof gleich.\u00a0 FC Eddersheim &#8211; Eintracht Frankfurt II 0:2 [&hellip;]<\/p>\n","protected":false},"author":1,"featured_media":4158,"comment_status":"open","ping_status":"open","sticky":false,"template":"","format":"standard","meta":{"footnotes":""},"categories":[8],"tags":[],"class_list":["post-4157","post","type-post","status-publish","format-standard","has-post-thumbnail","hentry","category-hessenliga"],"_links":{"self":[{"href":"https:\/\/insideamateurfussball-ffm.de\/index.php?rest_route=\/wp\/v2\/posts\/4157","targetHints":{"allow":["GET"]}}],"collection":[{"href":"https:\/\/insideamateurfussball-ffm.de\/index.php?rest_route=\/wp\/v2\/posts"}],"about":[{"href":"https:\/\/insideamateurfussball-ffm.de\/index.php?rest_route=\/wp\/v2\/types\/post"}],"author":[{"embeddable":true,"href":"https:\/\/insideamateurfussball-ffm.de\/index.php?rest_route=\/wp\/v2\/users\/1"}],"replies":[{"embeddable":true,"href":"https:\/\/insideamateurfussball-ffm.de\/index.php?rest_route=%2Fwp%2Fv2%2Fcomments&post=4157"}],"version-history":[{"count":1,"href":"https:\/\/insideamateurfussball-ffm.de\/index.php?rest_route=\/wp\/v2\/posts\/4157\/revisions"}],"predecessor-version":[{"id":4163,"href":"https:\/\/insideamateurfussball-ffm.de\/index.php?rest_route=\/wp\/v2\/posts\/4157\/revisions\/4163"}],"wp:featuredmedia":[{"embeddable":true,"href":"https:\/\/insideamateurfussball-ffm.de\/index.php?rest_route=\/wp\/v2\/media\/4158"}],"wp:attachment":[{"href":"https:\/\/insideamateurfussball-ffm.de\/index.php?rest_route=%2Fwp%2Fv2%2Fmedia&parent=4157"}],"wp:term":[{"taxonomy":"category","embeddable":true,"href":"https:\/\/insideamateurfussball-ffm.de\/index.php?rest_route=%2Fwp%2Fv2%2Fcategories&post=4157"},{"taxonomy":"post_tag","embeddable":true,"href":"https:\/\/insideamateurfussball-ffm.de\/index.php?rest_route=%2Fwp%2Fv2%2Ftags&post=4157"}],"curies":[{"name":"wp","href":"https:\/\/api.w.org\/{rel}","templated":true}]}}